{"id":109534,"date":"2020-04-16T23:32:00","date_gmt":"2020-04-17T02:32:00","guid":{"rendered":"http:\/\/www.hoymercedes.com.ar\/principal\/?p=109534"},"modified":"2020-04-17T14:44:41","modified_gmt":"2020-04-17T17:44:41","slug":"chivilcoy-la-internan-por-sospechas-de-coronavirus-muere-y-detienen-a-su-pareja-por-violencia","status":"publish","type":"post","link":"https:\/\/www.hoymercedes.com.ar\/principal\/2020\/04\/16\/chivilcoy-la-internan-por-sospechas-de-coronavirus-muere-y-detienen-a-su-pareja-por-violencia\/","title":{"rendered":"Chivilcoy: la internan por sospechas de coronavirus, muere y detienen a su pareja por violencia"},"content":{"rendered":"\n<p>Una joven de 25 a\u00f1os de edad falleci\u00f3 d\u00edas atr\u00e1s en el Hospital Municipal de Chivilcoy por grave estado de desnutrici\u00f3n y un cuadro neumon\u00eda. Ingres\u00f3 con s\u00edntomas de coronavirus, lo que finalmente fue descartado. Su pareja qued\u00f3 detenido como acusado de haberla lesionado a golpes. Se habr\u00eda radicado una denuncia en la Comisar\u00eda de la Mujer y la Familia por violencia familiar.<\/p>\n\n\n\n<figure class=\"wp-block-image size-large\"><img loading=\"lazy\" decoding=\"async\" width=\"800\" height=\"449\" data-attachment-id=\"109548\" data-permalink=\"https:\/\/www.hoymercedes.com.ar\/principal\/2020\/04\/16\/chivilcoy-la-internan-por-sospechas-de-coronavirus-muere-y-detienen-a-su-pareja-por-violencia\/f800x450-69666_121112_15\/#main\" data-orig-file=\"https:\/\/www.hoymercedes.com.ar\/principal\/wp-content\/uploads\/2020\/04\/f800x450-69666_121112_15.jpg\" data-orig-size=\"800,449\" data-comments-opened=\"0\" data-image-meta=\"{&quot;aperture&quot;:&quot;0&quot;,&quot;credit&quot;:&quot;&quot;,&quot;camera&quot;:&quot;&quot;,&quot;caption&quot;:&quot;&quot;,&quot;created_timestamp&quot;:&quot;0&quot;,&quot;copyright&quot;:&quot;&quot;,&quot;focal_length&quot;:&quot;0&quot;,&quot;iso&quot;:&quot;0&quot;,&quot;shutter_speed&quot;:&quot;0&quot;,&quot;title&quot;:&quot;&quot;,&quot;orientation&quot;:&quot;0&quot;}\" data-image-title=\"f800x450-69666_121112_15\" data-image-description=\"\" data-image-caption=\"\" data-large-file=\"https:\/\/www.hoymercedes.com.ar\/principal\/wp-content\/uploads\/2020\/04\/f800x450-69666_121112_15.jpg\" src=\"https:\/\/www.hoymercedes.com.ar\/principal\/wp-content\/uploads\/2020\/04\/f800x450-69666_121112_15.jpg\" alt=\"\" class=\"wp-image-109548\"\/><\/figure>\n\n\n\n<p>La pareja de Soledad Carioli Lespade, que falleci\u00f3 d\u00edas atr\u00e1s en el Hospital Municipal de Chivilcoy, fue detenida el martes a la noche tras un allanamiento que se concret\u00f3 en la vivienda ubicada en Paso y 92, a ra\u00edz de una investigaci\u00f3n que se inici\u00f3 tras el fallecimiento de la joven.<\/p>\n\n\n\n<p>El Comisario Inspector, Joselino B\u00e1ez, Jefe de la Polic\u00eda Comunal de Chivilcoy, detall\u00f3 que la Comisaria de la Mujer y la Familia de Chivilcoy, instruye actuaciones judiciales caratuladas \u201cAveriguaciones causales de muerte\u201d con intervenci\u00f3n de la Unidad Funcional de Instrucci\u00f3n N\u00ba 3, a cargo del Dr. Pedro Illanes del Departamento Judicial de Mercedes.<\/p>\n\n\n\n<p>De acuerdo a la informaci\u00f3n brindada por los medios de Chivilcoy, las actuaciones se iniciaron producto de la denuncia que radicara el director del hospital local, Dr. Jos\u00e9 Luis Neme, quien aport\u00f3 constancia de los estudios m\u00e9dicos que le fueran practicados, el 8 de abril. Al d\u00eda siguiente, la joven fallece, producto de una neumon\u00eda grave en pulm\u00f3n izquierdo. <\/p>\n\n\n\n<p>\u201cAcorde al protocolo para el COVID-19, se realiz\u00f3 el hisopado, el cual arroj\u00f3 negativo, determin\u00e1ndose mediante los estudios realizados durante su internaci\u00f3n, que pose\u00eda fractura de maxilar, costales y edema encef\u00e1lico\u201d, informaron en Chivilcoy<em>.<\/em> El cad\u00e1ver de la joven fue cremado sin que antes se realizara una autopsia, por lo tanto, las pesquisas no pudieron establecer si la v\u00edctima muri\u00f3 por los golpes y fracturas sufridas en distintas partes del cuerpo o si falleci\u00f3 por cuestiones de salud vinculadas a su cuadro gripal.<\/p>\n\n\n\n<p>\u00abLamentablemente como no se pudo hacer la autopsia no podemos establecer si efectivamente los golpes que recibi\u00f3 le causaron la muerte o si en realidad su cuadro de salud se agrav\u00f3 por condiciones preexistentes, como un cuadro de desnutrici\u00f3n que padec\u00eda\u00bb, precis\u00f3 un vocero encargado de la pesquisa.<\/p>\n\n\n\n<p>Asimismo, fuentes judiciales informaron que la pareja de la fallecida, fue imputada de \u00ablesiones graves calificadas por el v\u00ednculo y violencia de g\u00e9nero\u00bb. El hombre, llamado Flavio Emiliano P\u00e9rez (35), fue aprehendido el martes por la noche y declar\u00f3 esta tarde ante el fiscal de la causa Pedro Illanes, a quien le dijo que su novia se hab\u00eda ca\u00eddo de una \u00abmoto\u00bb semanas atr\u00e1s y que de esa manera sufri\u00f3 los golpes.<\/p>\n\n\n\n<p>Seg\u00fan las fuentes, los investigadores establecieron que esa versi\u00f3n no ten\u00eda verosimilitud con los traumatismos que hab\u00eda sufrido la joven y, adem\u00e1s, algunos testigos brindaron datos que no fueron compatibles con esa hip\u00f3tesis que el imputado dio ante la justicia.<\/p>\n\n\n\n<p>Adem\u00e1s, P\u00e9rez ya hab\u00eda sido denunciado por violencia de g\u00e9nero en una causa que tramit\u00f3 en C\u00f3rdoba.<\/p>\n\n\n\n<p>Con todos estos elementos, el fiscal Illanes pidi\u00f3 la conversi\u00f3n de la aprehensi\u00f3n en detenci\u00f3n que deber\u00e1 resolver el juez de Garant\u00edas 1 de Mercedes, Marcelo Romero.<\/p>\n\n\n\n<p>A partir de esta denuncia, ayer, el fiscal Illanes, de la Unidad Funcional de Instrucci\u00f3n y Juicio (UFIJ) 3 de Mercedes, dispuso un allanamiento al domicilio en el que Soledad conviv\u00eda con P\u00e9rez, con quien ten\u00eda dos hijas, y la aprehensi\u00f3n del hombre.<\/p>\n\n\n\n<p>Fuentes: Telam y La Raz\u00f3n de Chivilcoy<\/p>\n","protected":false},"excerpt":{"rendered":"<p>Una joven de 25 a\u00f1os de edad falleci\u00f3 d\u00edas atr\u00e1s en el Hospital Municipal de Chivilcoy por grave estado de &#8230; <a title=\"Chivilcoy: la internan por sospechas de coronavirus, muere y detienen a su pareja por violencia\" class=\"read-more\" href=\"https:\/\/www.hoymercedes.com.ar\/principal\/2020\/04\/16\/chivilcoy-la-internan-por-sospechas-de-coronavirus-muere-y-detienen-a-su-pareja-por-violencia\/\" aria-label=\"Leer m\u00e1s sobre Chivilcoy: la internan por sospechas de coronavirus, muere y detienen a su pareja por violencia\">Leer m\u00e1s<\/a><\/p>\n","protected":false},"author":1,"featured_media":109548,"comment_status":"closed","ping_status":"open","sticky":false,"template":"","format":"standard","meta":{"_monsterinsights_skip_tracking":false,"_monsterinsights_sitenote_active":false,"_monsterinsights_sitenote_note":"","_monsterinsights_sitenote_category":0,"jetpack_post_was_ever_published":false,"_jetpack_newsletter_access":"","_jetpack_dont_email_post_to_subs":false,"_jetpack_newsletter_tier_id":0,"_jetpack_memberships_contains_paywalled_content":false,"_jetpack_memberships_contains_paid_content":false,"footnotes":"","jetpack_publicize_message":"","jetpack_publicize_feature_enabled":true,"jetpack_social_post_already_shared":true,"jetpack_social_options":{"image_generator_settings":{"template":"highway","default_image_id":0,"font":"","enabled":false},"version":2},"_wpas_customize_per_network":false},"categories":[85],"tags":[62,10435,96,1475],"class_list":["post-109534","post","type-post","status-publish","format-standard","has-post-thumbnail","hentry","category-policial","tag-chivilcoy","tag-femicidio","tag-policial-2","tag-violencia-de-genero","generate-columns","tablet-grid-50","mobile-grid-100","grid-parent","grid-50"],"jetpack_publicize_connections":[],"jetpack_featured_media_url":"https:\/\/www.hoymercedes.com.ar\/principal\/wp-content\/uploads\/2020\/04\/f800x450-69666_121112_15.jpg","wps_subtitle":"Sospechas de violencia de g\u00e9nero","jetpack_sharing_enabled":true,"_links":{"self":[{"href":"https:\/\/www.hoymercedes.com.ar\/principal\/wp-json\/wp\/v2\/posts\/109534","targetHints":{"allow":["GET"]}}],"collection":[{"href":"https:\/\/www.hoymercedes.com.ar\/principal\/wp-json\/wp\/v2\/posts"}],"about":[{"href":"https:\/\/www.hoymercedes.com.ar\/principal\/wp-json\/wp\/v2\/types\/post"}],"author":[{"embeddable":true,"href":"https:\/\/www.hoymercedes.com.ar\/principal\/wp-json\/wp\/v2\/users\/1"}],"replies":[{"embeddable":true,"href":"https:\/\/www.hoymercedes.com.ar\/principal\/wp-json\/wp\/v2\/comments?post=109534"}],"version-history":[{"count":0,"href":"https:\/\/www.hoymercedes.com.ar\/principal\/wp-json\/wp\/v2\/posts\/109534\/revisions"}],"wp:featuredmedia":[{"embeddable":true,"href":"https:\/\/www.hoymercedes.com.ar\/principal\/wp-json\/wp\/v2\/media\/109548"}],"wp:attachment":[{"href":"https:\/\/www.hoymercedes.com.ar\/principal\/wp-json\/wp\/v2\/media?parent=109534"}],"wp:term":[{"taxonomy":"category","embeddable":true,"href":"https:\/\/www.hoymercedes.com.ar\/principal\/wp-json\/wp\/v2\/categories?post=109534"},{"taxonomy":"post_tag","embeddable":true,"href":"https:\/\/www.hoymercedes.com.ar\/principal\/wp-json\/wp\/v2\/tags?post=109534"}],"curies":[{"name":"wp","href":"https:\/\/api.w.org\/{rel}","templated":true}]}}