{"id":109551,"date":"2020-04-17T01:30:00","date_gmt":"2020-04-17T04:30:00","guid":{"rendered":"http:\/\/www.hoymercedes.com.ar\/principal\/?p=109551"},"modified":"2020-04-17T14:44:24","modified_gmt":"2020-04-17T17:44:24","slug":"coronavirus-confirmean-nuevo-caso-positivo-en-lujan","status":"publish","type":"post","link":"https:\/\/www.hoymercedes.com.ar\/principal\/2020\/04\/17\/coronavirus-confirmean-nuevo-caso-positivo-en-lujan\/","title":{"rendered":"Coronavirus: confirman nuevo caso positivo en Luj\u00e1n"},"content":{"rendered":"\n<p><em>Se trata de un hombre de 40 a\u00f1os con antecedente de contacto estrecho, que hab\u00eda sido internado en un efector de salud privado de Luj\u00e1n. Adem\u00e1s, se configuraron cinco nuevos casos sospechosos, mientras que siete pacientes que estaban en estudio dieron negativo<\/em>.<\/p>\n\n\n\n<p>La Secretar\u00eda de Salud de la Municipalidad de Luj\u00e1n inform\u00f3 que este jueves dio positivo un nuevo caso de Coronavirus en dicha localidad. Se trata de un hombre de 40 a\u00f1os, con antecedente de contacto estrecho, que hab\u00eda sido internado en un efector de salud privado de Luj\u00e1n.<\/p>\n\n\n\n<p>A su vez, se configuraron cinco nuevos casos sospechosos de coronavirus en la ciudad. Por un lado, un beb\u00e9 de 5 meses que est\u00e1 internado en el Hospital Nuestra Se\u00f1ora de Luj\u00e1n. En tanto, otras cuatro personas est\u00e1n aisladas sanatarios privados del distrito: dos mujeres de 44 y 52 a\u00f1os y dos hombres de 56 y 64 a\u00f1os.<\/p>\n\n\n\n<p>\u201cLos cinco nuevos casos sospechosos son asistidos seg\u00fan el protocolo de COVID-19 y, tal como indica el mismo, se les realizaron los estudios m\u00e9dicos pertinentes en coordinaci\u00f3n con la Regi\u00f3n Sanitaria 7\u201d, se\u00f1alaron desde la cartera de Salud.<\/p>\n\n\n\n<p>En tanto, este jueves tambi\u00e9n se descartaron siete casos sospechosos de coronavirus. Por un lado, un ni\u00f1o de 12 a\u00f1os y un hombre de 60 que estaban internados en el Hospital. Y por otro, dos menores de 9 a\u00f1os, uno de 14, una mujer de 35 y un hombre de 37.<\/p>\n\n\n\n<p>Hasta el momento, el Partido de Luj\u00e1n registra 6 casos positivos y 2 casos positivos fallecidos, 49 casos descartados, 6 casos sospechosos y 1 caso proveniente de otro municipio fallecido por coronavirus.<\/p>\n\n\n\n<p>En ese contexto, de los ocho casos positivos, dos fallecieron, tres se encuentran internados y los tres restantes fueron dados de alta.<\/p>\n\n\n\n<p>Fuente: Luj\u00e1n Hoy<\/p>\n","protected":false},"excerpt":{"rendered":"<p>Se trata de un hombre de 40 a\u00f1os con antecedente de contacto estrecho, que hab\u00eda sido internado en un efector &#8230; <a title=\"Coronavirus: confirman nuevo caso positivo en Luj\u00e1n\" class=\"read-more\" href=\"https:\/\/www.hoymercedes.com.ar\/principal\/2020\/04\/17\/coronavirus-confirmean-nuevo-caso-positivo-en-lujan\/\" aria-label=\"Leer m\u00e1s sobre Coronavirus: confirman nuevo caso positivo en Luj\u00e1n\">Leer m\u00e1s<\/a><\/p>\n","protected":false},"author":1,"featured_media":109552,"comment_status":"closed","ping_status":"open","sticky":false,"template":"","format":"standard","meta":{"_monsterinsights_skip_tracking":false,"_monsterinsights_sitenote_active":false,"_monsterinsights_sitenote_note":"","_monsterinsights_sitenote_category":0,"jetpack_post_was_ever_published":false,"_jetpack_newsletter_access":"","_jetpack_dont_email_post_to_subs":false,"_jetpack_newsletter_tier_id":0,"_jetpack_memberships_contains_paywalled_content":false,"_jetpack_memberships_contains_paid_content":false,"footnotes":"","jetpack_publicize_message":"","jetpack_publicize_feature_enabled":true,"jetpack_social_post_already_shared":true,"jetpack_social_options":{"image_generator_settings":{"template":"highway","default_image_id":0,"font":"","enabled":false},"version":2},"_wpas_customize_per_network":false},"categories":[201],"tags":[16501,16175,16313,86],"class_list":["post-109551","post","type-post","status-publish","format-standard","has-post-thumbnail","hentry","category-lujan-2","tag-caso-postivio","tag-coronavirus","tag-covid-19","tag-lujan","generate-columns","tablet-grid-50","mobile-grid-100","grid-parent","grid-50"],"jetpack_publicize_connections":[],"jetpack_featured_media_url":"https:\/\/www.hoymercedes.com.ar\/principal\/wp-content\/uploads\/2020\/04\/17-coronavirus.jpg","wps_subtitle":"Informacion regional","jetpack_sharing_enabled":true,"_links":{"self":[{"href":"https:\/\/www.hoymercedes.com.ar\/principal\/wp-json\/wp\/v2\/posts\/109551","targetHints":{"allow":["GET"]}}],"collection":[{"href":"https:\/\/www.hoymercedes.com.ar\/principal\/wp-json\/wp\/v2\/posts"}],"about":[{"href":"https:\/\/www.hoymercedes.com.ar\/principal\/wp-json\/wp\/v2\/types\/post"}],"author":[{"embeddable":true,"href":"https:\/\/www.hoymercedes.com.ar\/principal\/wp-json\/wp\/v2\/users\/1"}],"replies":[{"embeddable":true,"href":"https:\/\/www.hoymercedes.com.ar\/principal\/wp-json\/wp\/v2\/comments?post=109551"}],"version-history":[{"count":0,"href":"https:\/\/www.hoymercedes.com.ar\/principal\/wp-json\/wp\/v2\/posts\/109551\/revisions"}],"wp:featuredmedia":[{"embeddable":true,"href":"https:\/\/www.hoymercedes.com.ar\/principal\/wp-json\/wp\/v2\/media\/109552"}],"wp:attachment":[{"href":"https:\/\/www.hoymercedes.com.ar\/principal\/wp-json\/wp\/v2\/media?parent=109551"}],"wp:term":[{"taxonomy":"category","embeddable":true,"href":"https:\/\/www.hoymercedes.com.ar\/principal\/wp-json\/wp\/v2\/categories?post=109551"},{"taxonomy":"post_tag","embeddable":true,"href":"https:\/\/www.hoymercedes.com.ar\/principal\/wp-json\/wp\/v2\/tags?post=109551"}],"curies":[{"name":"wp","href":"https:\/\/api.w.org\/{rel}","templated":true}]}}