{"id":109556,"date":"2020-04-16T22:00:00","date_gmt":"2020-04-17T01:00:00","guid":{"rendered":"http:\/\/www.hoymercedes.com.ar\/principal\/?p=109556"},"modified":"2020-04-17T14:47:37","modified_gmt":"2020-04-17T17:47:37","slug":"coronavirus-sin-casos-sospechosos-en-mercedes","status":"publish","type":"post","link":"https:\/\/www.hoymercedes.com.ar\/principal\/2020\/04\/16\/coronavirus-sin-casos-sospechosos-en-mercedes\/","title":{"rendered":"Coronavirus: sin casos sospechosos en Mercedes"},"content":{"rendered":"\n<p>En el informe diario que proporciona el Municipio se inform\u00f3 que no existen por estas horas casos sospechosos de Covid-19 ya que durante este jueves se recibieron los resultados negativos de los pacientes del Hospital y de la Cl\u00ednica Nueva Cruz Azul. En tanto, en el pa\u00eds se confirmaron 98 nuevos casos hoy y 122 son las personas fallecidas en total.<\/p>\n\n\n\n<p>En Mercedes el informe nocturno explicit\u00f3:<\/p>\n\n\n\n<p>&#8211; 6 vecinos y vecinas en seguimiento por la secretar\u00eda de salud tras viaje al exterior.&nbsp;<\/p>\n\n\n\n<p>&#8211; 280 altas de vecinos y vecinas en seguimiento que pasan a aislamiento general.<\/p>\n\n\n\n<p>&#8211; 8 causas iniciadas en el d\u00eda a vecinos y vecinas por violar el aislamiento sin motivo. En el d\u00eda, adem\u00e1s, hubo secuestros de veh\u00edculos.&nbsp;<\/p>\n\n\n\n<p>&#8211; 248 causas iniciadas desde inicio de cuarentena a vecinas y vecinos por haber violado el aislamiento sin motivos.\u00a0<\/p>\n\n\n\n<p><em>REPORTE DIARIO VESPERTINO NRO 66 | SITUACI\u00d3N DE COVID-19 EN ARGENTINA<\/em><\/p>\n\n\n\n<p>\ud83d\udcccHoy fueron confirmados <em>98 nuevos casos<\/em> de COVID-19. Con estos registros, <em>suman 2.669 positivos en el pa\u00eds<\/em>.<\/p>\n\n\n\n<p>\ud83d\udcccDel total de esos casos, 845 (31,8%) son importados,  951 (35,8%) son contactos estrechos de casos confirmados, 448 (16,8%) son casos de circulaci\u00f3n comunitaria y el resto se encuentra en investigaci\u00f3n epidemiol\u00f3gica.<\/p>\n\n\n\n<p>\ud83d\udcccSe registraron 7 nuevas muertes. Todos hombres; tres de ellos, de 54, 79 y 92 a\u00f1os, residentes en la Provincia de Buenos Aires, uno de 85 a\u00f1os residente en la provincia de Mendoza; otros dos, de 86 y 95 a\u00f1os residentes en la Ciudad de Buenos Aires (CABA) y otro de 69 a\u00f1os, residente en la provincia de Chaco. Al momento la cantidad de personas fallecidas es 122.<\/p>\n\n\n\n<p>\ud83d\udccc<em>Detalle por provincia (N\u00ba de confirmados | N\u00ba de acumulados)<strong>:\nBuenos Aires 30 | 759\nCiudad de Buenos Aires 15 | 663\nCatamarca 0 | 0\nChaco 11 | 202\nChubut 1 | 2\nC\u00f3rdoba 13 | 241\nCorrientes 0 | 31\nEntre R\u00edos 1 | 22\nFormosa 0 | 0\nJujuy 0 | 5\nLa Pampa 0 | 5\nLa Rioja 3 | 34\nMendoza 5 | 68\nMisiones 0 | 3\nNeuqu\u00e9n 1 | 92\nR\u00edo Negro 9 | 115\nSalta -1<\/strong> | 3\nSan Juan 0 | 2\nSan Luis 0 | 11\nSanta Cruz 0 | 40\nSanta Fe 3 | 212\nSantiago del Estero 0 | 12\nTierra del Fuego 7 | 117<\/em>**<br>\nTucum\u00e1n 0 | 30<\/p>\n\n\n\n<p>*Aquellos casos confirmados que no est\u00e1n notificados por residencia, fueron contabilizados por provincia de carga.<\/p>\n\n\n\n<p>**Corresponde a un caso que fue reclasificado.<\/p>\n\n\n\n<p>***Se incluyen 11 casos existentes en las Islas Malvinas seg\u00fan informaci\u00f3n de prensa (debido a la ocupaci\u00f3n ilegal del Reino Unido, Gran Breta\u00f1a e Irlanda del Norte no es posible contar con informaci\u00f3n propia sobre el impacto del COVID-19 en esa parte del territorio argentino).<\/p>\n","protected":false},"excerpt":{"rendered":"<p>En el informe diario que proporciona el Municipio se inform\u00f3 que no existen por estas horas casos sospechosos de Covid-19 &#8230; <a title=\"Coronavirus: sin casos sospechosos en Mercedes\" class=\"read-more\" href=\"https:\/\/www.hoymercedes.com.ar\/principal\/2020\/04\/16\/coronavirus-sin-casos-sospechosos-en-mercedes\/\" aria-label=\"Leer m\u00e1s sobre Coronavirus: sin casos sospechosos en Mercedes\">Leer m\u00e1s<\/a><\/p>\n","protected":false},"author":1,"featured_media":109557,"comment_status":"closed","ping_status":"open","sticky":false,"template":"","format":"standard","meta":{"_monsterinsights_skip_tracking":false,"_monsterinsights_sitenote_active":false,"_monsterinsights_sitenote_note":"","_monsterinsights_sitenote_category":0,"jetpack_post_was_ever_published":false,"_jetpack_newsletter_access":"","_jetpack_dont_email_post_to_subs":false,"_jetpack_newsletter_tier_id":0,"_jetpack_memberships_contains_paywalled_content":false,"_jetpack_memberships_contains_paid_content":false,"footnotes":"","jetpack_publicize_message":"","jetpack_publicize_feature_enabled":true,"jetpack_social_post_already_shared":true,"jetpack_social_options":{"image_generator_settings":{"template":"highway","default_image_id":0,"font":"","enabled":false},"version":2},"_wpas_customize_per_network":false},"categories":[9791],"tags":[16175,16313,244],"class_list":["post-109556","post","type-post","status-publish","format-standard","has-post-thumbnail","hentry","category-salud","tag-coronavirus","tag-covid-19","tag-municipio-2","generate-columns","tablet-grid-50","mobile-grid-100","grid-parent","grid-50"],"jetpack_publicize_connections":[],"jetpack_featured_media_url":"https:\/\/www.hoymercedes.com.ar\/principal\/wp-content\/uploads\/2020\/04\/IMG-20200416-WA0164.jpg","wps_subtitle":"Informaci\u00f3n Municipal","jetpack_sharing_enabled":true,"_links":{"self":[{"href":"https:\/\/www.hoymercedes.com.ar\/principal\/wp-json\/wp\/v2\/posts\/109556","targetHints":{"allow":["GET"]}}],"collection":[{"href":"https:\/\/www.hoymercedes.com.ar\/principal\/wp-json\/wp\/v2\/posts"}],"about":[{"href":"https:\/\/www.hoymercedes.com.ar\/principal\/wp-json\/wp\/v2\/types\/post"}],"author":[{"embeddable":true,"href":"https:\/\/www.hoymercedes.com.ar\/principal\/wp-json\/wp\/v2\/users\/1"}],"replies":[{"embeddable":true,"href":"https:\/\/www.hoymercedes.com.ar\/principal\/wp-json\/wp\/v2\/comments?post=109556"}],"version-history":[{"count":0,"href":"https:\/\/www.hoymercedes.com.ar\/principal\/wp-json\/wp\/v2\/posts\/109556\/revisions"}],"wp:featuredmedia":[{"embeddable":true,"href":"https:\/\/www.hoymercedes.com.ar\/principal\/wp-json\/wp\/v2\/media\/109557"}],"wp:attachment":[{"href":"https:\/\/www.hoymercedes.com.ar\/principal\/wp-json\/wp\/v2\/media?parent=109556"}],"wp:term":[{"taxonomy":"category","embeddable":true,"href":"https:\/\/www.hoymercedes.com.ar\/principal\/wp-json\/wp\/v2\/categories?post=109556"},{"taxonomy":"post_tag","embeddable":true,"href":"https:\/\/www.hoymercedes.com.ar\/principal\/wp-json\/wp\/v2\/tags?post=109556"}],"curies":[{"name":"wp","href":"https:\/\/api.w.org\/{rel}","templated":true}]}}