{"id":109562,"date":"2020-04-17T10:29:57","date_gmt":"2020-04-17T13:29:57","guid":{"rendered":"http:\/\/www.hoymercedes.com.ar\/principal\/?p=109562"},"modified":"2020-04-17T14:05:14","modified_gmt":"2020-04-17T17:05:14","slug":"abogados-realiza-peticion-formal-al-gobernador-para-el-funcionamiento-pleno-del-poder-judicial","status":"publish","type":"post","link":"https:\/\/www.hoymercedes.com.ar\/principal\/2020\/04\/17\/abogados-realiza-peticion-formal-al-gobernador-para-el-funcionamiento-pleno-del-poder-judicial\/","title":{"rendered":"Abogados realiza petici\u00f3n formal al Gobernador para el funcionamiento pleno del poder judicial"},"content":{"rendered":"\n<p>El Colegio de Abogados de la Provincia de Buenos Aires (COLPROBA) realiz\u00f3 un pedido formal al gobernador de la provincia de Buenos Aires, Axel Kicillof. La instituci\u00f3n sostiene que no puede sostenerse en el tiempo la idea de que un pa\u00eds en el que el Poder Judicial est\u00e1 de asueto. Asimismo, presentaron una solicitud similar al Presidente de la Suprema Corte de Justicia de la Provincia de Buenos Aires Dr. Eduardo N\u00e9stor de L\u00e1zzari. <\/p>\n\n\n\n<p>En representaci\u00f3n de los 20 Colegios de Abogados de la provincia de Buenos Aires, COLPROBA exige:<\/p>\n\n\n\n<p>1) Se informe p\u00fablicamente desde ese M\u00e1ximo Tribunal respecto de la existencia de una planificaci\u00f3n integral y cada una de las medidas proyectadas tendientes al restablecimiento del servicio de justicia, prioritariamente bajo modalidades electr\u00f3nicas, mientras permanezcan las restricciones derivadas de la Emergencia Sanitaria por el COVID 19 (Coronavirus).<\/p>\n\n\n\n<p>2) Se hagan p\u00fablicas las fechas de reanudaci\u00f3n de los t\u00e9rminos procesales y de finalizaci\u00f3n del asueto.<\/p>\n\n\n\n<p>3) Se reglamente la prestaci\u00f3n de servicios por parte de Magistrados, Funcionarios y Empleados judiciales bajo la modalidad de teletrabajo y se controle exhaustivamente su cumplimiento.<\/p>\n\n\n\n<p>4) Se requiera a todos los titulares de \u00f3rganos jurisdiccionales que elaboren y publiciten por intermedio de los Colegios de Abogados departamentales y dentro de las pr\u00f3ximas 48 horas, el plan elaborado para restablecer el funcionamiento de cada uno de dichos \u00f3rganos en la contingencia.<\/p>\n\n\n\n<p>\u00abDebemos reiterar que el servicio de justicia resulta esencial para el pleno funcionamiento del Estado de Derecho y que no puede prestarse parcialmente como se lo viene haciendo desde el 16 de marzo pasado.<\/p>\n\n\n\n<p>Cabe destacar que COLPROBA cuenta con el aval de todos los Colegios de Abogados de la provincia insistiendo en que \u201cla protecci\u00f3n del estado de derecho implica el funcionamiento pleno de los tres poderes\u201d.<\/p>\n","protected":false},"excerpt":{"rendered":"<p>El Colegio de Abogados de la Provincia de Buenos Aires (COLPROBA) realiz\u00f3 un pedido formal al gobernador de la provincia &#8230; <a title=\"Abogados realiza petici\u00f3n formal al Gobernador para el funcionamiento pleno del poder judicial\" class=\"read-more\" href=\"https:\/\/www.hoymercedes.com.ar\/principal\/2020\/04\/17\/abogados-realiza-peticion-formal-al-gobernador-para-el-funcionamiento-pleno-del-poder-judicial\/\" aria-label=\"Leer m\u00e1s sobre Abogados realiza petici\u00f3n formal al Gobernador para el funcionamiento pleno del poder judicial\">Leer m\u00e1s<\/a><\/p>\n","protected":false},"author":1,"featured_media":66216,"comment_status":"closed","ping_status":"open","sticky":false,"template":"","format":"standard","meta":{"_monsterinsights_skip_tracking":false,"_monsterinsights_sitenote_active":false,"_monsterinsights_sitenote_note":"","_monsterinsights_sitenote_category":0,"jetpack_post_was_ever_published":false,"_jetpack_newsletter_access":"","_jetpack_dont_email_post_to_subs":false,"_jetpack_newsletter_tier_id":0,"_jetpack_memberships_contains_paywalled_content":false,"_jetpack_memberships_contains_paid_content":false,"footnotes":"","jetpack_publicize_message":"","jetpack_publicize_feature_enabled":true,"jetpack_social_post_already_shared":true,"jetpack_social_options":{"image_generator_settings":{"template":"highway","default_image_id":0,"font":"","enabled":false},"version":2},"_wpas_customize_per_network":false},"categories":[8],"tags":[9475,928,16500,8882,1803,100],"class_list":["post-109562","post","type-post","status-publish","format-standard","has-post-thumbnail","hentry","category-sociedad","tag-abogados","tag-colegio-de-abogados","tag-corte-justicia-bonaerense","tag-gobernacion","tag-provincia","tag-reclamo","generate-columns","tablet-grid-50","mobile-grid-100","grid-parent","grid-50"],"jetpack_publicize_connections":[],"jetpack_featured_media_url":"https:\/\/www.hoymercedes.com.ar\/principal\/wp-content\/uploads\/2017\/08\/19-Mateo-Laborde.jpg","wps_subtitle":"Petici\u00f3n para el funcionamiento de la Justicia","jetpack_sharing_enabled":true,"_links":{"self":[{"href":"https:\/\/www.hoymercedes.com.ar\/principal\/wp-json\/wp\/v2\/posts\/109562","targetHints":{"allow":["GET"]}}],"collection":[{"href":"https:\/\/www.hoymercedes.com.ar\/principal\/wp-json\/wp\/v2\/posts"}],"about":[{"href":"https:\/\/www.hoymercedes.com.ar\/principal\/wp-json\/wp\/v2\/types\/post"}],"author":[{"embeddable":true,"href":"https:\/\/www.hoymercedes.com.ar\/principal\/wp-json\/wp\/v2\/users\/1"}],"replies":[{"embeddable":true,"href":"https:\/\/www.hoymercedes.com.ar\/principal\/wp-json\/wp\/v2\/comments?post=109562"}],"version-history":[{"count":0,"href":"https:\/\/www.hoymercedes.com.ar\/principal\/wp-json\/wp\/v2\/posts\/109562\/revisions"}],"wp:featuredmedia":[{"embeddable":true,"href":"https:\/\/www.hoymercedes.com.ar\/principal\/wp-json\/wp\/v2\/media\/66216"}],"wp:attachment":[{"href":"https:\/\/www.hoymercedes.com.ar\/principal\/wp-json\/wp\/v2\/media?parent=109562"}],"wp:term":[{"taxonomy":"category","embeddable":true,"href":"https:\/\/www.hoymercedes.com.ar\/principal\/wp-json\/wp\/v2\/categories?post=109562"},{"taxonomy":"post_tag","embeddable":true,"href":"https:\/\/www.hoymercedes.com.ar\/principal\/wp-json\/wp\/v2\/tags?post=109562"}],"curies":[{"name":"wp","href":"https:\/\/api.w.org\/{rel}","templated":true}]}}