{"id":109592,"date":"2020-04-18T14:48:12","date_gmt":"2020-04-18T17:48:12","guid":{"rendered":"http:\/\/www.hoymercedes.com.ar\/principal\/?p=109592"},"modified":"2020-04-18T14:50:33","modified_gmt":"2020-04-18T17:50:33","slug":"coronavirus-por-tres-positivos-en-moquehua-cierran-el-hospital","status":"publish","type":"post","link":"https:\/\/www.hoymercedes.com.ar\/principal\/2020\/04\/18\/coronavirus-por-tres-positivos-en-moquehua-cierran-el-hospital\/","title":{"rendered":"Coronavirus: por tres positivos en Moquehu\u00e1 cierran el hospital"},"content":{"rendered":"\n<p> El sistema de comunicaci\u00f3n del Ministerio de Salud de la provincia de Buenos Aires, inform\u00f3 a Zona Sanitaria X y a la Municipalidad de Chivilcoy, sobre un nuevo caso de COVID-19 registrado en dicho partido, concretamente en la localidad de Moquehu\u00e1. <\/p>\n\n\n\n<p>El informe indica que se trata de un hombre, de 57 a\u00f1os, tambi\u00e9n moquehuense, que debi\u00f3 ser trasladado al Hospital Municipal de Chivilcoy luego de que el Comit\u00e9 de Crisis de la ciudad decidiese el cierre del Hospital \u00abJos\u00e9 M\u00e9ndez\u00bb de Moquehu\u00e1. <\/p>\n\n\n\n<p>M\u00e1s de 30 empleados del nosocomio y su entorno familiar deber\u00e1n estar aislados durante dos semanas. El nosocomio ser\u00e1 desinfectado el lunes y estar\u00e1 14 d\u00edas cerrado.<\/p>\n\n\n\n<p>Fuente: La Raz\u00f3n de Chivilcoy. <\/p>\n\n\n\n<figure class=\"wp-block-image size-large\"><img loading=\"lazy\" decoding=\"async\" width=\"800\" height=\"450\" data-attachment-id=\"109593\" data-permalink=\"https:\/\/www.hoymercedes.com.ar\/principal\/2020\/04\/18\/coronavirus-por-tres-positivos-en-moquehua-cierran-el-hospital\/18-hospital-moquehua\/#main\" data-orig-file=\"https:\/\/www.hoymercedes.com.ar\/principal\/wp-content\/uploads\/2020\/04\/18-hospital-moquehua.jpg\" data-orig-size=\"800,450\" data-comments-opened=\"0\" data-image-meta=\"{&quot;aperture&quot;:&quot;0&quot;,&quot;credit&quot;:&quot;&quot;,&quot;camera&quot;:&quot;&quot;,&quot;caption&quot;:&quot;&quot;,&quot;created_timestamp&quot;:&quot;0&quot;,&quot;copyright&quot;:&quot;&quot;,&quot;focal_length&quot;:&quot;0&quot;,&quot;iso&quot;:&quot;0&quot;,&quot;shutter_speed&quot;:&quot;0&quot;,&quot;title&quot;:&quot;&quot;,&quot;orientation&quot;:&quot;0&quot;}\" data-image-title=\"18 hospital moquehua\" data-image-description=\"\" data-image-caption=\"\" data-large-file=\"https:\/\/www.hoymercedes.com.ar\/principal\/wp-content\/uploads\/2020\/04\/18-hospital-moquehua.jpg\" src=\"https:\/\/www.hoymercedes.com.ar\/principal\/wp-content\/uploads\/2020\/04\/18-hospital-moquehua.jpg\" alt=\"\" class=\"wp-image-109593\"\/><\/figure>\n","protected":false},"excerpt":{"rendered":"<p>El sistema de comunicaci\u00f3n del Ministerio de Salud de la provincia de Buenos Aires, inform\u00f3 a Zona Sanitaria X y &#8230; <a title=\"Coronavirus: por tres positivos en Moquehu\u00e1 cierran el hospital\" class=\"read-more\" href=\"https:\/\/www.hoymercedes.com.ar\/principal\/2020\/04\/18\/coronavirus-por-tres-positivos-en-moquehua-cierran-el-hospital\/\" aria-label=\"Leer m\u00e1s sobre Coronavirus: por tres positivos en Moquehu\u00e1 cierran el hospital\">Leer m\u00e1s<\/a><\/p>\n","protected":false},"author":1,"featured_media":109594,"comment_status":"closed","ping_status":"open","sticky":false,"template":"","format":"standard","meta":{"_monsterinsights_skip_tracking":false,"_monsterinsights_sitenote_active":false,"_monsterinsights_sitenote_note":"","_monsterinsights_sitenote_category":0,"jetpack_post_was_ever_published":false,"_jetpack_newsletter_access":"","_jetpack_dont_email_post_to_subs":false,"_jetpack_newsletter_tier_id":0,"_jetpack_memberships_contains_paywalled_content":false,"_jetpack_memberships_contains_paid_content":false,"footnotes":"","jetpack_publicize_message":"","jetpack_publicize_feature_enabled":true,"jetpack_social_post_already_shared":true,"jetpack_social_options":{"image_generator_settings":{"template":"highway","default_image_id":0,"font":"","enabled":false},"version":2},"_wpas_customize_per_network":false},"categories":[5501],"tags":[16428,62,16175,16313,16503,1057],"class_list":["post-109592","post","type-post","status-publish","format-standard","has-post-thumbnail","hentry","category-region","tag-casos-positivos","tag-chivilcoy","tag-coronavirus","tag-covid-19","tag-moquehua","tag-regional","generate-columns","tablet-grid-50","mobile-grid-100","grid-parent","grid-50"],"jetpack_publicize_connections":[],"jetpack_featured_media_url":"https:\/\/www.hoymercedes.com.ar\/principal\/wp-content\/uploads\/2020\/04\/18-moquehua.jpg","wps_subtitle":"Informaci\u00f3n regional","jetpack_sharing_enabled":true,"_links":{"self":[{"href":"https:\/\/www.hoymercedes.com.ar\/principal\/wp-json\/wp\/v2\/posts\/109592","targetHints":{"allow":["GET"]}}],"collection":[{"href":"https:\/\/www.hoymercedes.com.ar\/principal\/wp-json\/wp\/v2\/posts"}],"about":[{"href":"https:\/\/www.hoymercedes.com.ar\/principal\/wp-json\/wp\/v2\/types\/post"}],"author":[{"embeddable":true,"href":"https:\/\/www.hoymercedes.com.ar\/principal\/wp-json\/wp\/v2\/users\/1"}],"replies":[{"embeddable":true,"href":"https:\/\/www.hoymercedes.com.ar\/principal\/wp-json\/wp\/v2\/comments?post=109592"}],"version-history":[{"count":0,"href":"https:\/\/www.hoymercedes.com.ar\/principal\/wp-json\/wp\/v2\/posts\/109592\/revisions"}],"wp:featuredmedia":[{"embeddable":true,"href":"https:\/\/www.hoymercedes.com.ar\/principal\/wp-json\/wp\/v2\/media\/109594"}],"wp:attachment":[{"href":"https:\/\/www.hoymercedes.com.ar\/principal\/wp-json\/wp\/v2\/media?parent=109592"}],"wp:term":[{"taxonomy":"category","embeddable":true,"href":"https:\/\/www.hoymercedes.com.ar\/principal\/wp-json\/wp\/v2\/categories?post=109592"},{"taxonomy":"post_tag","embeddable":true,"href":"https:\/\/www.hoymercedes.com.ar\/principal\/wp-json\/wp\/v2\/tags?post=109592"}],"curies":[{"name":"wp","href":"https:\/\/api.w.org\/{rel}","templated":true}]}}