{"id":109601,"date":"2020-04-18T21:47:18","date_gmt":"2020-04-19T00:47:18","guid":{"rendered":"http:\/\/www.hoymercedes.com.ar\/principal\/?p=109601"},"modified":"2020-04-19T11:50:20","modified_gmt":"2020-04-19T14:50:20","slug":"coronavirus-el-dubarry-confirmo-el-ingreso-de-un-caso-en-estudio","status":"publish","type":"post","link":"https:\/\/www.hoymercedes.com.ar\/principal\/2020\/04\/18\/coronavirus-el-dubarry-confirmo-el-ingreso-de-un-caso-en-estudio\/","title":{"rendered":"Coronavirus: el Dubarry confirm\u00f3 el ingreso de un caso en estudio"},"content":{"rendered":"\n<p>En el informe del d\u00eda s\u00e1bado 18 de abril se comunic\u00f3 que en dicha jornada ingres\u00f3 un nuevo paciente con s\u00edntomas compatibles de COVID-19 y que est\u00e1 en estudio a la espera de los resultados de los an\u00e1lisis realizados tras su ingreso en el Hospital Blas L. Dubarry.  No son muchos los detalles brindados en el informe sobre el nuevo caso en estudio, aunque suponen que los resultados estar\u00edan pronto.  <\/p>\n\n\n\n<p>Asimismo, se inform\u00f3 que en Mercedes son 9 vecinos y vecinas en seguimiento por la Secretar\u00eda de Salud tras viaje al exterior; mientras que 280 terminaron con el per\u00edodo de seguimiento por viajes y que pasaron a cumplir con el aislamiento obligatorio general. <\/p>\n\n\n\n<p>Tambi\u00e9n en este d\u00eda son 15 causas iniciadas a vecinos y vecinas por violar el aislamiento sin motivo. En el d\u00eda, adem\u00e1s, hubo secuestros de veh\u00edculos.  En total son 270 las causas iniciadas desde inicio de cuarentena a vecinas y vecinos por haber violado el aislamiento sin motivos.<\/p>\n\n\n\n<p>En el informe nacional se confirmaron 81 nuevos casos positivos de COVID-19. Con estos registros, suman 2.839 positivos en el pa\u00eds.  Del total de esos casos, 856 (30,2%) son importados, 1.184 (41,7%) son contactos estrechos de casos confirmados, 496 (17,5%) son casos de circulaci\u00f3n comunitaria y el resto se encuentra en investigaci\u00f3n epidemiol\u00f3gica.<\/p>\n\n\n\n<p>Adem\u00e1s, se registraron 3 nuevas muertes. Tres hombres, dos de 27 y 47 a\u00f1os, residentes en la Provincia de Buenos Aires, y uno de 88 a\u00f1os residentes en la Ciudad de Buenos Aires. Al momento la cantidad de personas fallecidas es 132.<\/p>\n\n\n\n<p><\/p>\n","protected":false},"excerpt":{"rendered":"<p>En el informe del d\u00eda s\u00e1bado 18 de abril se comunic\u00f3 que en dicha jornada ingres\u00f3 un nuevo paciente con &#8230; <a title=\"Coronavirus: el Dubarry confirm\u00f3 el ingreso de un caso en estudio\" class=\"read-more\" href=\"https:\/\/www.hoymercedes.com.ar\/principal\/2020\/04\/18\/coronavirus-el-dubarry-confirmo-el-ingreso-de-un-caso-en-estudio\/\" aria-label=\"Leer m\u00e1s sobre Coronavirus: el Dubarry confirm\u00f3 el ingreso de un caso en estudio\">Leer m\u00e1s<\/a><\/p>\n","protected":false},"author":1,"featured_media":109602,"comment_status":"closed","ping_status":"open","sticky":false,"template":"","format":"standard","meta":{"_monsterinsights_skip_tracking":false,"_monsterinsights_sitenote_active":false,"_monsterinsights_sitenote_note":"","_monsterinsights_sitenote_category":0,"jetpack_post_was_ever_published":false,"_jetpack_newsletter_access":"","_jetpack_dont_email_post_to_subs":false,"_jetpack_newsletter_tier_id":0,"_jetpack_memberships_contains_paywalled_content":false,"_jetpack_memberships_contains_paid_content":false,"footnotes":"","jetpack_publicize_message":"","jetpack_publicize_feature_enabled":true,"jetpack_social_post_already_shared":true,"jetpack_social_options":{"image_generator_settings":{"template":"highway","default_image_id":0,"font":"","enabled":false},"version":2},"_wpas_customize_per_network":false},"categories":[9791],"tags":[16420,16175,16313,16446],"class_list":["post-109601","post","type-post","status-publish","format-standard","has-post-thumbnail","hentry","category-salud","tag-casos-sospechosos","tag-coronavirus","tag-covid-19","tag-hospital-blas-l-dubarry-2","generate-columns","tablet-grid-50","mobile-grid-100","grid-parent","grid-50"],"jetpack_publicize_connections":[],"jetpack_featured_media_url":"https:\/\/www.hoymercedes.com.ar\/principal\/wp-content\/uploads\/2020\/04\/18-coronav.jpg","wps_subtitle":"Informaci\u00f3n oficial","jetpack_sharing_enabled":true,"_links":{"self":[{"href":"https:\/\/www.hoymercedes.com.ar\/principal\/wp-json\/wp\/v2\/posts\/109601","targetHints":{"allow":["GET"]}}],"collection":[{"href":"https:\/\/www.hoymercedes.com.ar\/principal\/wp-json\/wp\/v2\/posts"}],"about":[{"href":"https:\/\/www.hoymercedes.com.ar\/principal\/wp-json\/wp\/v2\/types\/post"}],"author":[{"embeddable":true,"href":"https:\/\/www.hoymercedes.com.ar\/principal\/wp-json\/wp\/v2\/users\/1"}],"replies":[{"embeddable":true,"href":"https:\/\/www.hoymercedes.com.ar\/principal\/wp-json\/wp\/v2\/comments?post=109601"}],"version-history":[{"count":0,"href":"https:\/\/www.hoymercedes.com.ar\/principal\/wp-json\/wp\/v2\/posts\/109601\/revisions"}],"wp:featuredmedia":[{"embeddable":true,"href":"https:\/\/www.hoymercedes.com.ar\/principal\/wp-json\/wp\/v2\/media\/109602"}],"wp:attachment":[{"href":"https:\/\/www.hoymercedes.com.ar\/principal\/wp-json\/wp\/v2\/media?parent=109601"}],"wp:term":[{"taxonomy":"category","embeddable":true,"href":"https:\/\/www.hoymercedes.com.ar\/principal\/wp-json\/wp\/v2\/categories?post=109601"},{"taxonomy":"post_tag","embeddable":true,"href":"https:\/\/www.hoymercedes.com.ar\/principal\/wp-json\/wp\/v2\/tags?post=109601"}],"curies":[{"name":"wp","href":"https:\/\/api.w.org\/{rel}","templated":true}]}}