{"id":109613,"date":"2020-04-19T12:49:44","date_gmt":"2020-04-19T15:49:44","guid":{"rendered":"http:\/\/www.hoymercedes.com.ar\/principal\/?p=109613"},"modified":"2020-04-20T16:01:46","modified_gmt":"2020-04-20T19:01:46","slug":"nacion-autoriza-nuevas-actividades-condicionando-su-funcionamiento","status":"publish","type":"post","link":"https:\/\/www.hoymercedes.com.ar\/principal\/2020\/04\/19\/nacion-autoriza-nuevas-actividades-condicionando-su-funcionamiento\/","title":{"rendered":"Naci\u00f3n autoriza nuevas actividades condicionando su funcionamiento"},"content":{"rendered":"\n<p>Desde el momento que se publique en el Bolet\u00edn Oficial, comenzar\u00e1 a estar en vigencia la Disposici\u00f3n Administrativa N\u00b0 524\/2020 comunicada este s\u00e1bado para el funcionamiento de actividades que no estaban exceptuadas en el decreto inicial. Sin embargo, queda en manos de la gobernaci\u00f3n provincial la aplicaci\u00f3n total o parcial de la disposici\u00f3n nacional. Se supo que Kiciloff plantear\u00eda un \u00abendurecimiento\u00bb del aislamiento social en el conurbano, y podr\u00eda \u00ababrir excepciones\u00bb en algunos de los municipios del interior en los cuales a\u00fan no se registran casos de coronavirus. Esto se anunciar\u00eda en las pr\u00f3ximas horas. <\/p>\n\n\n\n<p>Con la publicaci\u00f3n, once nuevas actividades, entre ellas la venta minorista, podr\u00e1n volver a trabajar cumpliendo con ciertos condicionamientos establecidos por la normativa nacional. <\/p>\n\n\n\n<p>Se exceptuar\u00e1n entonces: <\/p>\n\n\n\n<ol class=\"wp-block-list\"><li>Establecimientos que desarrollen actividades de <strong>cobranza de servicios e impuestos.<\/strong><\/li><li><strong>Oficinas de rentas <\/strong>de las provincias, de la Ciudad Aut\u00f3noma de Buenos Aires y de los  Municipios, con sistemas de turnos y guardias m\u00ednimas.<\/li><li>Actividad registral nacional y provincial, con sistema de turnos y guardias m\u00ednimas.<\/li><li>Venta de mercader\u00eda ya elaborada de comercios minoristas, a trav\u00e9s de plataformas de <strong>comercio electr\u00f3nico,<\/strong> <strong> venta telef\u00f3nica <\/strong>y otros mecanismos que no requieran contacto personal con clientes y \u00fanicamente mediante  la <strong>modalidad de entrega a domicilio<\/strong> con los debidos resguardos sanitarios, protocolos y planificaci\u00f3n de la log\u00edstica. <strong>En ning\u00fan caso los comercios mencionados podr\u00e1n abrir sus puertas al p\u00fablico<\/strong>.<\/li><li><strong>Atenci\u00f3n m\u00e9dica y odontol\u00f3gica programada<\/strong>, de car\u00e1cter preventivo y seguimiento de enfermedades cr\u00f3nicas, con sistema de turno previo.<\/li><li><strong>Laboratorios de an\u00e1lisis cl\u00ednicos y centros de diagn\u00f3stico por imagen<\/strong>, con sistema de turno previo.<\/li><li><strong>\u00d3pticas<\/strong>, con sistema de turno previo. <\/li><li><strong>Peritos y liquidadores de siniestros de las compa\u00f1\u00edas aseguradora<\/strong>s que permitan realizar la liquidaci\u00f3n y pago de los siniestros denunciados a los beneficiarios y a las beneficiarias. En ning\u00fan caso se podr\u00e1 realizar<br> atenci\u00f3n al p\u00fablico y todos los tr\u00e1mites deber\u00e1n hacerse en forma virtual, incluyendo los pagos correspondientes.<\/li><li>Establecimientos para la<strong> atenci\u00f3n de personas v\u00edctimas de violencia de g\u00e9nero.<\/strong><\/li><li>Producci\u00f3n para la exportaci\u00f3n, con autorizaci\u00f3n previa del Ministerio de Desarrollo Productivo.<\/li><li>Procesos industriales espec\u00edficos, con autorizaci\u00f3n previa del Ministerio de Desarrollo Productivo. <\/li><\/ol>\n\n\n\n<p>El Poder Ejecutivo estableci\u00f3 que \u00abtodas las actividades y servicios mencionados en la Decisi\u00f3n Administrativa 524 quedan autorizados para funcionar, sujetos a la implementaci\u00f3n y cumplimiento de los protocolos sanitarios que cada jurisdicci\u00f3n establezca, en cumplimiento de las recomendaciones e instrucciones sanitarias y de seguridad de las autoridades nacionales\u00bb.<\/p>\n\n\n\n<p>Y la normativa aclara que \u00aben todos los casos se deber\u00e1 garantizar la organizaci\u00f3n de turnos, si correspondiere, y los modos de trabajo y de traslado que garanticen las medidas de distanciamiento e higiene necesarias para disminuir el riesgo de contagio del nuevo coronavirus\u00bb.<\/p>\n\n\n\n<p>Adem\u00e1s, \u00ablos desplazamientos de las personas alcanzadas por el presente art\u00edculo deber\u00e1n limitarse al estricto cumplimiento de las actividades y servicios exceptuados\u00bb, y las empleadoras y los empleadores deber\u00e1n garantizar las condiciones de higiene y seguridad establecidas por las respectivas jurisdicciones para preservar la salud de las trabajadoras y de los trabajadores\u00bb. <\/p>\n\n\n\n<p>\n\nAsimismo, \u00abcada jurisdicci\u00f3n provincial deber\u00e1 dictar las reglamentaciones necesarias para el desarrollo de las actividades y servicios exceptuados, pudiendo limitar el alcance de las mismas a determinadas \u00e1reas geogr\u00e1ficas o a determinados municipios o establecer requisitos espec\u00edficos para su desarrollo, que atiendan a la situaci\u00f3n epidemiol\u00f3gica local y a las caracter\u00edsticas propias del lugar, con el fin de minimizar el riesgo de propagaci\u00f3n del virus\u00bb.<\/p>\n\n\n\n<p>Por \u00faltimo, se establece que \u00ablas personas alcanzadas por esta decisi\u00f3n administrativa deber\u00e1n tramitar el Certificado \u00danico Habilitante para Circulaci\u00f3n &#8211; Covid-19, con excepci\u00f3n de aquellas que se dirijan a los establecimientos de rentas, registros, servicios m\u00e9dicos, laboratorios y \u00f3pticas.<\/p>\n\n\n\n<p>Las excepciones otorgadas podr\u00e1n ser dejadas sin efecto por cada Gobernador o Gobernadora o por el Jefe de Gobierno de la Ciudad Aut\u00f3noma de Buenos Aires, en el marco de su competencia territorial, en forma total o parcial, en virtud de las recomendaciones de la autoridad sanitaria provincial.<\/p>\n\n\n\n<p>El gobernador bonaerense Axel Kicillof adelant\u00f3 que la provincia de Buenos Aires anunciar\u00e1 en las pr\u00f3ximas horas un \u00abendurecimiento\u00bb del aislamiento social en el conurbano, en el marco de la reanudaci\u00f3n de ciertas actividades productivas que el Gobierno nacional habilitar\u00e1 desde el lunes pr\u00f3ximo, y para poder \u00ababrir excepciones\u00bb en algunos de los 58 municipios del interior del distrito en los cuales a\u00fan no se registran casos de coronavirus.<\/p>\n\n\n\n<p>\u201cLa Provincia va a anunciar un endurecimiento de algunas reglas para poder ejercer excepciones en otros lugares\u201d, anticip\u00f3 el mandatario bonaerense en una conferencia de prensa realizada en el aeropuerto de Ezeiza. Tambi\u00e9n Kicillof manifest\u00f3 que \u201clos municipios del interior est\u00e1n informando a la Provincia qu\u00e9 actividades quieren exceptuar cada uno de ellos\u201d, pero eso \u201cse va a ir conociendo a medida que vayamos avanzando\u201d, al mismo tiempo que aclar\u00f3 que \u201ctodas las decisiones se har\u00e1n con autorizaci\u00f3n del gobierno nacional\u201d.<\/p>\n\n\n\n<p>Fuente: Telam <\/p>\n","protected":false},"excerpt":{"rendered":"<p>Desde el momento que se publique en el Bolet\u00edn Oficial, comenzar\u00e1 a estar en vigencia la Disposici\u00f3n Administrativa N\u00b0 524\/2020 &#8230; <a title=\"Naci\u00f3n autoriza nuevas actividades condicionando su funcionamiento\" class=\"read-more\" href=\"https:\/\/www.hoymercedes.com.ar\/principal\/2020\/04\/19\/nacion-autoriza-nuevas-actividades-condicionando-su-funcionamiento\/\" aria-label=\"Leer m\u00e1s sobre Naci\u00f3n autoriza nuevas actividades condicionando su funcionamiento\">Leer m\u00e1s<\/a><\/p>\n","protected":false},"author":1,"featured_media":109614,"comment_status":"closed","ping_status":"open","sticky":false,"template":"","format":"standard","meta":{"_monsterinsights_skip_tracking":false,"_monsterinsights_sitenote_active":false,"_monsterinsights_sitenote_note":"","_monsterinsights_sitenote_category":0,"jetpack_post_was_ever_published":false,"_jetpack_newsletter_access":"","_jetpack_dont_email_post_to_subs":false,"_jetpack_newsletter_tier_id":0,"_jetpack_memberships_contains_paywalled_content":false,"_jetpack_memberships_contains_paid_content":false,"footnotes":"","jetpack_publicize_message":"","jetpack_publicize_feature_enabled":true,"jetpack_social_post_already_shared":true,"jetpack_social_options":{"image_generator_settings":{"template":"highway","default_image_id":0,"font":"","enabled":false},"version":2},"_wpas_customize_per_network":false},"categories":[5210],"tags":[16508,185],"class_list":["post-109613","post","type-post","status-publish","format-standard","has-post-thumbnail","hentry","category-politica-nacional","tag-actividades-economicas","tag-nacion","generate-columns","tablet-grid-50","mobile-grid-100","grid-parent","grid-50"],"jetpack_publicize_connections":[],"jetpack_featured_media_url":"https:\/\/www.hoymercedes.com.ar\/principal\/wp-content\/uploads\/2020\/04\/19-ventas.jpg","wps_subtitle":"Cuarentena administrada","jetpack_sharing_enabled":true,"_links":{"self":[{"href":"https:\/\/www.hoymercedes.com.ar\/principal\/wp-json\/wp\/v2\/posts\/109613","targetHints":{"allow":["GET"]}}],"collection":[{"href":"https:\/\/www.hoymercedes.com.ar\/principal\/wp-json\/wp\/v2\/posts"}],"about":[{"href":"https:\/\/www.hoymercedes.com.ar\/principal\/wp-json\/wp\/v2\/types\/post"}],"author":[{"embeddable":true,"href":"https:\/\/www.hoymercedes.com.ar\/principal\/wp-json\/wp\/v2\/users\/1"}],"replies":[{"embeddable":true,"href":"https:\/\/www.hoymercedes.com.ar\/principal\/wp-json\/wp\/v2\/comments?post=109613"}],"version-history":[{"count":0,"href":"https:\/\/www.hoymercedes.com.ar\/principal\/wp-json\/wp\/v2\/posts\/109613\/revisions"}],"wp:featuredmedia":[{"embeddable":true,"href":"https:\/\/www.hoymercedes.com.ar\/principal\/wp-json\/wp\/v2\/media\/109614"}],"wp:attachment":[{"href":"https:\/\/www.hoymercedes.com.ar\/principal\/wp-json\/wp\/v2\/media?parent=109613"}],"wp:term":[{"taxonomy":"category","embeddable":true,"href":"https:\/\/www.hoymercedes.com.ar\/principal\/wp-json\/wp\/v2\/categories?post=109613"},{"taxonomy":"post_tag","embeddable":true,"href":"https:\/\/www.hoymercedes.com.ar\/principal\/wp-json\/wp\/v2\/tags?post=109613"}],"curies":[{"name":"wp","href":"https:\/\/api.w.org\/{rel}","templated":true}]}}