{"id":109651,"date":"2020-04-20T10:55:00","date_gmt":"2020-04-20T13:55:00","guid":{"rendered":"http:\/\/www.hoymercedes.com.ar\/principal\/?p=109651"},"modified":"2020-04-20T15:46:59","modified_gmt":"2020-04-20T18:46:59","slug":"amplian-programa-de-asistencia-al-trabajo-y-la-produccion","status":"publish","type":"post","link":"https:\/\/www.hoymercedes.com.ar\/principal\/2020\/04\/20\/amplian-programa-de-asistencia-al-trabajo-y-la-produccion\/","title":{"rendered":"Ampl\u00edan Programa de Asistencia al Trabajo y la Producci\u00f3n"},"content":{"rendered":"\n<p><em><strong> A trav\u00e9s del decreto 376\/2020, ampliatorio del 332\/2020, el presidente Alberto Fern\u00e1ndez dispuso que el Programa de Asistencia de Emergencia al Trabajo y la Producci\u00f3n (ATP), derivado de la emergencia por la pandemia de coronavirus, abarcar\u00e1 la \u00abpostergaci\u00f3n o reducci\u00f3n de hasta el 95% del pago de las contribuciones patronales al Sistema Integrado Previsional Argentino\u00bb. <\/strong><\/em><\/p>\n\n\n\n<hr class=\"wp-block-separator\"\/>\n\n\n\n<p><strong>El Gobierno estableci\u00f3 una serie de medidas de asistencia para empleadores y trabajadores de pymes, adem\u00e1s del sector aut\u00f3nomo, en el marco del Programa de Asistencia de Emergencia al Trabajo y la Producci\u00f3n (ATP), en un paquete que incluye la reducci\u00f3n de aportes patronales y una asignaci\u00f3n salarial aportada por el Estado, entre otros puntos.<\/strong><\/p>\n\n\n\n<p><strong>A trav\u00e9s del decreto 376\/2020, ampliatorio del 332\/2020<\/strong>, que se publicar\u00e1 en las pr\u00f3ximas horas en el Bolet\u00edn Oficial, el presidente Alberto Fern\u00e1ndez dispuso que el Programa de Asistencia de Emergencia al Trabajo y la Producci\u00f3n (ATP), derivado de la emergencia por la pandemia de coronavirus,<strong>&nbsp;abarcar\u00e1 la \u00abpostergaci\u00f3n o reducci\u00f3n de hasta el 95% del pago de las contribuciones patronales al Sistema Integrado Previsional Argentino\u00bb.<\/strong><\/p>\n\n\n\n<p>Adem\u00e1s,&nbsp;<strong>habr\u00e1 un \u00abSalario Complementario\u00bb, que consiste en la \u00abasignaci\u00f3n abonada por el Estado nacional para los trabajadores en relaci\u00f3n de dependencia del sector privado\u00bb.<\/strong><\/p>\n\n\n\n<p><strong>El monto de esa asignaci\u00f3n ser\u00e1 \u00abequivalente al 50% del salario neto del trabajador correspondiente al mes de febrero de 2020, no pudiendo ser inferior a una suma equivalente a un salario m\u00ednimo, vital y m\u00f3vil ni superar dos salarios m\u00ednimos, vitales y m\u00f3viles, o al total del salario neto correspondiente a ese mes\u00bb, aclar\u00f3 la normativa.<\/strong><\/p>\n\n\n\n<p>Por otro lado,&nbsp;<strong>se dispuso el \u00abcr\u00e9dito a tasa cero para personas adheridas al R\u00e9gimen Simplificado para Peque\u00f1os Contribuyentes y para trabajadores aut\u00f3nomos en las condiciones que establezcan la Jefatura de Gabinete y el Banco Central, en el marco de sus respectivas competencias, con subsidio del 100% del costo financiero total\u00bb.<\/strong><\/p>\n\n\n\n<p><strong>Se trata de una financiaci\u00f3n<\/strong>&nbsp;a \u00abser acreditada en la tarjeta de cr\u00e9dito del beneficiario en los t\u00e9rminos que, para la implementaci\u00f3n de la medida, establezca el Banco Central\u00bb, y el monto \u00abno podr\u00e1 exceder una cuarta parte del l\u00edmite superior de ingresos brutos establecidos para cada categor\u00eda del R\u00e9gimen Simplificado para Peque\u00f1os Contribuyentes,&nbsp;<strong>con un l\u00edmite m\u00e1ximo de $150.000, desembolsado en tres cuotas mensuales iguales y consecutivas\u00bb.<\/strong><\/p>\n\n\n\n<p><strong>Tambi\u00e9n se pone en marcha un \u00absistema integral de prestaciones por desempleo\u00bb que van de un \u00abm\u00ednimo de $ 6.000 a un m\u00e1ximo de $ 10.000\u00bb.<\/strong><\/p>\n\n\n\n<p><strong>El decreto establece tambi\u00e9n que este paquete de medidas podr\u00e1 extenderse \u00abhasta el 30 de junio, inclusive<\/strong>\u00ab, aunque \u00abpara las actividades, empresas y trabajadores independientes que siguieran afectados por las medidas de distanciamiento social, aun cuando el aislamiento social preventivo y obligatorio haya concluido,&nbsp;<strong>los beneficios podr\u00e1n extenderse hasta el mes de octubre de 2020 inclusive\u00bb.<\/strong><\/p>\n\n\n\n<p><strong>M\u00e1s de 420.000 empleadores privados se hab\u00edan registrado en el sitio web<\/strong>\u00a0de la Administraci\u00f3n Federal de Ingresos P\u00fablicos (<strong>AFIP<\/strong>) para acceder al Programa de Asistencia al Trabajo y la Producci\u00f3n (ATP).<\/p>\n\n\n\n<p>Fuente: Telam<\/p>\n","protected":false},"excerpt":{"rendered":"<p>A trav\u00e9s del decreto 376\/2020, ampliatorio del 332\/2020, el presidente Alberto Fern\u00e1ndez dispuso que el Programa de Asistencia de Emergencia &#8230; <a title=\"Ampl\u00edan Programa de Asistencia al Trabajo y la Producci\u00f3n\" class=\"read-more\" href=\"https:\/\/www.hoymercedes.com.ar\/principal\/2020\/04\/20\/amplian-programa-de-asistencia-al-trabajo-y-la-produccion\/\" aria-label=\"Leer m\u00e1s sobre Ampl\u00edan Programa de Asistencia al Trabajo y la Producci\u00f3n\">Leer m\u00e1s<\/a><\/p>\n","protected":false},"author":1,"featured_media":109652,"comment_status":"closed","ping_status":"open","sticky":false,"template":"","format":"standard","meta":{"_monsterinsights_skip_tracking":false,"_monsterinsights_sitenote_active":false,"_monsterinsights_sitenote_note":"","_monsterinsights_sitenote_category":0,"jetpack_post_was_ever_published":false,"_jetpack_newsletter_access":"","_jetpack_dont_email_post_to_subs":false,"_jetpack_newsletter_tier_id":0,"_jetpack_memberships_contains_paywalled_content":false,"_jetpack_memberships_contains_paid_content":false,"footnotes":"","jetpack_publicize_message":"","jetpack_publicize_feature_enabled":true,"jetpack_social_post_already_shared":true,"jetpack_social_options":{"image_generator_settings":{"template":"highway","default_image_id":0,"font":"","enabled":false},"version":2},"_wpas_customize_per_network":false},"categories":[5210],"tags":[16506,8786,14861,5319],"class_list":["post-109651","post","type-post","status-publish","format-standard","has-post-thumbnail","hentry","category-politica-nacional","tag-asistencia-a-pymes","tag-economia","tag-gobierno-nacional","tag-politica-2","generate-columns","tablet-grid-50","mobile-grid-100","grid-parent","grid-50"],"jetpack_publicize_connections":[],"jetpack_featured_media_url":"https:\/\/www.hoymercedes.com.ar\/principal\/wp-content\/uploads\/2020\/04\/20-min-prestamos.jpg","wps_subtitle":"Asistencia a PyMEs","jetpack_sharing_enabled":true,"_links":{"self":[{"href":"https:\/\/www.hoymercedes.com.ar\/principal\/wp-json\/wp\/v2\/posts\/109651","targetHints":{"allow":["GET"]}}],"collection":[{"href":"https:\/\/www.hoymercedes.com.ar\/principal\/wp-json\/wp\/v2\/posts"}],"about":[{"href":"https:\/\/www.hoymercedes.com.ar\/principal\/wp-json\/wp\/v2\/types\/post"}],"author":[{"embeddable":true,"href":"https:\/\/www.hoymercedes.com.ar\/principal\/wp-json\/wp\/v2\/users\/1"}],"replies":[{"embeddable":true,"href":"https:\/\/www.hoymercedes.com.ar\/principal\/wp-json\/wp\/v2\/comments?post=109651"}],"version-history":[{"count":0,"href":"https:\/\/www.hoymercedes.com.ar\/principal\/wp-json\/wp\/v2\/posts\/109651\/revisions"}],"wp:featuredmedia":[{"embeddable":true,"href":"https:\/\/www.hoymercedes.com.ar\/principal\/wp-json\/wp\/v2\/media\/109652"}],"wp:attachment":[{"href":"https:\/\/www.hoymercedes.com.ar\/principal\/wp-json\/wp\/v2\/media?parent=109651"}],"wp:term":[{"taxonomy":"category","embeddable":true,"href":"https:\/\/www.hoymercedes.com.ar\/principal\/wp-json\/wp\/v2\/categories?post=109651"},{"taxonomy":"post_tag","embeddable":true,"href":"https:\/\/www.hoymercedes.com.ar\/principal\/wp-json\/wp\/v2\/tags?post=109651"}],"curies":[{"name":"wp","href":"https:\/\/api.w.org\/{rel}","templated":true}]}}