{"id":109659,"date":"2020-04-20T16:17:13","date_gmt":"2020-04-20T19:17:13","guid":{"rendered":"http:\/\/www.hoymercedes.com.ar\/principal\/?p=109659"},"modified":"2020-04-20T16:18:36","modified_gmt":"2020-04-20T19:18:36","slug":"juntos-por-el-cambio-pide-reactivar-tareas-en-hcd-sin-publico","status":"publish","type":"post","link":"https:\/\/www.hoymercedes.com.ar\/principal\/2020\/04\/20\/juntos-por-el-cambio-pide-reactivar-tareas-en-hcd-sin-publico\/","title":{"rendered":"Juntos por el Cambio pide reactivar tareas en HCD sin p\u00fablico"},"content":{"rendered":"\n<p><br><strong><em>Este lunes se present\u00f3 una nota para volver a sesionar. \u201cCreemos que con el uso de barbijo y todos los cuidados se puede hacer\u201d sostuvieron desde Juntos por el Cambio. La idea es retomar las sesiones ordinarias, sin la participaci\u00f3n del p\u00fablico.<\/em><\/strong><\/p>\n\n\n\n<hr class=\"wp-block-separator has-text-color has-background has-vivid-cyan-blue-background-color has-vivid-cyan-blue-color\"\/>\n\n\n\n<p>Durante la jornada de hoy, los concejales de Juntos por el Cambio presentar\u00e1n una nota en secretar\u00eda de Honorable Concejo Deliberante a fin de poder retomar la actividad legislativa de manera ordinaria, la cual se encuentra interrumpida desde el pasado el 19 marzo.<\/p>\n\n\n\n<p>Recordamos que durante este 2020, solo se pudo llevara adelante una sesi\u00f3n, m\u00e1s la apertura oficial a cargo del intendente Juan Ustarroz. Luego de que se declarase el aislamiento preventivo obligatorio, los ediles no volvieron a juntarse en el recinto del HCD, por lo que el bloque opositor buscar\u00e1 la reanudaci\u00f3n de las actividades.<\/p>\n\n\n\n<p>\u201cTanto el uso del barbijo, como todas las medidas de precauci\u00f3n que est\u00e1n establecidas por el gobierno nacional permitir\u00edan el funcionamiento del HCD\u201d sostuvo la concejal Evangelina Cabral de JxC.<\/p>\n\n\n\n<p>Dentro de los argumentos esgrimidos en el proyecto, se considera que \u201ccorresponde que el Honorable Concejo Deliberante, sin perjuicio de que no debe actuar al margen del accionar del resto del Estado nacional, provincial y municipal, encuentre la forma adecuada la toma de las decisiones que le son, evitando transmitir una imagen de par\u00e1lisis de la Administraci\u00f3n\u201d. Conjuntamente, expresa que \u201cla actividad permanente puede tener un valor simb\u00f3lico, al demostrar el Cuerpo su capacidad para seguir funcionando y sancionando las normas que resulten necesarias para acompa\u00f1ar el esfuerzo de la sociedad mercedina, y para dotar al Departamento Ejecutivo de las herramientas requeridas en el actual contexto de emergencia sanitaria\u201d.<\/p>\n\n\n\n<p>Por todo ello, se propone en algunos art\u00edculos, \u201casegurar la continuidad del funcionamiento del Departamento Deliberativo, en particular para la adopci\u00f3n de todas las disposiciones que sean de su competencia y que tengan como finalidad la atenci\u00f3n de la mencionada emergencia sanitaria\u201d.<\/p>\n\n\n\n<p>En relaci\u00f3n a este pedido, Cabral manifest\u00f3 que \u201clas sesiones ser\u00edan solo con los concejales y las personas que son indispensables, sin p\u00fablico y sin prensa. Se buscar\u00eda poder transmitirse en vivo, ya que m\u00e1s gente estar\u00eda dispuesta a ver c\u00f3mo funciona el HCD. Creemos que esta situaci\u00f3n de crisis amerita el funcionamiento de las instituciones, la democracia es algo fundamental en la vida institucional de nuestro pa\u00eds y estamos a la altura de los acontecimientos para poder sesionar. De hecho las reuniones del comit\u00e9 de crisis son m\u00e1s amplias, el funcionamiento de los tres poderes es esencial y m\u00e1s en momentos de crisis\u201d.<\/p>\n\n\n\n<p>Colaboraci\u00f3n: Mariano Oyarz\u00fa<\/p>\n","protected":false},"excerpt":{"rendered":"<p>Este lunes se present\u00f3 una nota para volver a sesionar. \u201cCreemos que con el uso de barbijo y todos los &#8230; <a title=\"Juntos por el Cambio pide reactivar tareas en HCD sin p\u00fablico\" class=\"read-more\" href=\"https:\/\/www.hoymercedes.com.ar\/principal\/2020\/04\/20\/juntos-por-el-cambio-pide-reactivar-tareas-en-hcd-sin-publico\/\" aria-label=\"Leer m\u00e1s sobre Juntos por el Cambio pide reactivar tareas en HCD sin p\u00fablico\">Leer m\u00e1s<\/a><\/p>\n","protected":false},"author":1,"featured_media":81415,"comment_status":"closed","ping_status":"open","sticky":false,"template":"","format":"standard","meta":{"_monsterinsights_skip_tracking":false,"_monsterinsights_sitenote_active":false,"_monsterinsights_sitenote_note":"","_monsterinsights_sitenote_category":0,"jetpack_post_was_ever_published":false,"_jetpack_newsletter_access":"","_jetpack_dont_email_post_to_subs":false,"_jetpack_newsletter_tier_id":0,"_jetpack_memberships_contains_paywalled_content":false,"_jetpack_memberships_contains_paid_content":false,"footnotes":"","jetpack_publicize_message":"","jetpack_publicize_feature_enabled":true,"jetpack_social_post_already_shared":true,"jetpack_social_options":{"image_generator_settings":{"template":"highway","default_image_id":0,"font":"","enabled":false},"version":2},"_wpas_customize_per_network":false},"categories":[5],"tags":[15,15365,16509],"class_list":["post-109659","post","type-post","status-publish","format-standard","has-post-thumbnail","hentry","category-politica","tag-hcd","tag-juntos-por-el-cambio","tag-proyecto-de-decreto","generate-columns","tablet-grid-50","mobile-grid-100","grid-parent","grid-50"],"jetpack_publicize_connections":[],"jetpack_featured_media_url":"https:\/\/www.hoymercedes.com.ar\/principal\/wp-content\/uploads\/2018\/09\/21-evangelina-cabral.jpg","wps_subtitle":"Proyecto de decreto","jetpack_sharing_enabled":true,"_links":{"self":[{"href":"https:\/\/www.hoymercedes.com.ar\/principal\/wp-json\/wp\/v2\/posts\/109659","targetHints":{"allow":["GET"]}}],"collection":[{"href":"https:\/\/www.hoymercedes.com.ar\/principal\/wp-json\/wp\/v2\/posts"}],"about":[{"href":"https:\/\/www.hoymercedes.com.ar\/principal\/wp-json\/wp\/v2\/types\/post"}],"author":[{"embeddable":true,"href":"https:\/\/www.hoymercedes.com.ar\/principal\/wp-json\/wp\/v2\/users\/1"}],"replies":[{"embeddable":true,"href":"https:\/\/www.hoymercedes.com.ar\/principal\/wp-json\/wp\/v2\/comments?post=109659"}],"version-history":[{"count":0,"href":"https:\/\/www.hoymercedes.com.ar\/principal\/wp-json\/wp\/v2\/posts\/109659\/revisions"}],"wp:featuredmedia":[{"embeddable":true,"href":"https:\/\/www.hoymercedes.com.ar\/principal\/wp-json\/wp\/v2\/media\/81415"}],"wp:attachment":[{"href":"https:\/\/www.hoymercedes.com.ar\/principal\/wp-json\/wp\/v2\/media?parent=109659"}],"wp:term":[{"taxonomy":"category","embeddable":true,"href":"https:\/\/www.hoymercedes.com.ar\/principal\/wp-json\/wp\/v2\/categories?post=109659"},{"taxonomy":"post_tag","embeddable":true,"href":"https:\/\/www.hoymercedes.com.ar\/principal\/wp-json\/wp\/v2\/tags?post=109659"}],"curies":[{"name":"wp","href":"https:\/\/api.w.org\/{rel}","templated":true}]}}