{"id":109672,"date":"2020-04-20T18:00:00","date_gmt":"2020-04-20T21:00:00","guid":{"rendered":"http:\/\/www.hoymercedes.com.ar\/principal\/?p=109672"},"modified":"2020-04-20T20:20:30","modified_gmt":"2020-04-20T23:20:30","slug":"la-defensoria-cuestiono-a-los-bancos-por-poner-trabas-en-el-otorgamiento-de-creditos","status":"publish","type":"post","link":"https:\/\/www.hoymercedes.com.ar\/principal\/2020\/04\/20\/la-defensoria-cuestiono-a-los-bancos-por-poner-trabas-en-el-otorgamiento-de-creditos\/","title":{"rendered":"La Defensor\u00eda cuestion\u00f3 a los bancos por poner trabas en el otorgamiento de cr\u00e9ditos"},"content":{"rendered":"\n<p>La Defensor\u00eda del Pueblo bonaerense cuestion\u00f3 a las entidades bancarias por poner trabas en el otorgamiento de los cr\u00e9ditos estipulados en el paquete de ayuda que el gobierno nacional y el provincial implementaron, para hacer frente al impacto econ\u00f3mico que genera la pandemia del coronavirus en las peque\u00f1as y medianas empresas y en los trabajadores aut\u00f3nomos.<\/p>\n\n\n\n<p>La acci\u00f3n del organismo que conduce Guido Lorenzino se bas\u00f3 en una serie de denuncias que alertaron sobre diferentes maniobras de los bancos privados para no otorgar estas cr\u00e9ditos: desde la dilaci\u00f3n en el otorgamiento de turnos, informaci\u00f3n poco clara o precisa, ausencia de respuestas concretas, o bien denegaci\u00f3n expresa incluso antes de analizar el caso espec\u00edfico.<\/p>\n\n\n\n<p>Por este motivo, la Defensor\u00eda hizo una presentaci\u00f3n al Banco Macro, al Patagonia, al Comafi, al Galicia, al Santander R\u00edo, al Columbia, al HSBC, al BBVA, al ICBC y al Credicoop Cooperativo Limitado. En la misma, reclama que no contin\u00faen con estas pr\u00e1cticas vulneratorias de derechos y que cumplan con lo dispuesto por los decretos que fijaron las caracter\u00edsticas de los pr\u00e9stamos que deben otorgar.<\/p>\n\n\n\n<p>\u201cNos encontramos con personas que acuden a los bancos en busca de una ayuda que logre paliar la situaci\u00f3n que atraviesan en este momento cr\u00edtico, y se encuentran con que las entidades no s\u00f3lo priorizan su \u00e1nimo de lucro sino que dificultan que quienes tienen dificultades puedan encontrar soluciones\u201d, sostuvo Lorenzino.<\/p>\n\n\n\n<p>La Defensor\u00eda considera que esta conducta de los bancos va en contra de los derechos de trato digno y equitativo fijados en la Constituci\u00f3n Nacional, lo que proh\u00edbe poner a las personas, en este caso el eslab\u00f3n m\u00e1s d\u00e9bil en la cadena de consumo, en situaciones vejatorias, vergonzantes o humillantes.<\/p>\n\n\n\n<p>\u201cEsperemos que los bancos cesen con este comportamiento, sino iniciaremos acciones legales para que se respete la normativa de defensa de usuarios y consumidores, adem\u00e1s de la legislaci\u00f3n civil y comercial, y penal\u201d, puntualiz\u00f3 Lorenzino.<\/p>\n","protected":false},"excerpt":{"rendered":"<p>La Defensor\u00eda del Pueblo bonaerense cuestion\u00f3 a las entidades bancarias por poner trabas en el otorgamiento de los cr\u00e9ditos estipulados &#8230; <a title=\"La Defensor\u00eda cuestion\u00f3 a los bancos por poner trabas en el otorgamiento de cr\u00e9ditos\" class=\"read-more\" href=\"https:\/\/www.hoymercedes.com.ar\/principal\/2020\/04\/20\/la-defensoria-cuestiono-a-los-bancos-por-poner-trabas-en-el-otorgamiento-de-creditos\/\" aria-label=\"Leer m\u00e1s sobre La Defensor\u00eda cuestion\u00f3 a los bancos por poner trabas en el otorgamiento de cr\u00e9ditos\">Leer m\u00e1s<\/a><\/p>\n","protected":false},"author":1,"featured_media":81845,"comment_status":"closed","ping_status":"open","sticky":false,"template":"","format":"standard","meta":{"_monsterinsights_skip_tracking":false,"_monsterinsights_sitenote_active":false,"_monsterinsights_sitenote_note":"","_monsterinsights_sitenote_category":0,"jetpack_post_was_ever_published":false,"_jetpack_newsletter_access":"","_jetpack_dont_email_post_to_subs":false,"_jetpack_newsletter_tier_id":0,"_jetpack_memberships_contains_paywalled_content":false,"_jetpack_memberships_contains_paid_content":false,"footnotes":"","jetpack_publicize_message":"","jetpack_publicize_feature_enabled":true,"jetpack_social_post_already_shared":true,"jetpack_social_options":{"image_generator_settings":{"template":"highway","default_image_id":0,"font":"","enabled":false},"version":2},"_wpas_customize_per_network":false},"categories":[8881],"tags":[9284,1803],"class_list":["post-109672","post","type-post","status-publish","format-standard","has-post-thumbnail","hentry","category-provincia","tag-defensor-del-pueblo","tag-provincia","generate-columns","tablet-grid-50","mobile-grid-100","grid-parent","grid-50"],"jetpack_publicize_connections":[],"jetpack_featured_media_url":"https:\/\/www.hoymercedes.com.ar\/principal\/wp-content\/uploads\/2018\/09\/30-lorenzino.jpg","wps_subtitle":"","jetpack_sharing_enabled":true,"_links":{"self":[{"href":"https:\/\/www.hoymercedes.com.ar\/principal\/wp-json\/wp\/v2\/posts\/109672","targetHints":{"allow":["GET"]}}],"collection":[{"href":"https:\/\/www.hoymercedes.com.ar\/principal\/wp-json\/wp\/v2\/posts"}],"about":[{"href":"https:\/\/www.hoymercedes.com.ar\/principal\/wp-json\/wp\/v2\/types\/post"}],"author":[{"embeddable":true,"href":"https:\/\/www.hoymercedes.com.ar\/principal\/wp-json\/wp\/v2\/users\/1"}],"replies":[{"embeddable":true,"href":"https:\/\/www.hoymercedes.com.ar\/principal\/wp-json\/wp\/v2\/comments?post=109672"}],"version-history":[{"count":0,"href":"https:\/\/www.hoymercedes.com.ar\/principal\/wp-json\/wp\/v2\/posts\/109672\/revisions"}],"wp:featuredmedia":[{"embeddable":true,"href":"https:\/\/www.hoymercedes.com.ar\/principal\/wp-json\/wp\/v2\/media\/81845"}],"wp:attachment":[{"href":"https:\/\/www.hoymercedes.com.ar\/principal\/wp-json\/wp\/v2\/media?parent=109672"}],"wp:term":[{"taxonomy":"category","embeddable":true,"href":"https:\/\/www.hoymercedes.com.ar\/principal\/wp-json\/wp\/v2\/categories?post=109672"},{"taxonomy":"post_tag","embeddable":true,"href":"https:\/\/www.hoymercedes.com.ar\/principal\/wp-json\/wp\/v2\/tags?post=109672"}],"curies":[{"name":"wp","href":"https:\/\/api.w.org\/{rel}","templated":true}]}}