{"id":109683,"date":"2020-04-21T06:33:00","date_gmt":"2020-04-21T09:33:00","guid":{"rendered":"http:\/\/www.hoymercedes.com.ar\/principal\/?p=109683"},"modified":"2020-04-20T22:26:46","modified_gmt":"2020-04-21T01:26:46","slug":"el-saneamiento-del-agua-y-como-impulsar-usos-eficientes","status":"publish","type":"post","link":"https:\/\/www.hoymercedes.com.ar\/principal\/2020\/04\/21\/el-saneamiento-del-agua-y-como-impulsar-usos-eficientes\/","title":{"rendered":"El saneamiento del agua y como impulsar usos eficientes"},"content":{"rendered":"\n<p>Por Cristi\u00e1n\nFrers* &#8211; En la actualidad, millones de personas\nest\u00e1n atrapadas en la pobreza por el mal abastecimiento de agua y el\nsaneamiento deficiente, lo que contribuye al retraso del crecimiento y a la\nexistencia de enfermedades debilitantes de la infancia. Con el fin de brindar a\ntodas las personas la misma oportunidad de alcanzar su m\u00e1ximo potencial, son\nnecesarios m\u00e1s recursos, dirigidos a \u00e1reas de vulnerabilidad alta y acceso\nlimitado, para reducir diferencias y mejorar servicios deficientes de agua y\nsaneamiento<em>.<\/em><\/p>\n\n\n\n<p>Unos 663\nmillones de personas, una de cada diez, no tienen acceso al agua potable y\n2.400 millones de personas, una de cada tres, no tienen acceso a un saneamiento\nadecuado. En otras palabras, son m\u00e1s las personas que tienen un tel\u00e9fono celular\nque las que tienen agua potable.<\/p>\n\n\n\n<p>La poluci\u00f3n\ny la contaminaci\u00f3n constituyen aspectos importantes de la contaminaci\u00f3n del\nagua. Numerosas actividades humanas tienen un impacto sobre la calidad del\nagua, entre ellas, la agricultura, la industria, la disposici\u00f3n de los residuos\nhumanos, el crecimiento poblacional y la urbanizaci\u00f3n.<\/p>\n\n\n\n<p>La escasez de agua es un problema que puede aumentar y que puede producir\nconsecuencias graves como enfermedades. Se sabe que el agua contaminada puede\ntransmitir enfermedades como la diarrea, el <a href=\"https:\/\/eacnur.org\/es\/actualidad\/noticias\/emergencias\/colera-la-mayor-epidemia-de-la-historia\/?&amp;tc_alt=45664&amp;n_o_pst=n_o_pst\" target=\"_blank\" rel=\"noopener\">c\u00f3lera<\/a> o la poliomielitis. La <a href=\"https:\/\/eacnur.org\/blog\/soluciones-para-la-contaminacion-del-agua-campos-refugiadostc_alt45664n_o_pstn_o_pst\/\" target=\"_blank\" rel=\"noopener\">contaminaci\u00f3n<\/a> del agua produce m\u00e1s de 502.000 muertes por diarrea al\na\u00f1o. Adem\u00e1s, la falta de agua, puede producir deshidrataci\u00f3n y generar m\u00e1s\ncomplicaciones.<\/p>\n\n\n\n<p>En Argentina la disponibilidad de agua supera la\ndemanda. Sin embargo, eso no es una muy buena noticia ya que actualmente, el\n11% de la poblaci\u00f3n carece de agua corriente y muchos miles la desperdician sin\nning\u00fan motivo.<\/p>\n\n\n\n<p>El director\nde la Universidad de Sophia, ubicada en la ciudad de Tokio (Jap\u00f3n), Guangwei\nHuang, expreso: \u201cUtilizar los humedales y humedales artificiales de un modo\ninteligente pueden ayudar a controlar la contaminaci\u00f3n del agua y al mismo\ntiempo, promover las econom\u00edas locales (como Municipios)\u201d y contin\u00fao diciendo\n\u201cUn monitoreo ambiental apropiado y el cumplimiento de la legislaci\u00f3n son las\nclaves para lograr un uso prudente del agua en los pa\u00edses de Am\u00e9rica Latina\u201d.<\/p>\n\n\n\n<p>Esto es lo\nmismo que manifest\u00e9 durante diez a\u00f1os, desde fines del 2005 hasta enero del\n2016, en Carmen de Areco \u2013 Provincia de Buenos Aires ni a la gente, ni a los\nfuncionarios p\u00fablicos y a los pol\u00edticos les intereso, ni me prestaron atenci\u00f3n\ny aun hoy, en el 2020, lo sigo haciendo a pesar que no vivo en la localidad.<\/p>\n\n\n\n<p>No solo\nporque es importante para Carmen de Areco, sino porque ser\u00eda importante tambi\u00e9n\npara otras localidades y Municipios de la Provincia de Buenos Aires e inclusive\npara ciudades y Municipios de otras Provincias de la Argentina.<\/p>\n\n\n\n<p>B\u00e1sicamente, los humedales artificiales son zonas construidas por el hombre\nen las que se reproducen, de manera controlada, los procesos f\u00edsicos, qu\u00edmicos\ny biol\u00f3gicos de eliminaci\u00f3n de contaminantes que ocurren normalmente en los\nhumedales naturales.<\/p>\n\n\n\n<p>El uso de\nplantas acu\u00e1ticas en el tratamiento de aguas residuales se ha convertido en un\nenfoque particular en los \u00faltimos a\u00f1os. Las plantas acu\u00e1ticas como la lechuga\nde agua, el jacinto de agua, los camalotes y los juncos\nhan sido utilizadas para la eliminaci\u00f3n de un amplio rango de contaminantes de\nlas aguas residuales. La alta productividad de algunas plantas flotantes y el\nalto requerimiento nutricional de nitr\u00f3geno (N) y fosforo (P) hacen que estas\nespecies resulten adecuadas para reducir los niveles de estos nutrientes de los\nefluentes.<\/p>\n\n\n\n<p>El cuidado del ambiente no entiende de\ncolor pol\u00edtico, ni de clases sociales, ni de pa\u00edses ricos o pobres porque nos\nafecta a todos, algo que muchos l\u00edderes mundiales, pol\u00edticos, empresarios y\npersonas se niegan a entender.<\/p>\n\n\n\n<p>La\nimplementaci\u00f3n de pol\u00edticas y reglamentos efectivas en los pa\u00edses en desarrollo\nsuelen ser muy deficientes. Es necesario trabajar sobre la educaci\u00f3n y la\nconcientizaci\u00f3n para comenzar a resolver los problemas del agua.<\/p>\n\n\n\n<p>*Cristi\u00e1n Frers \u2013 T\u00e9cnico Superior en Gesti\u00f3n Ambiental y T\u00e9cnico Superior en Comunicaci\u00f3n Social (Periodista).<\/p>\n","protected":false},"excerpt":{"rendered":"<p>Por Cristi\u00e1n Frers* &#8211; En la actualidad, millones de personas est\u00e1n atrapadas en la pobreza por el mal abastecimiento de &#8230; <a title=\"El saneamiento del agua y como impulsar usos eficientes\" class=\"read-more\" href=\"https:\/\/www.hoymercedes.com.ar\/principal\/2020\/04\/21\/el-saneamiento-del-agua-y-como-impulsar-usos-eficientes\/\" aria-label=\"Leer m\u00e1s sobre El saneamiento del agua y como impulsar usos eficientes\">Leer m\u00e1s<\/a><\/p>\n","protected":false},"author":1,"featured_media":90281,"comment_status":"closed","ping_status":"open","sticky":false,"template":"","format":"standard","meta":{"_monsterinsights_skip_tracking":false,"_monsterinsights_sitenote_active":false,"_monsterinsights_sitenote_note":"","_monsterinsights_sitenote_category":0,"jetpack_post_was_ever_published":false,"_jetpack_newsletter_access":"","_jetpack_dont_email_post_to_subs":false,"_jetpack_newsletter_tier_id":0,"_jetpack_memberships_contains_paywalled_content":false,"_jetpack_memberships_contains_paid_content":false,"footnotes":"","jetpack_publicize_message":"","jetpack_publicize_feature_enabled":true,"jetpack_social_post_already_shared":true,"jetpack_social_options":{"image_generator_settings":{"template":"highway","default_image_id":0,"font":"","enabled":false},"version":2},"_wpas_customize_per_network":false},"categories":[1],"tags":[43,8748],"class_list":["post-109683","post","type-post","status-publish","format-standard","has-post-thumbnail","hentry","category-opinion","tag-medio-ambiente","tag-opinion","generate-columns","tablet-grid-50","mobile-grid-100","grid-parent","grid-50"],"jetpack_publicize_connections":[],"jetpack_featured_media_url":"https:\/\/www.hoymercedes.com.ar\/principal\/wp-content\/uploads\/2019\/03\/28-agua-1.jpg","wps_subtitle":"Medio ambiente","jetpack_sharing_enabled":true,"_links":{"self":[{"href":"https:\/\/www.hoymercedes.com.ar\/principal\/wp-json\/wp\/v2\/posts\/109683","targetHints":{"allow":["GET"]}}],"collection":[{"href":"https:\/\/www.hoymercedes.com.ar\/principal\/wp-json\/wp\/v2\/posts"}],"about":[{"href":"https:\/\/www.hoymercedes.com.ar\/principal\/wp-json\/wp\/v2\/types\/post"}],"author":[{"embeddable":true,"href":"https:\/\/www.hoymercedes.com.ar\/principal\/wp-json\/wp\/v2\/users\/1"}],"replies":[{"embeddable":true,"href":"https:\/\/www.hoymercedes.com.ar\/principal\/wp-json\/wp\/v2\/comments?post=109683"}],"version-history":[{"count":0,"href":"https:\/\/www.hoymercedes.com.ar\/principal\/wp-json\/wp\/v2\/posts\/109683\/revisions"}],"wp:featuredmedia":[{"embeddable":true,"href":"https:\/\/www.hoymercedes.com.ar\/principal\/wp-json\/wp\/v2\/media\/90281"}],"wp:attachment":[{"href":"https:\/\/www.hoymercedes.com.ar\/principal\/wp-json\/wp\/v2\/media?parent=109683"}],"wp:term":[{"taxonomy":"category","embeddable":true,"href":"https:\/\/www.hoymercedes.com.ar\/principal\/wp-json\/wp\/v2\/categories?post=109683"},{"taxonomy":"post_tag","embeddable":true,"href":"https:\/\/www.hoymercedes.com.ar\/principal\/wp-json\/wp\/v2\/tags?post=109683"}],"curies":[{"name":"wp","href":"https:\/\/api.w.org\/{rel}","templated":true}]}}