{"id":109700,"date":"2020-04-21T16:05:00","date_gmt":"2020-04-21T19:05:00","guid":{"rendered":"http:\/\/www.hoymercedes.com.ar\/principal\/?p=109700"},"modified":"2020-04-21T17:11:47","modified_gmt":"2020-04-21T20:11:47","slug":"como-funcionan-los-opticos-en-esta-etapa-de-aislamiento-controlado","status":"publish","type":"post","link":"https:\/\/www.hoymercedes.com.ar\/principal\/2020\/04\/21\/como-funcionan-los-opticos-en-esta-etapa-de-aislamiento-controlado\/","title":{"rendered":"C\u00f3mo funcionan los \u00d3pticos en esta etapa de aislamiento controlado"},"content":{"rendered":"\n<p>Desde el Colegio de \u00d3pticos de la provincia de Buenos Aires brindaron recomendaciones a sus matriculados para atender en esta nueva etapa del aislamiento obligatorio en no est\u00e1n autorizados a atender al p\u00fablico, pero s\u00ed podr\u00e1n atender urgencias. <\/p>\n\n\n\n<p>\u00abMientras dure la vigencia del Decreto 297\/2020 del Poder Ejecutivo Nacional, las casas de \u00f3ptica no se encuentran autorizadas para abrir sus puertas normalmente, de forma similar a como se les ha prohibido en otros pa\u00edses. No obstante, COPBA elev\u00f3 al Ministerio de Salud de la Provincia de Buenos Aires un Protocolo en el cual se sugieren actitudes a llevar a cabo en el caso de que los profesionales \u00f3pticos, en su car\u00e1cter de auxiliares de la salud, deban atender casos de pacientes con urgencia de ayudas oculares\u00bb, explican desde el Colegio de \u00d3pticos. <\/p>\n\n\n\n<p>\u00abEs por ello que si un profesional se encontrara ante una situaci\u00f3n de \u00e9stas caracter\u00edsticas que a su juicio personal encuadrare dentro de la excepci\u00f3n del art\u00edculo 6 inciso 6 del Dec. 297\/2020 (caso de fuerza mayor), se sugieren realizar los siguientes procedimientos:<\/p>\n\n\n\n<ol class=\"wp-block-list\"><li>La entrega se realizar\u00e1 en la puerta de la casa de \u00f3ptica, sin ingresar a la misma, y dentro de un horario reducido de jornada corrida.<\/li><li>El personal de la casa de \u00f3ptica, que no podr\u00e1 exceder de dos personas en total, atender\u00e1 debidamente equipado con los Elementos de Protecci\u00f3n Personal (EPP) que se detallan al final.<\/li><li>Previendo que resulta imprescindible el ingreso del paciente a la casa de \u00f3ptica, deber\u00e1n observare todas las medidas recomendadas de distancia interpersonal por las autoridades sanitarias, a cuyo fin se indica la adaptaci\u00f3n de las salas de atenci\u00f3n con separadores y marcas de indicaci\u00f3n.<\/li><li>A fin de efectuar la entrega, el paciente deber\u00e1 previamente concertar en forma telef\u00f3nica o por medios electr\u00f3nicos un turno con la casa de \u00f3ptica, que se entregar\u00e1n con 10 minutos de distancia cada uno.<\/li><li>La casa de \u00f3ptica entregar\u00e1 un formulario al paciente, firmado por el Director T\u00e9cnico, con nombre, apellido, DNI y domicilio de la persona atendida, cuyo modelo podr\u00e1 bajarse de la p\u00e1gina del COPBA, y con el cual la persona acreditar\u00e1 ante las autoridades policiales su circulaci\u00f3n, m\u00e1s all\u00e1 de obtener el paciente y el profesional \u00f3ptico el permiso de tr\u00e1nsito correspondiente.<\/li><li>Se sugiere rotar al Personal en virtud de que en caso de detectarse un caso de COVID-19 entre el mismo, deber\u00e1n aislarse obligatoriamente a aquellos que hubieren estado en contacto con la persona infectada.<\/li><li>Se informa que el Ministerio de Trabajo de la Provincia de Buenos Aires ha dispuesto mediante Resoluci\u00f3n 135\/2020 que deber\u00e1 exhibirse obligatoriamente en los establecimientos que posean personal un Protocolo de Higiene y Seguridad en el Trabajo propio de la casa de \u00f3ptica. En caso de no tenerlo, la norma prev\u00e9 la aplicaci\u00f3n de sanciones.<\/li><li>Se recuerda asimismo para el caso de profesionales \u00f3pticos y\/o personal en relaci\u00f3n de dependencia, que se encuentra vigente la Resoluci\u00f3n 207\/2020 del Ministerio de Trabajo de la Naci\u00f3n que suspende la obligaci\u00f3n de prestar tareas laborales a mayores de sesenta a\u00f1os, excepto que sean persona esencial, embarazadas y personas incluidas en los grupos de riesgo.<\/li><\/ol>\n\n\n\n<p><strong>Recomendaciones especiales a tener en cuenta para la atenci\u00f3n en las casas de \u00f3ptica<\/strong><\/p>\n\n\n\n<p>La siguientes recomendaciones, se efect\u00faan en base al Manual de Atenci\u00f3n de Salud emitido por la OMS (Organizaci\u00f3n Mundial de la Salud). Para facilitar su comprensi\u00f3n, en cada recomendaci\u00f3n se incluye en qu\u00e9 punto del Manual se encuentra, sugiriendo su lectura tanto al Director T\u00e9cnico como a todo el personal.<\/p>\n\n\n\n<ol class=\"wp-block-list\"><li>Tener especial atenci\u00f3n al lavado de manos tanto del personal como de los pacientes, antes y despu\u00e9s de cada acci\u00f3n, tanto a trav\u00e9s de agua y jab\u00f3n como soluciones en base a alcohol, siguiendo las indicaciones del Manual en sus puntos 29 a 40.<\/li><li>Proveer al personal de ELEMENTOS DE PROTECCI\u00d3N PERSONAL (EPP), en especial guantes y protectores de mucosas faciales, de acuerdo a las indicaciones del Manual en sus puntos 62, 63, 65 y 70.<\/li><li>Tener especial atenci\u00f3n en la limpieza y desinfecci\u00f3n de armazones (a probar o a reparar), pupil\u00f3metros, reglillas, l\u00e1mpara de hendidura, for\u00f3ptero, montura de pruebas y cualquier otro equipo y\/o instrumental que haga contacto con el paciente, antes y despu\u00e9s de cada manipulaci\u00f3n, de acuerdo a las recomendaciones del Manual en sus puntos 103 y 104.<\/li><li>Se sugiere no iniciar nuevas adaptaciones de lentes de contacto, hasta que la pandemia est\u00e9 controlada, a excepci\u00f3n de que reciban una receta de m\u00e9dico oftalm\u00f3logo que indique car\u00e1cter urgente. En caso de ser imprescindible hacerlo, no se colocar\u00e1n lentes de contacto por parte del profesional.Al momento de realizar la prueba concreta, se instruir\u00e1 al nuevo paciente sobre la manipulaci\u00f3n de sus lentes, siendo \u00e9l mismo quien los coloque y retire, en lugar del profesional.<\/li><\/ol>\n\n\n\n<figure class=\"wp-block-table\"><table class=\"\"><tbody><tr><td><\/td><td><a rel=\"noreferrer noopener\" target=\"_blank\" href=\"http:\/\/106570.clicks.dattanet.com\/track\/click?u=2195980&amp;p=3130363537303a38393a36383a303a303a30&amp;s=ffa35dd45460a2712dcc2e314bdc61a8&amp;m=1733\">Certificado de Atenci\u00f3n<\/a><\/td><\/tr><tr><td><\/td><td><a rel=\"noreferrer noopener\" target=\"_blank\" href=\"http:\/\/106570.clicks.dattanet.com\/track\/click?u=2195981&amp;p=3130363537303a38393a36383a303a313a30&amp;s=ffa35dd45460a2712dcc2e314bdc61a8&amp;m=1733\">Prevenci\u00f3n y control de infecciones asociadas a la atenci\u00f3n de la salud (OMS)<\/a><\/td><\/tr><tr><td><\/td><td><a rel=\"noreferrer noopener\" target=\"_blank\" href=\"http:\/\/106570.clicks.dattanet.com\/track\/click?u=2195982&amp;p=3130363537303a38393a36383a303a323a30&amp;s=ffa35dd45460a2712dcc2e314bdc61a8&amp;m=1733\">Higiene de las manos en la atenci\u00f3n Sanitaria (OMS)<\/a><\/td><\/tr><\/tbody><\/table><\/figure>\n","protected":false},"excerpt":{"rendered":"<p>Desde el Colegio de \u00d3pticos de la provincia de Buenos Aires brindaron recomendaciones a sus matriculados para atender en esta &#8230; <a title=\"C\u00f3mo funcionan los \u00d3pticos en esta etapa de aislamiento controlado\" class=\"read-more\" href=\"https:\/\/www.hoymercedes.com.ar\/principal\/2020\/04\/21\/como-funcionan-los-opticos-en-esta-etapa-de-aislamiento-controlado\/\" aria-label=\"Leer m\u00e1s sobre C\u00f3mo funcionan los \u00d3pticos en esta etapa de aislamiento controlado\">Leer m\u00e1s<\/a><\/p>\n","protected":false},"author":1,"featured_media":109717,"comment_status":"closed","ping_status":"open","sticky":false,"template":"","format":"standard","meta":{"_monsterinsights_skip_tracking":false,"_monsterinsights_sitenote_active":false,"_monsterinsights_sitenote_note":"","_monsterinsights_sitenote_category":0,"jetpack_post_was_ever_published":false,"_jetpack_newsletter_access":"","_jetpack_dont_email_post_to_subs":false,"_jetpack_newsletter_tier_id":0,"_jetpack_memberships_contains_paywalled_content":false,"_jetpack_memberships_contains_paid_content":false,"footnotes":"","jetpack_publicize_message":"","jetpack_publicize_feature_enabled":true,"jetpack_social_post_already_shared":true,"jetpack_social_options":{"image_generator_settings":{"template":"highway","default_image_id":0,"font":"","enabled":false},"version":2},"_wpas_customize_per_network":false},"categories":[9791],"tags":[16515,134],"class_list":["post-109700","post","type-post","status-publish","format-standard","has-post-thumbnail","hentry","category-salud","tag-opticos","tag-salud","generate-columns","tablet-grid-50","mobile-grid-100","grid-parent","grid-50"],"jetpack_publicize_connections":[],"jetpack_featured_media_url":"https:\/\/www.hoymercedes.com.ar\/principal\/wp-content\/uploads\/2020\/04\/21-opticas.jpg","wps_subtitle":"Salud para tus ojos","jetpack_sharing_enabled":true,"_links":{"self":[{"href":"https:\/\/www.hoymercedes.com.ar\/principal\/wp-json\/wp\/v2\/posts\/109700","targetHints":{"allow":["GET"]}}],"collection":[{"href":"https:\/\/www.hoymercedes.com.ar\/principal\/wp-json\/wp\/v2\/posts"}],"about":[{"href":"https:\/\/www.hoymercedes.com.ar\/principal\/wp-json\/wp\/v2\/types\/post"}],"author":[{"embeddable":true,"href":"https:\/\/www.hoymercedes.com.ar\/principal\/wp-json\/wp\/v2\/users\/1"}],"replies":[{"embeddable":true,"href":"https:\/\/www.hoymercedes.com.ar\/principal\/wp-json\/wp\/v2\/comments?post=109700"}],"version-history":[{"count":0,"href":"https:\/\/www.hoymercedes.com.ar\/principal\/wp-json\/wp\/v2\/posts\/109700\/revisions"}],"wp:featuredmedia":[{"embeddable":true,"href":"https:\/\/www.hoymercedes.com.ar\/principal\/wp-json\/wp\/v2\/media\/109717"}],"wp:attachment":[{"href":"https:\/\/www.hoymercedes.com.ar\/principal\/wp-json\/wp\/v2\/media?parent=109700"}],"wp:term":[{"taxonomy":"category","embeddable":true,"href":"https:\/\/www.hoymercedes.com.ar\/principal\/wp-json\/wp\/v2\/categories?post=109700"},{"taxonomy":"post_tag","embeddable":true,"href":"https:\/\/www.hoymercedes.com.ar\/principal\/wp-json\/wp\/v2\/tags?post=109700"}],"curies":[{"name":"wp","href":"https:\/\/api.w.org\/{rel}","templated":true}]}}