{"id":109710,"date":"2020-04-21T11:20:30","date_gmt":"2020-04-21T14:20:30","guid":{"rendered":"http:\/\/www.hoymercedes.com.ar\/principal\/?p=109710"},"modified":"2020-04-21T17:11:13","modified_gmt":"2020-04-21T20:11:13","slug":"convenio-para-comprar-carne-mas-barata-y-entregar-a-comedores","status":"publish","type":"post","link":"https:\/\/www.hoymercedes.com.ar\/principal\/2020\/04\/21\/convenio-para-comprar-carne-mas-barata-y-entregar-a-comedores\/","title":{"rendered":"Convenio para comprar carne m\u00e1s barata y entregar a comedores"},"content":{"rendered":"\n<p>A trav\u00e9s de una conferencia de prensa, el Municipio de Mercedes anunci\u00f3 un convenio solidario celebrado entre el gobierno municipal, productores ganaderos locales, y un frigor\u00edfico para concretar la compra de carnes a menor valor y entregar as\u00ed en los comedores comunitarios y en la ayuda social. <\/p>\n\n\n\n<div class=\"wp-block-image\"><figure class=\"aligncenter size-large\"><img loading=\"lazy\" decoding=\"async\" width=\"800\" height=\"533\" data-attachment-id=\"109712\" data-permalink=\"https:\/\/www.hoymercedes.com.ar\/principal\/2020\/04\/21\/convenio-para-comprar-carne-mas-barata-y-entregar-a-comedores\/21-convenio-carne\/#main\" data-orig-file=\"https:\/\/www.hoymercedes.com.ar\/principal\/wp-content\/uploads\/2020\/04\/21-convenio-carne.jpeg\" data-orig-size=\"800,533\" data-comments-opened=\"0\" data-image-meta=\"{&quot;aperture&quot;:&quot;0&quot;,&quot;credit&quot;:&quot;&quot;,&quot;camera&quot;:&quot;&quot;,&quot;caption&quot;:&quot;&quot;,&quot;created_timestamp&quot;:&quot;0&quot;,&quot;copyright&quot;:&quot;&quot;,&quot;focal_length&quot;:&quot;0&quot;,&quot;iso&quot;:&quot;0&quot;,&quot;shutter_speed&quot;:&quot;0&quot;,&quot;title&quot;:&quot;&quot;,&quot;orientation&quot;:&quot;0&quot;}\" data-image-title=\"21 convenio carne\" data-image-description=\"\" data-image-caption=\"\" data-large-file=\"https:\/\/www.hoymercedes.com.ar\/principal\/wp-content\/uploads\/2020\/04\/21-convenio-carne.jpeg\" src=\"https:\/\/www.hoymercedes.com.ar\/principal\/wp-content\/uploads\/2020\/04\/21-convenio-carne.jpeg\" alt=\"\" class=\"wp-image-109712\"\/><\/figure><\/div>\n\n\n\n<p>La propuesta lleg\u00f3 de la mano de unos productores ganaderos de la zona rural con el fin de, en primer t\u00e9rmino donar algunas cabezas de ganado para la entrega social del municipio. Sin embargo, la cantidad necesaria es mayor y entonces, la propuesta se fue dando forma para adquirir la producci\u00f3n a bajo costo y sumar a un frigor\u00edfico para la faena. <\/p>\n\n\n\n<p>El Intendente Ustarroz explic\u00f3 que el Municipio de Mercedes compra para los programas sociales 1.700 kilos de carne por mes, y frente a esta pandemia la situaci\u00f3n econ\u00f3mica empeor\u00f3. Con este convenio solidario el Municipio adquiere carne muy por debajo a los precios del mercado. Habr\u00e1 productores que donar\u00e1n, otros que compensar\u00e1n el pago de tasas con carne y a otros se les comprar\u00e1 a precios bajos (80 o 100 pesos el kilo) donde luego interviene el frigor\u00edfico\u201d.<\/p>\n\n\n\n<p>Natalia Matina del frigor\u00edfico El Mercedino sintetiz\u00f3 la propuesta. \u00abEl Municipio necesitaba comprar el doble de carne por la misma cantidad de dinero, econ\u00f3micamente planteado as\u00ed es imposible, por eso la parte solidaria es fundamental y fue all\u00ed que nos dimos cuenta de que se puede. Este proyecto tiene dos caracter\u00edsticas esenciales, es s\u00f3lido y transparente y creo que con esas premisas es muy f\u00e1cil llegar a los objetivos\u201d<\/p>\n\n\n\n<p>\u00abEl frigor\u00edfico nos brinda su trabajo de manera gratuita al municipio para enfrentar esta pandemia. Luego otro actor clave es la carnicer\u00eda  de Fabi\u00e1n Anchuvi que ofrece su trabajo por un tiempo de forma gratuita. Con estas acciones solidarias logramos acceder a mayor cantidad de carne que ser\u00e1 distribuida entre los programas sociales y los comedores\u201d, agreg\u00f3 Ustarroz.<\/p>\n\n\n\n<p>Por su parte,  Dami\u00e1n Lacoste, productor de Altamira cont\u00f3 que intenci\u00f3n era ser un actor solidario teniendo en cuenta los costos que hoy tiene un productor, por eso nos reunimos con el intendente Ustarroz y su equipo, con el cual pudimos llegar, gracias a la participaci\u00f3n solidaria de muchos actores, a bajar al 50 por ciento el costo\u201d. &nbsp;&nbsp;&nbsp;<\/p>\n","protected":false},"excerpt":{"rendered":"<p>A trav\u00e9s de una conferencia de prensa, el Municipio de Mercedes anunci\u00f3 un convenio solidario celebrado entre el gobierno municipal, &#8230; <a title=\"Convenio para comprar carne m\u00e1s barata y entregar a comedores\" class=\"read-more\" href=\"https:\/\/www.hoymercedes.com.ar\/principal\/2020\/04\/21\/convenio-para-comprar-carne-mas-barata-y-entregar-a-comedores\/\" aria-label=\"Leer m\u00e1s sobre Convenio para comprar carne m\u00e1s barata y entregar a comedores\">Leer m\u00e1s<\/a><\/p>\n","protected":false},"author":1,"featured_media":109712,"comment_status":"closed","ping_status":"open","sticky":false,"template":"","format":"standard","meta":{"_monsterinsights_skip_tracking":false,"_monsterinsights_sitenote_active":false,"_monsterinsights_sitenote_note":"","_monsterinsights_sitenote_category":0,"jetpack_post_was_ever_published":false,"_jetpack_newsletter_access":"","_jetpack_dont_email_post_to_subs":false,"_jetpack_newsletter_tier_id":0,"_jetpack_memberships_contains_paywalled_content":false,"_jetpack_memberships_contains_paid_content":false,"footnotes":"","jetpack_publicize_message":"","jetpack_publicize_feature_enabled":true,"jetpack_social_post_already_shared":true,"jetpack_social_options":{"image_generator_settings":{"template":"highway","default_image_id":0,"font":"","enabled":false},"version":2},"_wpas_customize_per_network":false},"categories":[30],"tags":[16514,16513,244],"class_list":["post-109710","post","type-post","status-publish","format-standard","has-post-thumbnail","hentry","category-municipio","tag-frigorifico","tag-ganaderos","tag-municipio-2","generate-columns","tablet-grid-50","mobile-grid-100","grid-parent","grid-50"],"jetpack_publicize_connections":[],"jetpack_featured_media_url":"https:\/\/www.hoymercedes.com.ar\/principal\/wp-content\/uploads\/2020\/04\/21-convenio-carne.jpeg","wps_subtitle":"","jetpack_sharing_enabled":true,"_links":{"self":[{"href":"https:\/\/www.hoymercedes.com.ar\/principal\/wp-json\/wp\/v2\/posts\/109710","targetHints":{"allow":["GET"]}}],"collection":[{"href":"https:\/\/www.hoymercedes.com.ar\/principal\/wp-json\/wp\/v2\/posts"}],"about":[{"href":"https:\/\/www.hoymercedes.com.ar\/principal\/wp-json\/wp\/v2\/types\/post"}],"author":[{"embeddable":true,"href":"https:\/\/www.hoymercedes.com.ar\/principal\/wp-json\/wp\/v2\/users\/1"}],"replies":[{"embeddable":true,"href":"https:\/\/www.hoymercedes.com.ar\/principal\/wp-json\/wp\/v2\/comments?post=109710"}],"version-history":[{"count":0,"href":"https:\/\/www.hoymercedes.com.ar\/principal\/wp-json\/wp\/v2\/posts\/109710\/revisions"}],"wp:featuredmedia":[{"embeddable":true,"href":"https:\/\/www.hoymercedes.com.ar\/principal\/wp-json\/wp\/v2\/media\/109712"}],"wp:attachment":[{"href":"https:\/\/www.hoymercedes.com.ar\/principal\/wp-json\/wp\/v2\/media?parent=109710"}],"wp:term":[{"taxonomy":"category","embeddable":true,"href":"https:\/\/www.hoymercedes.com.ar\/principal\/wp-json\/wp\/v2\/categories?post=109710"},{"taxonomy":"post_tag","embeddable":true,"href":"https:\/\/www.hoymercedes.com.ar\/principal\/wp-json\/wp\/v2\/tags?post=109710"}],"curies":[{"name":"wp","href":"https:\/\/api.w.org\/{rel}","templated":true}]}}