{"id":109729,"date":"2020-04-22T08:33:00","date_gmt":"2020-04-22T11:33:00","guid":{"rendered":"http:\/\/www.hoymercedes.com.ar\/principal\/?p=109729"},"modified":"2020-04-21T21:32:03","modified_gmt":"2020-04-22T00:32:03","slug":"farmacias-de-turno-dia-miercoles-22-de-abril","status":"publish","type":"post","link":"https:\/\/www.hoymercedes.com.ar\/principal\/2020\/04\/22\/farmacias-de-turno-dia-miercoles-22-de-abril\/","title":{"rendered":"Farmacias de turno d\u00eda mi\u00e9rcoles 22 de abril"},"content":{"rendered":"\n<p>Desde la hora 8:30 del d\u00eda de hoy hasta la misma hora de ma\u00f1ana, las farmacias de turno son: Santa Mar\u00eda, Fern\u00e1ndez y Marchetti<\/p>\n\n\n\n<figure class=\"wp-block-image size-large\"><img loading=\"lazy\" decoding=\"async\" width=\"800\" height=\"533\" data-attachment-id=\"109636\" data-permalink=\"https:\/\/www.hoymercedes.com.ar\/principal\/2020\/04\/20\/farmacias-de-turno-dia-lunes-20-de-abril\/22-abril-2020\/#main\" data-orig-file=\"https:\/\/www.hoymercedes.com.ar\/principal\/wp-content\/uploads\/2020\/04\/22-abril-2020.jpg\" data-orig-size=\"800,533\" data-comments-opened=\"0\" data-image-meta=\"{&quot;aperture&quot;:&quot;0&quot;,&quot;credit&quot;:&quot;&quot;,&quot;camera&quot;:&quot;&quot;,&quot;caption&quot;:&quot;&quot;,&quot;created_timestamp&quot;:&quot;0&quot;,&quot;copyright&quot;:&quot;&quot;,&quot;focal_length&quot;:&quot;0&quot;,&quot;iso&quot;:&quot;0&quot;,&quot;shutter_speed&quot;:&quot;0&quot;,&quot;title&quot;:&quot;&quot;,&quot;orientation&quot;:&quot;0&quot;}\" data-image-title=\"22 abril 2020\" data-image-description=\"\" data-image-caption=\"\" data-large-file=\"https:\/\/www.hoymercedes.com.ar\/principal\/wp-content\/uploads\/2020\/04\/22-abril-2020.jpg\" src=\"https:\/\/www.hoymercedes.com.ar\/principal\/wp-content\/uploads\/2020\/04\/22-abril-2020.jpg\" alt=\"\" class=\"wp-image-109636\"\/><\/figure>\n","protected":false},"excerpt":{"rendered":"<p>Desde la hora 8:30 del d\u00eda de hoy hasta la misma hora de ma\u00f1ana, las farmacias de turno son: Santa &#8230; <a title=\"Farmacias de turno d\u00eda mi\u00e9rcoles 22 de abril\" class=\"read-more\" href=\"https:\/\/www.hoymercedes.com.ar\/principal\/2020\/04\/22\/farmacias-de-turno-dia-miercoles-22-de-abril\/\" aria-label=\"Leer m\u00e1s sobre Farmacias de turno d\u00eda mi\u00e9rcoles 22 de abril\">Leer m\u00e1s<\/a><\/p>\n","protected":false},"author":1,"featured_media":109636,"comment_status":"closed","ping_status":"open","sticky":false,"template":"","format":"standard","meta":{"_monsterinsights_skip_tracking":false,"_monsterinsights_sitenote_active":false,"_monsterinsights_sitenote_note":"","_monsterinsights_sitenote_category":0,"jetpack_post_was_ever_published":false,"_jetpack_newsletter_access":"","_jetpack_dont_email_post_to_subs":false,"_jetpack_newsletter_tier_id":0,"_jetpack_memberships_contains_paywalled_content":false,"_jetpack_memberships_contains_paid_content":false,"footnotes":"","jetpack_publicize_message":"","jetpack_publicize_feature_enabled":true,"jetpack_social_post_already_shared":true,"jetpack_social_options":{"image_generator_settings":{"template":"highway","default_image_id":0,"font":"","enabled":false},"version":2},"_wpas_customize_per_network":false},"categories":[5485],"tags":[14001,14164],"class_list":["post-109729","post","type-post","status-publish","format-standard","has-post-thumbnail","hentry","category-comunidad","tag-farmacias-de-turno","tag-servicios-a-la-comunidad","generate-columns","tablet-grid-50","mobile-grid-100","grid-parent","grid-50"],"jetpack_publicize_connections":[],"jetpack_featured_media_url":"https:\/\/www.hoymercedes.com.ar\/principal\/wp-content\/uploads\/2020\/04\/22-abril-2020.jpg","wps_subtitle":"Servicio a la comunidad","jetpack_sharing_enabled":true,"_links":{"self":[{"href":"https:\/\/www.hoymercedes.com.ar\/principal\/wp-json\/wp\/v2\/posts\/109729","targetHints":{"allow":["GET"]}}],"collection":[{"href":"https:\/\/www.hoymercedes.com.ar\/principal\/wp-json\/wp\/v2\/posts"}],"about":[{"href":"https:\/\/www.hoymercedes.com.ar\/principal\/wp-json\/wp\/v2\/types\/post"}],"author":[{"embeddable":true,"href":"https:\/\/www.hoymercedes.com.ar\/principal\/wp-json\/wp\/v2\/users\/1"}],"replies":[{"embeddable":true,"href":"https:\/\/www.hoymercedes.com.ar\/principal\/wp-json\/wp\/v2\/comments?post=109729"}],"version-history":[{"count":0,"href":"https:\/\/www.hoymercedes.com.ar\/principal\/wp-json\/wp\/v2\/posts\/109729\/revisions"}],"wp:featuredmedia":[{"embeddable":true,"href":"https:\/\/www.hoymercedes.com.ar\/principal\/wp-json\/wp\/v2\/media\/109636"}],"wp:attachment":[{"href":"https:\/\/www.hoymercedes.com.ar\/principal\/wp-json\/wp\/v2\/media?parent=109729"}],"wp:term":[{"taxonomy":"category","embeddable":true,"href":"https:\/\/www.hoymercedes.com.ar\/principal\/wp-json\/wp\/v2\/categories?post=109729"},{"taxonomy":"post_tag","embeddable":true,"href":"https:\/\/www.hoymercedes.com.ar\/principal\/wp-json\/wp\/v2\/tags?post=109729"}],"curies":[{"name":"wp","href":"https:\/\/api.w.org\/{rel}","templated":true}]}}