{"id":109738,"date":"2020-04-22T09:33:00","date_gmt":"2020-04-22T12:33:00","guid":{"rendered":"http:\/\/www.hoymercedes.com.ar\/principal\/?p=109738"},"modified":"2020-04-22T09:51:22","modified_gmt":"2020-04-22T12:51:22","slug":"municipio-realiza-operativos-y-controles-de-seguridad-vial","status":"publish","type":"post","link":"https:\/\/www.hoymercedes.com.ar\/principal\/2020\/04\/22\/municipio-realiza-operativos-y-controles-de-seguridad-vial\/","title":{"rendered":"Municipio realiza operativos y controles de seguridad vial"},"content":{"rendered":"\n<p>Desde el Municipio de Mercedes informaron que incrementaron los controles viales enfatizando en la obligatoriedad del uso de casco en las motos, y en el uso del barbijo, adem\u00e1s de controlar el cumplimiento del aislamiento obligatorio. Como resultados, 60 vecinos fueron interceptados. <\/p>\n\n\n\n<p>\u201cLo m\u00e1s importante es la vida humana. Por eso, adem\u00e1s del respeto a la cuarentena, del uso del barbijo, promovemos y controlamos el uso del caso\u201d, explic\u00f3 el Secretario de Seguridad Gast\u00f3n Arenas. \u00abEl personal del \u00e1rea de tr\u00e1nsito tiene una tarea muy compleja, porque el vecino no siempre entiende, pero es muy necesario usen casco y protejan su vida\u201d agreg\u00f3 el funcionario.<\/p>\n\n\n\n<p>\u201cAlrededor de 60 personas fueron interceptadas. Nadie pudo continuar circulando sin casco. Fue un operativo que a la vista del contexto social para algunos es una complejidad m\u00e1s, pero para la gran mayor\u00eda es fundamental. Se trata de cuidar la vida en momentos en que m\u00e1s necesitamos tener respeto a los controles y prevenci\u00f3n\u201d afirm\u00f3 el responsable de la cartera de seguridad comunal.<\/p>\n\n\n\n<p>Los operativos se efectuaron en distintos puntos de la ciudad, en distintas horas y de manera sorpresiva y, as\u00ed seguir\u00edan en adelante. <\/p>\n\n\n\n<p>Fuente: Prensa Municipio<\/p>\n","protected":false},"excerpt":{"rendered":"<p>Desde el Municipio de Mercedes informaron que incrementaron los controles viales enfatizando en la obligatoriedad del uso de casco en &#8230; <a title=\"Municipio realiza operativos y controles de seguridad vial\" class=\"read-more\" href=\"https:\/\/www.hoymercedes.com.ar\/principal\/2020\/04\/22\/municipio-realiza-operativos-y-controles-de-seguridad-vial\/\" aria-label=\"Leer m\u00e1s sobre Municipio realiza operativos y controles de seguridad vial\">Leer m\u00e1s<\/a><\/p>\n","protected":false},"author":1,"featured_media":109739,"comment_status":"closed","ping_status":"open","sticky":false,"template":"","format":"standard","meta":{"_monsterinsights_skip_tracking":false,"_monsterinsights_sitenote_active":false,"_monsterinsights_sitenote_note":"","_monsterinsights_sitenote_category":0,"jetpack_post_was_ever_published":false,"_jetpack_newsletter_access":"","_jetpack_dont_email_post_to_subs":false,"_jetpack_newsletter_tier_id":0,"_jetpack_memberships_contains_paywalled_content":false,"_jetpack_memberships_contains_paid_content":false,"footnotes":"","jetpack_publicize_message":"","jetpack_publicize_feature_enabled":true,"jetpack_social_post_already_shared":true,"jetpack_social_options":{"image_generator_settings":{"template":"highway","default_image_id":0,"font":"","enabled":false},"version":2},"_wpas_customize_per_network":false},"categories":[30],"tags":[244,16518,626],"class_list":["post-109738","post","type-post","status-publish","format-standard","has-post-thumbnail","hentry","category-municipio","tag-municipio-2","tag-operativos","tag-seguridad-vial","generate-columns","tablet-grid-50","mobile-grid-100","grid-parent","grid-50"],"jetpack_publicize_connections":[],"jetpack_featured_media_url":"https:\/\/www.hoymercedes.com.ar\/principal\/wp-content\/uploads\/2020\/04\/22-seguridad.jpg","wps_subtitle":"Seguridad vial","jetpack_sharing_enabled":true,"_links":{"self":[{"href":"https:\/\/www.hoymercedes.com.ar\/principal\/wp-json\/wp\/v2\/posts\/109738","targetHints":{"allow":["GET"]}}],"collection":[{"href":"https:\/\/www.hoymercedes.com.ar\/principal\/wp-json\/wp\/v2\/posts"}],"about":[{"href":"https:\/\/www.hoymercedes.com.ar\/principal\/wp-json\/wp\/v2\/types\/post"}],"author":[{"embeddable":true,"href":"https:\/\/www.hoymercedes.com.ar\/principal\/wp-json\/wp\/v2\/users\/1"}],"replies":[{"embeddable":true,"href":"https:\/\/www.hoymercedes.com.ar\/principal\/wp-json\/wp\/v2\/comments?post=109738"}],"version-history":[{"count":0,"href":"https:\/\/www.hoymercedes.com.ar\/principal\/wp-json\/wp\/v2\/posts\/109738\/revisions"}],"wp:featuredmedia":[{"embeddable":true,"href":"https:\/\/www.hoymercedes.com.ar\/principal\/wp-json\/wp\/v2\/media\/109739"}],"wp:attachment":[{"href":"https:\/\/www.hoymercedes.com.ar\/principal\/wp-json\/wp\/v2\/media?parent=109738"}],"wp:term":[{"taxonomy":"category","embeddable":true,"href":"https:\/\/www.hoymercedes.com.ar\/principal\/wp-json\/wp\/v2\/categories?post=109738"},{"taxonomy":"post_tag","embeddable":true,"href":"https:\/\/www.hoymercedes.com.ar\/principal\/wp-json\/wp\/v2\/tags?post=109738"}],"curies":[{"name":"wp","href":"https:\/\/api.w.org\/{rel}","templated":true}]}}