{"id":109751,"date":"2020-04-22T16:11:00","date_gmt":"2020-04-22T19:11:00","guid":{"rendered":"http:\/\/www.hoymercedes.com.ar\/principal\/?p=109751"},"modified":"2020-04-23T12:21:00","modified_gmt":"2020-04-23T15:21:00","slug":"capacitacion-virtual-para-docentes-de-todos-los-niveles","status":"publish","type":"post","link":"https:\/\/www.hoymercedes.com.ar\/principal\/2020\/04\/22\/capacitacion-virtual-para-docentes-de-todos-los-niveles\/","title":{"rendered":"Capacitaci\u00f3n virtual para docentes de todos los niveles"},"content":{"rendered":"\n<p>El CIIE Mercedes anunci\u00f3 a trav\u00e9s de sus redes un curso de Continuidad Pedag\u00f3gica en la Emergencia para docentes. Una propuesta orientada a docentes de todos los niveles que se organiza en cuatro m\u00f3dulos. La inscripci\u00f3n se habilitar\u00e1 el jueves 23, 7 horas, a trav\u00e9s de los formularios on-line publicados en redes sociales de los CIIEs y enviados a las escuelas v\u00eda Inspecci\u00f3n General.<\/p>\n\n\n\n<hr class=\"wp-block-separator\"\/>\n\n\n\n<p>Desde el inicio de la pandemia, la Direcci\u00f3n General de Cultura y Educaci\u00f3n viene desarrollando un conjunto de acciones para la continuidad pedag\u00f3gica con el desaf\u00edo es seguir haciendo escuela en estos tiempos<strong>.\u00a0<\/strong>Ense\u00f1ar, aprender, sostener y fortalecer los v\u00ednculos entre docentes, estudiantes, familias y la comunidad educativa toda.\u00a0<\/p>\n\n\n\n<p>Partiendo de la heterogeneidad de formaciones y experiencias de las instituciones y comunidades educativas de todo el territorio bonaerense, el principal objetivo del programa es ofrecer apoyo para la tarea de ense\u00f1ar en el marco de la continuidad pedag\u00f3gica desde un enfoque centrado en el cuidado y la perspectiva de derechos. Para ello, se propondr\u00e1n dispositivos de acompa\u00f1amiento y herramientas que contemplen esas diferencias y especificidades, a la vez que aporten a no renunciar a un espacio com\u00fan.&nbsp;<\/p>\n\n\n\n<p>Las actividades formativas procurar\u00e1n que las estrategias pedag\u00f3gicas para la continuidad educativa\u00a0que se desplieguen en el territorio provincial se potencien con los contenidos\u00a0que se distribuyen a trav\u00e9s de los cuadernillos y la plataforma Continuemos Estudiando y con las dem\u00e1s herramientas que dispuso la DGCYE para fortalecer los v\u00ednculos con las y los estudiantes y entre todos los actores del sistema educativo. \u00a0<\/p>\n\n\n\n<p><strong>Curso para equipos directivos<\/strong><\/p>\n\n\n\n<p>M\u00f3dulos tem\u00e1ticos:<\/p>\n\n\n\n<p>-Marco \u00e9tico y pol\u00edtico de la continuidad pedag\u00f3gica desde el paradigma del cuidado y la perspectiva de derechos.&nbsp;<\/p>\n\n\n\n<p>-Planificaci\u00f3n, pensando los acuerdos y criterios institucionales posibles y deseables para sostener las trayectorias educativas en este tiempo.&nbsp;<\/p>\n\n\n\n<p>-Desarrollo de encuentros pedag\u00f3gicos a distancia que ponen el foco en el lazo y en la producci\u00f3n de sentido, as\u00ed como en el acceso a los materiales y recursos (cuadernillos, plataforma Continuemos Estudiando) producidos por la DGCyE.&nbsp;<\/p>\n\n\n\n<p>-Ideas y din\u00e1micas de trabajo entre pares para repensar la evaluaci\u00f3n m\u00e1s all\u00e1 de la calificaci\u00f3n, como espacio de di\u00e1logo y tambi\u00e9n de seguimiento de las propuestas de ense\u00f1anza.\u00a0<\/p>\n\n\n\n<p><strong>Curso para docentes de todos los niveles y modalidades<\/strong><\/p>\n\n\n\n<p>M\u00f3dulos tem\u00e1ticos:<\/p>\n\n\n\n<p>-La continuidad pedag\u00f3gica a partir del derecho a la educaci\u00f3n y los paradigmas del cuidado y la convivencia. Nuevas desigualdades y exclusiones en este contexto.&nbsp;<\/p>\n\n\n\n<p>-La planificaci\u00f3n \u201ccomo hoja de ruta siempre cambiante\u201d de encuentros pedag\u00f3gicos a distancia utilizando m\u00faltiples canales, seg\u00fan la propuesta institucional y las necesidades de la comunidad educativa, las posibilidades de organizaci\u00f3n de los tiempos, el espacio, las interacciones y los modos de participaci\u00f3n.&nbsp;<\/p>\n\n\n\n<p>-Aspectos centrales de la educaci\u00f3n a distancia seg\u00fan los niveles: c\u00f3mo presentar las consignas, c\u00f3mo acompa\u00f1ar las conversaciones, qu\u00e9 tipos de tareas son posibles y c\u00f3mo potenciar el aprendizaje entre pares.&nbsp;<\/p>\n\n\n\n<p>-Repensar las pr\u00e1cticas de la evaluaci\u00f3n, m\u00e1s all\u00e1 de la calificaci\u00f3n, como espacio de di\u00e1logo en el marco de la emergencia y como aporte para sostener las trayectorias y el ejercicio del derecho a la educaci\u00f3n.&nbsp;<\/p>\n\n\n\n<p>Duraci\u00f3n: cinco semanas.&nbsp;<\/p>\n\n\n\n<p>Otorgan puntaje.&nbsp;<\/p>\n\n\n\n<p>Inscripci\u00f3n: desde el jueves 23\/04 a las 7 hs., a trav\u00e9s del formulario online provisto por CIIEs y establecimientos educativos.&nbsp;<\/p>\n\n\n\n<p><strong>Apoyo t\u00e9cnico-pedag\u00f3gico para la continuidad pedag\u00f3gica&nbsp;<\/strong><\/p>\n\n\n\n<p>Cabe destacar que a partir de este programa se crean tambi\u00e9n mesas de apoyo t\u00e9cnico-pedag\u00f3gico para acompa\u00f1ar a equipos directivos y docentes en la implementaci\u00f3n y gesti\u00f3n de las propuestas de trabajo. Las mesas ser\u00e1n canales de comunicaci\u00f3n directa para responder consultas y acompa\u00f1ar las acciones de continuidad pedag\u00f3gica. Asimismo, brindar\u00e1n tutoriales autoasistidos y otros recursos pedag\u00f3gicos&nbsp; para familiarizarse con las nuevas herramientas inform\u00e1ticas y para fortalecer las estrategias de educaci\u00f3n a distancia.&nbsp;<\/p>\n\n\n\n<p><br><a rel=\"noreferrer noopener\" href=\"https:\/\/l.facebook.com\/l.php?u=https%3A%2F%2Fbit.ly%2FSECUNDARIAContinuidaddocentesDFDP%3Ffbclid%3DIwAR2FX_oU_sG4wNJ3ho3Bs2xFW8eZ9vXEAZYup-oAMvYtEL33YfHcVu755Qs&amp;h=AT1mVH3YinH0Pv8YZ4mURPZA_K_TFH_FxKggPy3MBezAo8hC8EPlKJyQV__rmao4G5XOfv-wE8pEm2IsK86R8s67B3Mg5JDji4AswfvnDNBEKiq03ClmtvUD0GhwLETttjjW013CewXgwP_eyxflyu8XLR34lDIgyPfpEhwmAtvEKw\" target=\"_blank\">https:\/\/bit.ly\/SECUNDARIAContinuidaddocentesDFDP<\/a>\u00a0<br><a rel=\"noreferrer noopener\" href=\"https:\/\/l.facebook.com\/l.php?u=https%3A%2F%2Fbit.ly%2FPRIMARIAContinuidaddocentesDFDP%3Ffbclid%3DIwAR3W72REdaNeenCXznctAXlv716jmUZ-7f9QJY10tyh2dhDVZLg65BDeYdE&amp;h=AT3V-Gswz37EZsBDkP39e4-4G6hI1ww1bFD2SA78mLG4GYrK69TfJh76KJrnRBn9iBTE9LwEv4qUNBSSmBPiibkFH5pnfqkbraequs569YDaHm1D-sfZ66YSAuQKiPo-bdjkDD-aFU9nRfosfeX8TiKbhVNmuVafbnGK_xDMuLypMA\" target=\"_blank\">https:\/\/bit.ly\/PRIMARIAContinuidaddocentesDFDP<\/a>\u00a0<br><a rel=\"noreferrer noopener\" href=\"https:\/\/l.facebook.com\/l.php?u=https%3A%2F%2Fbit.ly%2FINICIALContinuidaddocentesDFD%3Ffbclid%3DIwAR0wyM-FRMHIb4gffY7yEuadi7sRqUAc4sjTqK2KFa92mW7HCFlH1-aZVSM&amp;h=AT2NroOi_pY0ZajMGDWu1lrfG8q1DtzDb5tMAeIGInveQk9gEAamihhYdQbCpL3kS7QD913myv6AiZVjs_astl74EhrjtZXqlH2zal2FLSTy1ezxsWF9k9hHX7-J0tVxEVezrpK5B1Mxbj0j_V0_gWVP8dLm_VSWPqqZ3HThsS1iVw\" target=\"_blank\">https:\/\/bit.ly\/INICIALContinuidaddocentesDFD<\/a><\/p>\n\n\n\n<p>M\u00f3dulo 1: Enmarca la continuidad pedag\u00f3gica en la contingencia en el marco de pol\u00edtica educativa a partir de los conceptos de derecho a la educaci\u00f3n y paradigmas del cuidado y la convivencia, pero tambi\u00e9n propone analizar las nuevas desigualdades y exclusiones que pueden producirse en este contexto.<br>M\u00f3dulo 2: Aborda la planificaci\u00f3n (como hoja de ruta siempre cambiante) de encuentros pedag\u00f3gicos a distancia a partir del uso de m\u00faltiples canales seg\u00fan las necesidades de la propuesta educativa y de la comunidad (familia\/estudiante), desde una perspectiva que problematiza las herramientas desde el punto de vista pedag\u00f3gico, desde las posibilidades de organizaci\u00f3n de los tiempos, el espacio, las interacciones y los modos de participaci\u00f3n.<br>M\u00f3dulo 3: Desglosa aspectos centrales de la educaci\u00f3n a distancia seg\u00fan los niveles: c\u00f3mo presentar las consignas, c\u00f3mo acompa\u00f1ar las conversaciones, qu\u00e9 tipos de tareas son posibles y c\u00f3mo potenciar el aprendizaje entre pares.<br>M\u00f3dulo 4: Propone ideas y din\u00e1micas para repensar, seg\u00fan los niveles, las pr\u00e1cticas de la evaluaci\u00f3n (m\u00e1s all\u00e1 de la calificaci\u00f3n) como espacio de di\u00e1logo en el marco de la emergencia y como aporte para sostener las trayectorias y el ejercicio del derecho a la educaci\u00f3n.<\/p>\n\n\n\n<p><br>Modalidad: A distancia<br>Destinatarios: Docentes de todos los niveles y modalidades del sistema educativo provincial<br>Duraci\u00f3n: 4 clases<br>Inicia: martes 5 de mayo a<br>Inscripci\u00f3n: En formularios on-line publicados en redes sociales de los CIIEs y enviados a las escuelas v\u00eda Inspecci\u00f3n General<br>Los formularios de inscripci\u00f3n se habilitan el jueves 23 abril a las 7.00 am<\/p>\n","protected":false},"excerpt":{"rendered":"<p>El CIIE Mercedes anunci\u00f3 a trav\u00e9s de sus redes un curso de Continuidad Pedag\u00f3gica en la Emergencia para docentes. Una &#8230; <a title=\"Capacitaci\u00f3n virtual para docentes de todos los niveles\" class=\"read-more\" href=\"https:\/\/www.hoymercedes.com.ar\/principal\/2020\/04\/22\/capacitacion-virtual-para-docentes-de-todos-los-niveles\/\" aria-label=\"Leer m\u00e1s sobre Capacitaci\u00f3n virtual para docentes de todos los niveles\">Leer m\u00e1s<\/a><\/p>\n","protected":false},"author":1,"featured_media":109752,"comment_status":"closed","ping_status":"open","sticky":false,"template":"","format":"standard","meta":{"_monsterinsights_skip_tracking":false,"_monsterinsights_sitenote_active":false,"_monsterinsights_sitenote_note":"","_monsterinsights_sitenote_category":0,"jetpack_post_was_ever_published":false,"_jetpack_newsletter_access":"","_jetpack_dont_email_post_to_subs":false,"_jetpack_newsletter_tier_id":0,"_jetpack_memberships_contains_paywalled_content":false,"_jetpack_memberships_contains_paid_content":false,"footnotes":"","jetpack_publicize_message":"","jetpack_publicize_feature_enabled":true,"jetpack_social_post_already_shared":true,"jetpack_social_options":{"image_generator_settings":{"template":"highway","default_image_id":0,"font":"","enabled":false},"version":2},"_wpas_customize_per_network":false},"categories":[23],"tags":[16461,8815,47],"class_list":["post-109751","post","type-post","status-publish","format-standard","has-post-thumbnail","hentry","category-educacion","tag-capacitacion-virtual","tag-ciie","tag-educacion-2","generate-columns","tablet-grid-50","mobile-grid-100","grid-parent","grid-50"],"jetpack_publicize_connections":[],"jetpack_featured_media_url":"https:\/\/www.hoymercedes.com.ar\/principal\/wp-content\/uploads\/2020\/04\/FB_IMG_15875816379494917.jpg","wps_subtitle":"Virtual","jetpack_sharing_enabled":true,"_links":{"self":[{"href":"https:\/\/www.hoymercedes.com.ar\/principal\/wp-json\/wp\/v2\/posts\/109751","targetHints":{"allow":["GET"]}}],"collection":[{"href":"https:\/\/www.hoymercedes.com.ar\/principal\/wp-json\/wp\/v2\/posts"}],"about":[{"href":"https:\/\/www.hoymercedes.com.ar\/principal\/wp-json\/wp\/v2\/types\/post"}],"author":[{"embeddable":true,"href":"https:\/\/www.hoymercedes.com.ar\/principal\/wp-json\/wp\/v2\/users\/1"}],"replies":[{"embeddable":true,"href":"https:\/\/www.hoymercedes.com.ar\/principal\/wp-json\/wp\/v2\/comments?post=109751"}],"version-history":[{"count":0,"href":"https:\/\/www.hoymercedes.com.ar\/principal\/wp-json\/wp\/v2\/posts\/109751\/revisions"}],"wp:featuredmedia":[{"embeddable":true,"href":"https:\/\/www.hoymercedes.com.ar\/principal\/wp-json\/wp\/v2\/media\/109752"}],"wp:attachment":[{"href":"https:\/\/www.hoymercedes.com.ar\/principal\/wp-json\/wp\/v2\/media?parent=109751"}],"wp:term":[{"taxonomy":"category","embeddable":true,"href":"https:\/\/www.hoymercedes.com.ar\/principal\/wp-json\/wp\/v2\/categories?post=109751"},{"taxonomy":"post_tag","embeddable":true,"href":"https:\/\/www.hoymercedes.com.ar\/principal\/wp-json\/wp\/v2\/tags?post=109751"}],"curies":[{"name":"wp","href":"https:\/\/api.w.org\/{rel}","templated":true}]}}