{"id":109794,"date":"2020-04-23T22:36:00","date_gmt":"2020-04-24T01:36:00","guid":{"rendered":"http:\/\/www.hoymercedes.com.ar\/principal\/?p=109794"},"modified":"2020-04-24T12:43:18","modified_gmt":"2020-04-24T15:43:18","slug":"coronavirus-dio-negativo-el-analisis-del-caso-en-clinica","status":"publish","type":"post","link":"https:\/\/www.hoymercedes.com.ar\/principal\/2020\/04\/23\/coronavirus-dio-negativo-el-analisis-del-caso-en-clinica\/","title":{"rendered":"Coronavirus: dio negativo el an\u00e1lisis del caso en Cl\u00ednica"},"content":{"rendered":"\n<p>En la noche de este jueves se conoci\u00f3 el resultado negativo del caso en estudio de la Cl\u00ednica Nueva Cruz Azul que ingres\u00f3 el d\u00eda lunes 20 de abril. El \u00abcaso 7\u00bb, tal como lo denominan desde el centro de salud, es un hombre de 55 a\u00f1os que ingres\u00f3 con m\u00faltiple comorbilidad, fiebre y tos, y su PCR dio negativo de COVID-19. <\/p>\n\n\n\n<p>\u00abPor su sintomatolog\u00eda se decide internaci\u00f3n a la zona de aislamiento cumpliendo con las normas establecidas por el Ministerio de Salud, para la seguridad del paciente y del personal a cargo. Se solicita hisopado para PCR y env\u00eda la muestra el d\u00eda martes al Hospital Rossi. No obstante, el paciente se encontraba afebril, pero con tos seca\u00bb tal como informaron en su momento desde la Cl\u00ednica Nueva Cruz Azul.<\/p>\n\n\n\n<p>Este resultado se confirm\u00f3 con el informe nocturno que realiza el Municipio de Mercedes diariamente y al anunciar que no hay casos en estudios en la ciudad ya que \u00abse descart\u00f3 el caso que hab\u00eda en Cl\u00ednica Cruz Nueva Azul tras el arribo de los resultados de laboratorio dando negativo para covid-19\u00bb.<\/p>\n\n\n\n<p>Asimismo, informaron que 14 vecinos y vecinas est\u00e1n seguimiento por la Secretar\u00eda de Salud por haber regresado de viaje al exterior. En total, desde que comenzaron los casos en el pa\u00eds, 285 personas fueron \u00abdadas altas\u00bb en seguimiento del sistema de salud que pasaron al aislamiento general.<\/p>\n\n\n\n<p>En cuanto, a las causas iniciadas por incumplimiento del aislamiento obligatorio decretado por Naci\u00f3n, en el d\u00eda de hoy se comenzaron ocho causas. Van 298 causas iniciadas desde inicio de cuarentena a vecinas y vecinos por haber violado el aislamiento sin motivos.<\/p>\n\n\n\n<p>En tanto, en el informe nocturno del Ministerio de Salud de la Naci\u00f3n, fueron confirmados 147 nuevos casos de COVID-19. Con estos registros, suman 3.435 positivos en el pa\u00eds. Del total de esos casos, 875 (25,5%) son importados, 1.490 (43,4%) son contactos estrechos de casos confirmados, 722 (21%) son casos de circulaci\u00f3n comunitaria y el resto se encuentra en investigaci\u00f3n epidemiol\u00f3gica.<\/p>\n\n\n\n<p>Asimismo, se registraron 6 nuevas muertes. Son tres mujeres, de 86, 68 y 75 a\u00f1os, residentes en la provincia de Buenos Aires; y tres hombres, uno de 55 a\u00f1os, residente en provincia de Buenos Aires, otro de 76 a\u00f1os, residente en la Ciudad de Buenos Aires (CABA) y uno de 59 a\u00f1os, residente en la provincia de Mendoza. Al momento la cantidad de personas fallecidas es 165.<\/p>\n","protected":false},"excerpt":{"rendered":"<p>En la noche de este jueves se conoci\u00f3 el resultado negativo del caso en estudio de la Cl\u00ednica Nueva Cruz &#8230; <a title=\"Coronavirus: dio negativo el an\u00e1lisis del caso en Cl\u00ednica\" class=\"read-more\" href=\"https:\/\/www.hoymercedes.com.ar\/principal\/2020\/04\/23\/coronavirus-dio-negativo-el-analisis-del-caso-en-clinica\/\" aria-label=\"Leer m\u00e1s sobre Coronavirus: dio negativo el an\u00e1lisis del caso en Cl\u00ednica\">Leer m\u00e1s<\/a><\/p>\n","protected":false},"author":1,"featured_media":109799,"comment_status":"closed","ping_status":"open","sticky":false,"template":"","format":"standard","meta":{"_monsterinsights_skip_tracking":false,"_monsterinsights_sitenote_active":false,"_monsterinsights_sitenote_note":"","_monsterinsights_sitenote_category":0,"jetpack_post_was_ever_published":false,"_jetpack_newsletter_access":"","_jetpack_dont_email_post_to_subs":false,"_jetpack_newsletter_tier_id":0,"_jetpack_memberships_contains_paywalled_content":false,"_jetpack_memberships_contains_paid_content":false,"footnotes":"","jetpack_publicize_message":"","jetpack_publicize_feature_enabled":true,"jetpack_social_post_already_shared":true,"jetpack_social_options":{"image_generator_settings":{"template":"highway","default_image_id":0,"font":"","enabled":false},"version":2},"_wpas_customize_per_network":false},"categories":[9791],"tags":[16524,16448,16175,16313,16492],"class_list":["post-109794","post","type-post","status-publish","format-standard","has-post-thumbnail","hentry","category-salud","tag-caso-en-estudio","tag-clinica-nueva-cruz-azul","tag-coronavirus","tag-covid-19","tag-negativo","generate-columns","tablet-grid-50","mobile-grid-100","grid-parent","grid-50"],"jetpack_publicize_connections":[],"jetpack_featured_media_url":"https:\/\/www.hoymercedes.com.ar\/principal\/wp-content\/uploads\/2020\/04\/23-informe-corona.jpg","wps_subtitle":"Informaci\u00f3n oficial","jetpack_sharing_enabled":true,"_links":{"self":[{"href":"https:\/\/www.hoymercedes.com.ar\/principal\/wp-json\/wp\/v2\/posts\/109794","targetHints":{"allow":["GET"]}}],"collection":[{"href":"https:\/\/www.hoymercedes.com.ar\/principal\/wp-json\/wp\/v2\/posts"}],"about":[{"href":"https:\/\/www.hoymercedes.com.ar\/principal\/wp-json\/wp\/v2\/types\/post"}],"author":[{"embeddable":true,"href":"https:\/\/www.hoymercedes.com.ar\/principal\/wp-json\/wp\/v2\/users\/1"}],"replies":[{"embeddable":true,"href":"https:\/\/www.hoymercedes.com.ar\/principal\/wp-json\/wp\/v2\/comments?post=109794"}],"version-history":[{"count":0,"href":"https:\/\/www.hoymercedes.com.ar\/principal\/wp-json\/wp\/v2\/posts\/109794\/revisions"}],"wp:featuredmedia":[{"embeddable":true,"href":"https:\/\/www.hoymercedes.com.ar\/principal\/wp-json\/wp\/v2\/media\/109799"}],"wp:attachment":[{"href":"https:\/\/www.hoymercedes.com.ar\/principal\/wp-json\/wp\/v2\/media?parent=109794"}],"wp:term":[{"taxonomy":"category","embeddable":true,"href":"https:\/\/www.hoymercedes.com.ar\/principal\/wp-json\/wp\/v2\/categories?post=109794"},{"taxonomy":"post_tag","embeddable":true,"href":"https:\/\/www.hoymercedes.com.ar\/principal\/wp-json\/wp\/v2\/tags?post=109794"}],"curies":[{"name":"wp","href":"https:\/\/api.w.org\/{rel}","templated":true}]}}