{"id":109805,"date":"2020-04-24T12:40:42","date_gmt":"2020-04-24T15:40:42","guid":{"rendered":"http:\/\/www.hoymercedes.com.ar\/principal\/?p=109805"},"modified":"2020-04-24T12:42:52","modified_gmt":"2020-04-24T15:42:52","slug":"en-34-y-41-realizan-recambio-en-la-red-cloacal","status":"publish","type":"post","link":"https:\/\/www.hoymercedes.com.ar\/principal\/2020\/04\/24\/en-34-y-41-realizan-recambio-en-la-red-cloacal\/","title":{"rendered":"En 34 y 41 realizan recambio en la red cloacal"},"content":{"rendered":"\n<p>Minutos antes de la lluvia, en la esquina de 34 y 41 se iniciaron trabajos de recambio y arreglos en la red cloacal. La obstrucci\u00f3n de la ca\u00f1er\u00eda habr\u00eda sido por el desmoronamiento de los ca\u00f1os viejos que ser\u00e1n cambiados por ca\u00f1os de pvc.<\/p>\n\n\n\n<figure class=\"wp-block-image size-large\"><img loading=\"lazy\" decoding=\"async\" width=\"772\" height=\"514\" data-attachment-id=\"109806\" data-permalink=\"https:\/\/www.hoymercedes.com.ar\/principal\/2020\/04\/24\/en-34-y-41-realizan-recambio-en-la-red-cloacal\/24-red-claocal-1\/#main\" data-orig-file=\"https:\/\/www.hoymercedes.com.ar\/principal\/wp-content\/uploads\/2020\/04\/24-red-claocal-1.jpeg\" data-orig-size=\"772,514\" data-comments-opened=\"0\" data-image-meta=\"{&quot;aperture&quot;:&quot;0&quot;,&quot;credit&quot;:&quot;&quot;,&quot;camera&quot;:&quot;&quot;,&quot;caption&quot;:&quot;&quot;,&quot;created_timestamp&quot;:&quot;0&quot;,&quot;copyright&quot;:&quot;&quot;,&quot;focal_length&quot;:&quot;0&quot;,&quot;iso&quot;:&quot;0&quot;,&quot;shutter_speed&quot;:&quot;0&quot;,&quot;title&quot;:&quot;&quot;,&quot;orientation&quot;:&quot;0&quot;}\" data-image-title=\"24 red claocal 1\" data-image-description=\"\" data-image-caption=\"\" data-large-file=\"https:\/\/www.hoymercedes.com.ar\/principal\/wp-content\/uploads\/2020\/04\/24-red-claocal-1.jpeg\" src=\"https:\/\/www.hoymercedes.com.ar\/principal\/wp-content\/uploads\/2020\/04\/24-red-claocal-1.jpeg\" alt=\"\" class=\"wp-image-109806\"\/><\/figure>\n\n\n\n<p>Quien explic\u00f3 el trabajo que se est\u00e1 realizando fue el titular del Concejo Deliberante Mat\u00edas Dematei: \u00abEsta es una zona en el que se empez\u00f3 a hacer un recambio en la red claocal, similar al que se hizo en 36, entre 45 y 47. Hubo un problema de obstrucci\u00f3n que comprobaron al intentar hacer el destape de claocas. Se lleg\u00f3 a la conclusi\u00f3n de que el ca\u00f1o se hab\u00eda derrumbado\u00bb. <\/p>\n\n\n\n<p>\u00abHay que romper todo el pavimento. Se hacen ventanas cada dos metros y  se va colocando nueva ca\u00f1er\u00eda en PVC\u00bb, explic\u00f3 el concejal sobre las obras que realizar\u00e1 Servicios P\u00fablicos, \u00e1rea que Dematei coordin\u00f3 hasta diciembre del a\u00f1o pasado. <\/p>\n\n\n\n<p>\u00abEstos arreglos dar\u00e1n soluci\u00f3n a esa cuadra y aleda\u00f1as, que ten\u00edan problemas de obstrucci\u00f3n en las clooacas. Cada vez que ocurre esto, se hace el recambio de la cuadra porque son ca\u00f1er\u00edas viejas\u00bb, agreg\u00f3 Dematei. <\/p>\n\n\n\n<p><\/p>\n","protected":false},"excerpt":{"rendered":"<p>Minutos antes de la lluvia, en la esquina de 34 y 41 se iniciaron trabajos de recambio y arreglos en &#8230; <a title=\"En 34 y 41 realizan recambio en la red cloacal\" class=\"read-more\" href=\"https:\/\/www.hoymercedes.com.ar\/principal\/2020\/04\/24\/en-34-y-41-realizan-recambio-en-la-red-cloacal\/\" aria-label=\"Leer m\u00e1s sobre En 34 y 41 realizan recambio en la red cloacal\">Leer m\u00e1s<\/a><\/p>\n","protected":false},"author":1,"featured_media":109807,"comment_status":"closed","ping_status":"open","sticky":false,"template":"","format":"standard","meta":{"_monsterinsights_skip_tracking":false,"_monsterinsights_sitenote_active":false,"_monsterinsights_sitenote_note":"","_monsterinsights_sitenote_category":0,"jetpack_post_was_ever_published":false,"_jetpack_newsletter_access":"","_jetpack_dont_email_post_to_subs":false,"_jetpack_newsletter_tier_id":0,"_jetpack_memberships_contains_paywalled_content":false,"_jetpack_memberships_contains_paid_content":false,"footnotes":"","jetpack_publicize_message":"","jetpack_publicize_feature_enabled":true,"jetpack_social_post_already_shared":true,"jetpack_social_options":{"image_generator_settings":{"template":"highway","default_image_id":0,"font":"","enabled":false},"version":2},"_wpas_customize_per_network":false},"categories":[30],"tags":[244,6490,8628],"class_list":["post-109805","post","type-post","status-publish","format-standard","has-post-thumbnail","hentry","category-municipio","tag-municipio-2","tag-red-cloacal","tag-servicios-publicos","generate-columns","tablet-grid-50","mobile-grid-100","grid-parent","grid-50"],"jetpack_publicize_connections":[],"jetpack_featured_media_url":"https:\/\/www.hoymercedes.com.ar\/principal\/wp-content\/uploads\/2020\/04\/24-red-claocal-2.jpeg","wps_subtitle":"Servicios P\u00fablicos","jetpack_sharing_enabled":true,"_links":{"self":[{"href":"https:\/\/www.hoymercedes.com.ar\/principal\/wp-json\/wp\/v2\/posts\/109805","targetHints":{"allow":["GET"]}}],"collection":[{"href":"https:\/\/www.hoymercedes.com.ar\/principal\/wp-json\/wp\/v2\/posts"}],"about":[{"href":"https:\/\/www.hoymercedes.com.ar\/principal\/wp-json\/wp\/v2\/types\/post"}],"author":[{"embeddable":true,"href":"https:\/\/www.hoymercedes.com.ar\/principal\/wp-json\/wp\/v2\/users\/1"}],"replies":[{"embeddable":true,"href":"https:\/\/www.hoymercedes.com.ar\/principal\/wp-json\/wp\/v2\/comments?post=109805"}],"version-history":[{"count":0,"href":"https:\/\/www.hoymercedes.com.ar\/principal\/wp-json\/wp\/v2\/posts\/109805\/revisions"}],"wp:featuredmedia":[{"embeddable":true,"href":"https:\/\/www.hoymercedes.com.ar\/principal\/wp-json\/wp\/v2\/media\/109807"}],"wp:attachment":[{"href":"https:\/\/www.hoymercedes.com.ar\/principal\/wp-json\/wp\/v2\/media?parent=109805"}],"wp:term":[{"taxonomy":"category","embeddable":true,"href":"https:\/\/www.hoymercedes.com.ar\/principal\/wp-json\/wp\/v2\/categories?post=109805"},{"taxonomy":"post_tag","embeddable":true,"href":"https:\/\/www.hoymercedes.com.ar\/principal\/wp-json\/wp\/v2\/tags?post=109805"}],"curies":[{"name":"wp","href":"https:\/\/api.w.org\/{rel}","templated":true}]}}