{"id":109843,"date":"2020-04-25T12:44:50","date_gmt":"2020-04-25T15:44:50","guid":{"rendered":"http:\/\/www.hoymercedes.com.ar\/principal\/?p=109843"},"modified":"2020-04-25T13:22:57","modified_gmt":"2020-04-25T16:22:57","slug":"el-comisario-montanez-es-el-nuevo-superintendente-de-la-region-interior-oeste-1","status":"publish","type":"post","link":"https:\/\/www.hoymercedes.com.ar\/principal\/2020\/04\/25\/el-comisario-montanez-es-el-nuevo-superintendente-de-la-region-interior-oeste-1\/","title":{"rendered":"El Comisario Monta\u00f1ez es el nuevo Superintendente de la Regi\u00f3n Interior Oeste 1"},"content":{"rendered":"\n<p>Un recambio de autoridades se llev\u00f3 adelante en la dependencia regional de la polic\u00eda bonaerense. El Comisario Mayor Carlos Gustavo Monta\u00f1ez fue nombrado como el titular de la Regi\u00f3n Interior Oeste 1. El comisario supo ser el responsable de la Departamental de Mercedes. <\/p>\n\n\n\n<figure class=\"wp-block-image size-large\"><img loading=\"lazy\" decoding=\"async\" width=\"800\" height=\"449\" data-attachment-id=\"109844\" data-permalink=\"https:\/\/www.hoymercedes.com.ar\/principal\/2020\/04\/25\/el-comisario-montanez-es-el-nuevo-superintendente-de-la-region-interior-oeste-1\/25-montanez\/#main\" data-orig-file=\"https:\/\/www.hoymercedes.com.ar\/principal\/wp-content\/uploads\/2020\/04\/25-monta\u00f1ez.jpg\" data-orig-size=\"800,449\" data-comments-opened=\"0\" data-image-meta=\"{&quot;aperture&quot;:&quot;0&quot;,&quot;credit&quot;:&quot;&quot;,&quot;camera&quot;:&quot;&quot;,&quot;caption&quot;:&quot;&quot;,&quot;created_timestamp&quot;:&quot;0&quot;,&quot;copyright&quot;:&quot;&quot;,&quot;focal_length&quot;:&quot;0&quot;,&quot;iso&quot;:&quot;0&quot;,&quot;shutter_speed&quot;:&quot;0&quot;,&quot;title&quot;:&quot;&quot;,&quot;orientation&quot;:&quot;0&quot;}\" data-image-title=\"25 monta\u00f1ez\" data-image-description=\"\" data-image-caption=\"\" data-large-file=\"https:\/\/www.hoymercedes.com.ar\/principal\/wp-content\/uploads\/2020\/04\/25-monta\u00f1ez.jpg\" src=\"https:\/\/www.hoymercedes.com.ar\/principal\/wp-content\/uploads\/2020\/04\/25-monta\u00f1ez.jpg\" alt=\"\" class=\"wp-image-109844\"\/><\/figure>\n\n\n\n<p>Con sede en Chivilcoy, la Superintendencia de la Regi\u00f3n Interior Oeste 1 de la Polic\u00eda Bonaerense tiene nueva autoridad. Se trata del  Comisario Mayor Carlos Gustavo Monta\u00f1ez, quien lo primero que hizo fue presentarse ante el Intendente de Chivilcoy Guillermo Britos y su equipo de trabajo en materia de seguridad para plantear estrategias contra el delito.<\/p>\n\n\n\n<p>Acorde a las modificaciones del mapa regional actual, dispuesto por el Ministerio de Seguridad de la Provincia de Buenos Aires, la Superintendencia de la Regi\u00f3n Oeste 1 de la Polic\u00eda Bonaerense abarca los partidos de: 25 de Mayo, Bragado, Alberti, Chacabuco, Suipacha, Chivilcoy, Mercedes, Navarro, Luj\u00e1n, General Las Heras, y Marcos Paz.<\/p>\n\n\n\n<p>Fuente y Foto: La Raz\u00f3n de Chivilcoy<\/p>\n","protected":false},"excerpt":{"rendered":"<p>Un recambio de autoridades se llev\u00f3 adelante en la dependencia regional de la polic\u00eda bonaerense. El Comisario Mayor Carlos Gustavo &#8230; <a title=\"El Comisario Monta\u00f1ez es el nuevo Superintendente de la Regi\u00f3n Interior Oeste 1\" class=\"read-more\" href=\"https:\/\/www.hoymercedes.com.ar\/principal\/2020\/04\/25\/el-comisario-montanez-es-el-nuevo-superintendente-de-la-region-interior-oeste-1\/\" aria-label=\"Leer m\u00e1s sobre El Comisario Monta\u00f1ez es el nuevo Superintendente de la Regi\u00f3n Interior Oeste 1\">Leer m\u00e1s<\/a><\/p>\n","protected":false},"author":1,"featured_media":109844,"comment_status":"closed","ping_status":"open","sticky":false,"template":"","format":"standard","meta":{"_monsterinsights_skip_tracking":false,"_monsterinsights_sitenote_active":false,"_monsterinsights_sitenote_note":"","_monsterinsights_sitenote_category":0,"jetpack_post_was_ever_published":false,"_jetpack_newsletter_access":"","_jetpack_dont_email_post_to_subs":false,"_jetpack_newsletter_tier_id":0,"_jetpack_memberships_contains_paywalled_content":false,"_jetpack_memberships_contains_paid_content":false,"footnotes":"","jetpack_publicize_message":"","jetpack_publicize_feature_enabled":true,"jetpack_social_post_already_shared":true,"jetpack_social_options":{"image_generator_settings":{"template":"highway","default_image_id":0,"font":"","enabled":false},"version":2},"_wpas_customize_per_network":false},"categories":[5501],"tags":[804,16530],"class_list":["post-109843","post","type-post","status-publish","format-standard","has-post-thumbnail","hentry","category-region","tag-policia-bonaerense","tag-region-oeste-1","generate-columns","tablet-grid-50","mobile-grid-100","grid-parent","grid-50"],"jetpack_publicize_connections":[],"jetpack_featured_media_url":"https:\/\/www.hoymercedes.com.ar\/principal\/wp-content\/uploads\/2020\/04\/25-monta\u00f1ez.jpg","wps_subtitle":"Recambio de autoridades policiales","jetpack_sharing_enabled":true,"_links":{"self":[{"href":"https:\/\/www.hoymercedes.com.ar\/principal\/wp-json\/wp\/v2\/posts\/109843","targetHints":{"allow":["GET"]}}],"collection":[{"href":"https:\/\/www.hoymercedes.com.ar\/principal\/wp-json\/wp\/v2\/posts"}],"about":[{"href":"https:\/\/www.hoymercedes.com.ar\/principal\/wp-json\/wp\/v2\/types\/post"}],"author":[{"embeddable":true,"href":"https:\/\/www.hoymercedes.com.ar\/principal\/wp-json\/wp\/v2\/users\/1"}],"replies":[{"embeddable":true,"href":"https:\/\/www.hoymercedes.com.ar\/principal\/wp-json\/wp\/v2\/comments?post=109843"}],"version-history":[{"count":0,"href":"https:\/\/www.hoymercedes.com.ar\/principal\/wp-json\/wp\/v2\/posts\/109843\/revisions"}],"wp:featuredmedia":[{"embeddable":true,"href":"https:\/\/www.hoymercedes.com.ar\/principal\/wp-json\/wp\/v2\/media\/109844"}],"wp:attachment":[{"href":"https:\/\/www.hoymercedes.com.ar\/principal\/wp-json\/wp\/v2\/media?parent=109843"}],"wp:term":[{"taxonomy":"category","embeddable":true,"href":"https:\/\/www.hoymercedes.com.ar\/principal\/wp-json\/wp\/v2\/categories?post=109843"},{"taxonomy":"post_tag","embeddable":true,"href":"https:\/\/www.hoymercedes.com.ar\/principal\/wp-json\/wp\/v2\/tags?post=109843"}],"curies":[{"name":"wp","href":"https:\/\/api.w.org\/{rel}","templated":true}]}}