{"id":109859,"date":"2020-04-25T23:33:00","date_gmt":"2020-04-26T02:33:00","guid":{"rendered":"http:\/\/www.hoymercedes.com.ar\/principal\/?p=109859"},"modified":"2020-04-26T13:40:29","modified_gmt":"2020-04-26T16:40:29","slug":"coronavirus-se-sumo-un-nuevo-caso-en-estudio","status":"publish","type":"post","link":"https:\/\/www.hoymercedes.com.ar\/principal\/2020\/04\/25\/coronavirus-se-sumo-un-nuevo-caso-en-estudio\/","title":{"rendered":"Coronavirus: Se sum\u00f3 un nuevo caso en estudio"},"content":{"rendered":"\n<p>Son tres los pacientes a la espera de los an\u00e1lisis del COVID-19. En la noche del s\u00e1bado se confirm\u00f3 que al Hospital Blas L. Dubarry ingres\u00f3 una persona m\u00e1s con s\u00edntomas compatibles de la enfermedad que preocupar al mundo entero. Este nuevo pacientes tambi\u00e9n tendr\u00eda antecedentes de viaje a zonas y localidades con circulaci\u00f3n comunitaria del virus. No obstante, se haya en buen estado de salud.<\/p>\n\n\n\n<p>Asimismo, se supo que el paciente que est\u00e1 en estudio por COVID-19, el \u00abcaso 8\u00bb tal como lo identifica la Cl\u00ednica Nueva Cruz Azul, es un hombre de 32 a\u00f1os que ingres\u00f3 con fiebre y odinofagia (dolor de garganta), se le realiz\u00f3 TAC de T\u00f3rax y laboratorio de rutina. Por su sintomatolog\u00eda se decide internaci\u00f3n a la zona de aislamiento cumpliendo con las normas establecidas por el Ministerio de Salud, para la seguridad del paciente y del personal a cargo. Su hisopado para PCR se envi\u00f3 al Hospital Rossi el d\u00eda viernes. Este s\u00e1bado se encontraba afebril, sin requerimiento de oxigeno, con buena saturaci\u00f3n y a la espera de resultados.<\/p>\n\n\n\n<p>Esto significa que son tres los pacientes que est\u00e1n en aislamiento en los centro  de Salud, as\u00ed como sus familiares, nueve en total, que est\u00e1n en cuarentena en seguimiento desde la Secretar\u00eda de Salud hasta tanto se tenga la confirmaci\u00f3n de los estudios de los pacientes en el Hospital y la Cl\u00ednica. <\/p>\n\n\n\n<p>En cuanto al informe nocturno del Ministerio de Salud de Naci\u00f3n, hoy fueron confirmados 173 nuevos casos de COVID-19\u200b. Con estos registros, \u200bsuman 3.780 positivos en el pa\u00eds. Del total de esos casos, \u200b888 (23,5%) son importados, 1.641 (43,4%) son contactos estrechos de casos confirmados, 797 (21,1%) son casos de circulaci\u00f3n comunitaria y el resto se encuentra en investigaci\u00f3n epidemiol\u00f3gica.<\/p>\n\n\n\n<p>Durante la tarde se registraron 6 nuevas muertes: Son tres mujeres, dos de 67 y 80 a\u00f1os, ambas residentes en la Ciudad de Buenos Aires (CABA); y otra de 90 a\u00f1os, residente en la provincia de C\u00f3rdoba. Tambi\u00e9n fallecieron tres hombres, dos de 60 y 86 a\u00f1os, ambos residentes en la provincia de Buenos Aires; y otro de 85 a\u00f1os, residente en la provincia de R\u00edo Negro. A esto se le suman las 3 nuevas muertes anunciada a la ma\u00f1ana: Un hombre, de 48 a\u00f1os, residente en la Ciudad de Buenos Aires (CABA); y dos mujeres, una de 75 a\u00f1os, residente en la Ciudad de Buenos Aires (CABA) y una de 85 a\u00f1os, residente en la Provincia de La Rioja Al momento la cantidad de personas fallecidas es 185.<\/p>\n","protected":false},"excerpt":{"rendered":"<p>Son tres los pacientes a la espera de los an\u00e1lisis del COVID-19. En la noche del s\u00e1bado se confirm\u00f3 que &#8230; <a title=\"Coronavirus: Se sum\u00f3 un nuevo caso en estudio\" class=\"read-more\" href=\"https:\/\/www.hoymercedes.com.ar\/principal\/2020\/04\/25\/coronavirus-se-sumo-un-nuevo-caso-en-estudio\/\" aria-label=\"Leer m\u00e1s sobre Coronavirus: Se sum\u00f3 un nuevo caso en estudio\">Leer m\u00e1s<\/a><\/p>\n","protected":false},"author":1,"featured_media":109877,"comment_status":"closed","ping_status":"open","sticky":false,"template":"","format":"standard","meta":{"_monsterinsights_skip_tracking":false,"_monsterinsights_sitenote_active":false,"_monsterinsights_sitenote_note":"","_monsterinsights_sitenote_category":0,"jetpack_post_was_ever_published":false,"_jetpack_newsletter_access":"","_jetpack_dont_email_post_to_subs":false,"_jetpack_newsletter_tier_id":0,"_jetpack_memberships_contains_paywalled_content":false,"_jetpack_memberships_contains_paid_content":false,"footnotes":"","jetpack_publicize_message":"","jetpack_publicize_feature_enabled":true,"jetpack_social_post_already_shared":true,"jetpack_social_options":{"image_generator_settings":{"template":"highway","default_image_id":0,"font":"","enabled":false},"version":2},"_wpas_customize_per_network":false},"categories":[9791],"tags":[16524,16175,16313,295],"class_list":["post-109859","post","type-post","status-publish","format-standard","has-post-thumbnail","hentry","category-salud","tag-caso-en-estudio","tag-coronavirus","tag-covid-19","tag-hospital","generate-columns","tablet-grid-50","mobile-grid-100","grid-parent","grid-50"],"jetpack_publicize_connections":[],"jetpack_featured_media_url":"https:\/\/www.hoymercedes.com.ar\/principal\/wp-content\/uploads\/2020\/04\/25-informe.jpeg","wps_subtitle":"","jetpack_sharing_enabled":true,"_links":{"self":[{"href":"https:\/\/www.hoymercedes.com.ar\/principal\/wp-json\/wp\/v2\/posts\/109859","targetHints":{"allow":["GET"]}}],"collection":[{"href":"https:\/\/www.hoymercedes.com.ar\/principal\/wp-json\/wp\/v2\/posts"}],"about":[{"href":"https:\/\/www.hoymercedes.com.ar\/principal\/wp-json\/wp\/v2\/types\/post"}],"author":[{"embeddable":true,"href":"https:\/\/www.hoymercedes.com.ar\/principal\/wp-json\/wp\/v2\/users\/1"}],"replies":[{"embeddable":true,"href":"https:\/\/www.hoymercedes.com.ar\/principal\/wp-json\/wp\/v2\/comments?post=109859"}],"version-history":[{"count":0,"href":"https:\/\/www.hoymercedes.com.ar\/principal\/wp-json\/wp\/v2\/posts\/109859\/revisions"}],"wp:featuredmedia":[{"embeddable":true,"href":"https:\/\/www.hoymercedes.com.ar\/principal\/wp-json\/wp\/v2\/media\/109877"}],"wp:attachment":[{"href":"https:\/\/www.hoymercedes.com.ar\/principal\/wp-json\/wp\/v2\/media?parent=109859"}],"wp:term":[{"taxonomy":"category","embeddable":true,"href":"https:\/\/www.hoymercedes.com.ar\/principal\/wp-json\/wp\/v2\/categories?post=109859"},{"taxonomy":"post_tag","embeddable":true,"href":"https:\/\/www.hoymercedes.com.ar\/principal\/wp-json\/wp\/v2\/tags?post=109859"}],"curies":[{"name":"wp","href":"https:\/\/api.w.org\/{rel}","templated":true}]}}