{"id":109861,"date":"2020-04-25T16:35:00","date_gmt":"2020-04-25T19:35:00","guid":{"rendered":"http:\/\/www.hoymercedes.com.ar\/principal\/?p=109861"},"modified":"2020-04-25T20:42:46","modified_gmt":"2020-04-25T23:42:46","slug":"municipio-se-reunio-con-peluqueros-y-opticos","status":"publish","type":"post","link":"https:\/\/www.hoymercedes.com.ar\/principal\/2020\/04\/25\/municipio-se-reunio-con-peluqueros-y-opticos\/","title":{"rendered":"Municipio se reuni\u00f3 con peluqueros y \u00f3pticos"},"content":{"rendered":"\n<p>En la tarde del viernes, el gobierno provincial explicit\u00f3 qu\u00e9 actividades podr\u00edan reactivar sus tareas y de qu\u00e9 manera. La \u00abcuarentena administrada\u00bb, como se la llam\u00f3 recientemente al aislamiento social, preventivo y obligatorio, requiri\u00f3 de varias reuniones. Encuentros que se siguen desarrollando para proyectar el futuro econ\u00f3mico de la ciudad. <\/p>\n\n\n\n<figure class=\"wp-block-image size-large\"><img loading=\"lazy\" decoding=\"async\" width=\"800\" height=\"534\" data-attachment-id=\"109863\" data-permalink=\"https:\/\/www.hoymercedes.com.ar\/principal\/2020\/04\/25\/proteccion-civil-actuo-ante-arboles-caidos-por-las-fuertes-lluvias\/25-peluqueros\/#main\" data-orig-file=\"https:\/\/www.hoymercedes.com.ar\/principal\/wp-content\/uploads\/2020\/04\/25-peluqueros.jpg\" data-orig-size=\"800,534\" data-comments-opened=\"0\" data-image-meta=\"{&quot;aperture&quot;:&quot;0&quot;,&quot;credit&quot;:&quot;&quot;,&quot;camera&quot;:&quot;&quot;,&quot;caption&quot;:&quot;&quot;,&quot;created_timestamp&quot;:&quot;0&quot;,&quot;copyright&quot;:&quot;&quot;,&quot;focal_length&quot;:&quot;0&quot;,&quot;iso&quot;:&quot;0&quot;,&quot;shutter_speed&quot;:&quot;0&quot;,&quot;title&quot;:&quot;&quot;,&quot;orientation&quot;:&quot;0&quot;}\" data-image-title=\"25 peluqueros\" data-image-description=\"\" data-image-caption=\"\" data-large-file=\"https:\/\/www.hoymercedes.com.ar\/principal\/wp-content\/uploads\/2020\/04\/25-peluqueros.jpg\" src=\"https:\/\/www.hoymercedes.com.ar\/principal\/wp-content\/uploads\/2020\/04\/25-peluqueros.jpg\" alt=\"\" class=\"wp-image-109863\"\/><figcaption>Los peluqueros y estilistas a la espera de una excepci\u00f3n para arrancar a trabajar<\/figcaption><\/figure>\n\n\n\n<p>Un sector que mantiene su preocupaci\u00f3n, son los peluqueros y salones de est\u00e9tica. El jueves, representantes locales mantuvieron un encuentro con el Intendente Juan Ignacio Ustarroz, en la sede de la C\u00e1mara Econ\u00f3mica Mercedina, instituci\u00f3n que plante\u00f3 distintos puntos para la reactivaci\u00f3n de actividades comerciales. <\/p>\n\n\n\n<p>En tanto, en la ma\u00f1ana de este s\u00e1bado, la reuni\u00f3n del Jefe Comunal fue con los \u00f3pticos de la ciudad. Que est\u00e1n exceptuados a trabajar con turnos desde el lunes, pero quisieron conocer el protocolo que deb\u00edan cumplir, tal como sucede con otros profesionales de la salud que pueden atender pero en turnos alejados y con equipamientos preventivos especiales para la ocasi\u00f3n. <\/p>\n\n\n\n<p>Los encuentro permiten conocer la realidad de cada sector y c\u00f3mo influyen en el orden local las disposiciones nacionales y provinciales. <\/p>\n\n\n\n<figure class=\"wp-block-image size-large\"><img loading=\"lazy\" decoding=\"async\" width=\"800\" height=\"533\" data-attachment-id=\"109869\" data-permalink=\"https:\/\/www.hoymercedes.com.ar\/principal\/2020\/04\/25\/municipio-se-reunio-con-peluqueros-y-opticos\/25-opticos\/#main\" data-orig-file=\"https:\/\/www.hoymercedes.com.ar\/principal\/wp-content\/uploads\/2020\/04\/25-opticos.jpeg\" data-orig-size=\"800,533\" data-comments-opened=\"0\" data-image-meta=\"{&quot;aperture&quot;:&quot;0&quot;,&quot;credit&quot;:&quot;&quot;,&quot;camera&quot;:&quot;&quot;,&quot;caption&quot;:&quot;&quot;,&quot;created_timestamp&quot;:&quot;0&quot;,&quot;copyright&quot;:&quot;&quot;,&quot;focal_length&quot;:&quot;0&quot;,&quot;iso&quot;:&quot;0&quot;,&quot;shutter_speed&quot;:&quot;0&quot;,&quot;title&quot;:&quot;&quot;,&quot;orientation&quot;:&quot;0&quot;}\" data-image-title=\"25-opticos\" data-image-description=\"\" data-image-caption=\"\" data-large-file=\"https:\/\/www.hoymercedes.com.ar\/principal\/wp-content\/uploads\/2020\/04\/25-opticos.jpeg\" src=\"https:\/\/www.hoymercedes.com.ar\/principal\/wp-content\/uploads\/2020\/04\/25-opticos.jpeg\" alt=\"\" class=\"wp-image-109869\"\/><figcaption>Los \u00f3pticos comenzar\u00edan a trabajar el lunes con normas socio-sanitarias<\/figcaption><\/figure>\n","protected":false},"excerpt":{"rendered":"<p>En la tarde del viernes, el gobierno provincial explicit\u00f3 qu\u00e9 actividades podr\u00edan reactivar sus tareas y de qu\u00e9 manera. La &#8230; <a title=\"Municipio se reuni\u00f3 con peluqueros y \u00f3pticos\" class=\"read-more\" href=\"https:\/\/www.hoymercedes.com.ar\/principal\/2020\/04\/25\/municipio-se-reunio-con-peluqueros-y-opticos\/\" aria-label=\"Leer m\u00e1s sobre Municipio se reuni\u00f3 con peluqueros y \u00f3pticos\">Leer m\u00e1s<\/a><\/p>\n","protected":false},"author":1,"featured_media":109863,"comment_status":"closed","ping_status":"open","sticky":false,"template":"","format":"standard","meta":{"_monsterinsights_skip_tracking":false,"_monsterinsights_sitenote_active":false,"_monsterinsights_sitenote_note":"","_monsterinsights_sitenote_category":0,"jetpack_post_was_ever_published":false,"_jetpack_newsletter_access":"","_jetpack_dont_email_post_to_subs":false,"_jetpack_newsletter_tier_id":0,"_jetpack_memberships_contains_paywalled_content":false,"_jetpack_memberships_contains_paid_content":false,"footnotes":"","jetpack_publicize_message":"","jetpack_publicize_feature_enabled":true,"jetpack_social_post_already_shared":true,"jetpack_social_options":{"image_generator_settings":{"template":"highway","default_image_id":0,"font":"","enabled":false},"version":2},"_wpas_customize_per_network":false},"categories":[30],"tags":[4385,8786,10358,16531,16532],"class_list":["post-109861","post","type-post","status-publish","format-standard","has-post-thumbnail","hentry","category-municipio","tag-comercio","tag-economia","tag-municipio","tag-opticas","tag-peluquerias","generate-columns","tablet-grid-50","mobile-grid-100","grid-parent","grid-50"],"jetpack_publicize_connections":[],"jetpack_featured_media_url":"https:\/\/www.hoymercedes.com.ar\/principal\/wp-content\/uploads\/2020\/04\/25-peluqueros.jpg","wps_subtitle":"Cerrados hace m\u00e1s de un mes","jetpack_sharing_enabled":true,"_links":{"self":[{"href":"https:\/\/www.hoymercedes.com.ar\/principal\/wp-json\/wp\/v2\/posts\/109861","targetHints":{"allow":["GET"]}}],"collection":[{"href":"https:\/\/www.hoymercedes.com.ar\/principal\/wp-json\/wp\/v2\/posts"}],"about":[{"href":"https:\/\/www.hoymercedes.com.ar\/principal\/wp-json\/wp\/v2\/types\/post"}],"author":[{"embeddable":true,"href":"https:\/\/www.hoymercedes.com.ar\/principal\/wp-json\/wp\/v2\/users\/1"}],"replies":[{"embeddable":true,"href":"https:\/\/www.hoymercedes.com.ar\/principal\/wp-json\/wp\/v2\/comments?post=109861"}],"version-history":[{"count":0,"href":"https:\/\/www.hoymercedes.com.ar\/principal\/wp-json\/wp\/v2\/posts\/109861\/revisions"}],"wp:featuredmedia":[{"embeddable":true,"href":"https:\/\/www.hoymercedes.com.ar\/principal\/wp-json\/wp\/v2\/media\/109863"}],"wp:attachment":[{"href":"https:\/\/www.hoymercedes.com.ar\/principal\/wp-json\/wp\/v2\/media?parent=109861"}],"wp:term":[{"taxonomy":"category","embeddable":true,"href":"https:\/\/www.hoymercedes.com.ar\/principal\/wp-json\/wp\/v2\/categories?post=109861"},{"taxonomy":"post_tag","embeddable":true,"href":"https:\/\/www.hoymercedes.com.ar\/principal\/wp-json\/wp\/v2\/tags?post=109861"}],"curies":[{"name":"wp","href":"https:\/\/api.w.org\/{rel}","templated":true}]}}