{"id":109893,"date":"2020-04-26T17:00:00","date_gmt":"2020-04-26T20:00:00","guid":{"rendered":"http:\/\/www.hoymercedes.com.ar\/principal\/?p=109893"},"modified":"2020-04-26T19:14:08","modified_gmt":"2020-04-26T22:14:08","slug":"la-clinica-aclara-que-el-paciente-esta-con-custodia-policial-las-24-horas","status":"publish","type":"post","link":"https:\/\/www.hoymercedes.com.ar\/principal\/2020\/04\/26\/la-clinica-aclara-que-el-paciente-esta-con-custodia-policial-las-24-horas\/","title":{"rendered":"La Cl\u00ednica aclara que el paciente fugado ya est\u00e1 con custodia policial las 24 horas"},"content":{"rendered":"\n<p>A trav\u00e9s de una comunicaci\u00f3n oficial a los medios, la Cl\u00ednica Nueva Cruz Azul busca aclarar la situaci\u00f3n sucedida en la noche del s\u00e1bado, con el paciente de 32 a\u00f1os en estudio por COVID-19 que se escap\u00f3 del aislamiento. En la explicaci\u00f3n detallan que luego de una hora y media, el joven volvi\u00f3 a su internaci\u00f3n con custodia policial permanente. <\/p>\n\n\n\n<p>Comunicaci\u00f3n enviada por la Cl\u00ednica Nueva Cruz Azul: <\/p>\n\n\n\n<p>\u00abEl d\u00eda S\u00e1bado 25\/04\/2020\u00a0 a las 20: 00 hs el paciente se hallaba en la zona de aislamiento, cuando decide darse a la fuga, encontr\u00e1ndose con alto grado de ansiedad.\u00a0 <br>Dicho paciente no pudo ser sostenido por personal de enfermer\u00eda y de seguridad, de manera que se activ\u00f3 inmediatamente el protocolo, llamando al 107, polic\u00eda y Municipalidad.<br>Se actu\u00f3 de manera r\u00e1pida, la polic\u00eda realiz\u00f3 el seguimiento, y lo pudieron ubicar. En menos de una hora y media el paciente estaba nuevamente internado en Cl\u00ednica Nueva Cruz Azul con custodia policial las 24 hs.<br>Es necesario aclarar que son situaciones que pueden ocurrir, debido a que son pacientes que se encuentran aislados, pudiendo generar esto, diferentes emociones seg\u00fan cada persona. <br>Aun as\u00ed es imprescindible mantener el aislamiento bajo las normas indicadas por el equipo m\u00e9dico y avaladas por reglamentaciones ministeriales\u00bb.<\/p>\n","protected":false},"excerpt":{"rendered":"<p>A trav\u00e9s de una comunicaci\u00f3n oficial a los medios, la Cl\u00ednica Nueva Cruz Azul busca aclarar la situaci\u00f3n sucedida en &#8230; <a title=\"La Cl\u00ednica aclara que el paciente fugado ya est\u00e1 con custodia policial las 24 horas\" class=\"read-more\" href=\"https:\/\/www.hoymercedes.com.ar\/principal\/2020\/04\/26\/la-clinica-aclara-que-el-paciente-esta-con-custodia-policial-las-24-horas\/\" aria-label=\"Leer m\u00e1s sobre La Cl\u00ednica aclara que el paciente fugado ya est\u00e1 con custodia policial las 24 horas\">Leer m\u00e1s<\/a><\/p>\n","protected":false},"author":1,"featured_media":108997,"comment_status":"closed","ping_status":"open","sticky":false,"template":"","format":"standard","meta":{"_monsterinsights_skip_tracking":false,"_monsterinsights_sitenote_active":false,"_monsterinsights_sitenote_note":"","_monsterinsights_sitenote_category":0,"jetpack_post_was_ever_published":false,"_jetpack_newsletter_access":"","_jetpack_dont_email_post_to_subs":false,"_jetpack_newsletter_tier_id":0,"_jetpack_memberships_contains_paywalled_content":false,"_jetpack_memberships_contains_paid_content":false,"footnotes":"","jetpack_publicize_message":"","jetpack_publicize_feature_enabled":true,"jetpack_social_post_already_shared":true,"jetpack_social_options":{"image_generator_settings":{"template":"highway","default_image_id":0,"font":"","enabled":false},"version":2},"_wpas_customize_per_network":false},"categories":[9791],"tags":[16448,16175,16313,16533,96],"class_list":["post-109893","post","type-post","status-publish","format-standard","has-post-thumbnail","hentry","category-salud","tag-clinica-nueva-cruz-azul","tag-coronavirus","tag-covid-19","tag-fuga-de-paciente","tag-policial-2","generate-columns","tablet-grid-50","mobile-grid-100","grid-parent","grid-50"],"jetpack_publicize_connections":[],"jetpack_featured_media_url":"https:\/\/www.hoymercedes.com.ar\/principal\/wp-content\/uploads\/2020\/04\/IMG-20200404-WA0069_copy_800x558.jpg","wps_subtitle":"Ante la fuga de un paciente en estudio por COVID-19","jetpack_sharing_enabled":true,"_links":{"self":[{"href":"https:\/\/www.hoymercedes.com.ar\/principal\/wp-json\/wp\/v2\/posts\/109893","targetHints":{"allow":["GET"]}}],"collection":[{"href":"https:\/\/www.hoymercedes.com.ar\/principal\/wp-json\/wp\/v2\/posts"}],"about":[{"href":"https:\/\/www.hoymercedes.com.ar\/principal\/wp-json\/wp\/v2\/types\/post"}],"author":[{"embeddable":true,"href":"https:\/\/www.hoymercedes.com.ar\/principal\/wp-json\/wp\/v2\/users\/1"}],"replies":[{"embeddable":true,"href":"https:\/\/www.hoymercedes.com.ar\/principal\/wp-json\/wp\/v2\/comments?post=109893"}],"version-history":[{"count":0,"href":"https:\/\/www.hoymercedes.com.ar\/principal\/wp-json\/wp\/v2\/posts\/109893\/revisions"}],"wp:featuredmedia":[{"embeddable":true,"href":"https:\/\/www.hoymercedes.com.ar\/principal\/wp-json\/wp\/v2\/media\/108997"}],"wp:attachment":[{"href":"https:\/\/www.hoymercedes.com.ar\/principal\/wp-json\/wp\/v2\/media?parent=109893"}],"wp:term":[{"taxonomy":"category","embeddable":true,"href":"https:\/\/www.hoymercedes.com.ar\/principal\/wp-json\/wp\/v2\/categories?post=109893"},{"taxonomy":"post_tag","embeddable":true,"href":"https:\/\/www.hoymercedes.com.ar\/principal\/wp-json\/wp\/v2\/tags?post=109893"}],"curies":[{"name":"wp","href":"https:\/\/api.w.org\/{rel}","templated":true}]}}