{"id":109898,"date":"2020-04-26T18:49:27","date_gmt":"2020-04-26T21:49:27","guid":{"rendered":"http:\/\/www.hoymercedes.com.ar\/principal\/?p=109898"},"modified":"2020-04-26T19:14:51","modified_gmt":"2020-04-26T22:14:51","slug":"nueva-etapa-del-aislamiento-social-preventivo-y-obligatorio-en-la-provincia","status":"publish","type":"post","link":"https:\/\/www.hoymercedes.com.ar\/principal\/2020\/04\/26\/nueva-etapa-del-aislamiento-social-preventivo-y-obligatorio-en-la-provincia\/","title":{"rendered":"Nueva etapa del Aislamiento Social, Preventivo y Obligatorio en la provincia"},"content":{"rendered":"\n<p>En una comunicaci\u00f3n enviada por el Gobierno de la Provincia de Buenos Aires, en conjunto con los gobiernos de la Ciudad de Buenos Aires, de C\u00f3rdoba y de Santa Fe, se anuncia que las salidas de esparcimiento de una hora se permitir\u00e1 en aquellas localidades con baja densidad poblacional y escasa o nula circulaci\u00f3n viral. No obstante, estas salidas se confirmar\u00e1n con los acuerdos de cada Municipio. Mercedes a\u00fan no confirm\u00f3 c\u00f3mo llevar\u00e1 esta nueva etapa de aislamiento. <\/p>\n\n\n\n<p>La comunicaci\u00f3n enviada por los gobiernos de la provincia de Buenos Aires, de la ciudad de Buenos Aires, de C\u00f3rdoba y Santa Fe dice: <\/p>\n\n\n\n<p>\u00abEn cumplimiento de lo anunciado en el d\u00eda ayer por el Presidente de la Naci\u00f3n, Alberto Fern\u00e1ndez, para esta nueva etapa del Aislamiento Social, Preventivo y Obligatorio, cada Provincia debe determinar la habilitaci\u00f3n de las nuevas actividades permitidas seg\u00fan la situaci\u00f3n epidemiol\u00f3gica y demogr\u00e1fica.<br>A tal efecto, cada Provincia procedi\u00f3 a diferenciar, seg\u00fan las localidades y sus caracter\u00edsticas, la conveniencia de aplicar el r\u00e9gimen para las salidas de esparcimiento de una hora.<br>En aquellas localidades con baja densidad poblacional y escasa o nula circulaci\u00f3n viral, se permitir\u00e1n las salidas de esparcimiento en las condiciones que se consensuen con las autoridades municipales.<br>Mientras que, en aquellos grandes aglomerados urbanos con circulaci\u00f3n viral, no se habilitar\u00e1n las salidas de esparcimiento de una hora, y tal como expres\u00f3 el Presidente en el d\u00eda de ayer, el aislamiento social, preventivo y obligatorio se mantiene sin modificaciones.<br>Esta decisi\u00f3n fue tomada en consulta con el Gobierno Nacional.<br>No obstante, se seguir\u00e1 analizando la evoluci\u00f3n de la tasa de contagios y, de ser \u00e9sta favorable, se evaluar\u00e1n las diferentes alternativas que podr\u00edan permitir la habilitaci\u00f3n de alg\u00fan tipo de salidas de esparcimiento con modalidades restringidas.<br>Estas decisiones se consensuar\u00e1n con los respectivos intendentes municipales de cada uno de los respectivos territorios\u00bb.<\/p>\n\n\n\n<figure class=\"wp-block-image size-large\"><img loading=\"lazy\" decoding=\"async\" width=\"864\" height=\"576\" data-attachment-id=\"109899\" data-permalink=\"https:\/\/www.hoymercedes.com.ar\/principal\/2020\/04\/26\/nueva-etapa-del-aislamiento-social-preventivo-y-obligatorio-en-la-provincia\/26-escudos\/#main\" data-orig-file=\"https:\/\/www.hoymercedes.com.ar\/principal\/wp-content\/uploads\/2020\/04\/26-escudos-.jpg\" data-orig-size=\"864,576\" data-comments-opened=\"0\" data-image-meta=\"{&quot;aperture&quot;:&quot;0&quot;,&quot;credit&quot;:&quot;&quot;,&quot;camera&quot;:&quot;&quot;,&quot;caption&quot;:&quot;&quot;,&quot;created_timestamp&quot;:&quot;0&quot;,&quot;copyright&quot;:&quot;&quot;,&quot;focal_length&quot;:&quot;0&quot;,&quot;iso&quot;:&quot;0&quot;,&quot;shutter_speed&quot;:&quot;0&quot;,&quot;title&quot;:&quot;&quot;,&quot;orientation&quot;:&quot;0&quot;}\" data-image-title=\"26-escudos-\" data-image-description=\"\" data-image-caption=\"\" data-large-file=\"https:\/\/www.hoymercedes.com.ar\/principal\/wp-content\/uploads\/2020\/04\/26-escudos-.jpg\" src=\"https:\/\/www.hoymercedes.com.ar\/principal\/wp-content\/uploads\/2020\/04\/26-escudos-.jpg\" alt=\"\" class=\"wp-image-109899\"\/><\/figure>\n","protected":false},"excerpt":{"rendered":"<p>En una comunicaci\u00f3n enviada por el Gobierno de la Provincia de Buenos Aires, en conjunto con los gobiernos de la &#8230; <a title=\"Nueva etapa del Aislamiento Social, Preventivo y Obligatorio en la provincia\" class=\"read-more\" href=\"https:\/\/www.hoymercedes.com.ar\/principal\/2020\/04\/26\/nueva-etapa-del-aislamiento-social-preventivo-y-obligatorio-en-la-provincia\/\" aria-label=\"Leer m\u00e1s sobre Nueva etapa del Aislamiento Social, Preventivo y Obligatorio en la provincia\">Leer m\u00e1s<\/a><\/p>\n","protected":false},"author":1,"featured_media":109899,"comment_status":"closed","ping_status":"open","sticky":false,"template":"","format":"standard","meta":{"_monsterinsights_skip_tracking":false,"_monsterinsights_sitenote_active":false,"_monsterinsights_sitenote_note":"","_monsterinsights_sitenote_category":0,"jetpack_post_was_ever_published":false,"_jetpack_newsletter_access":"","_jetpack_dont_email_post_to_subs":false,"_jetpack_newsletter_tier_id":0,"_jetpack_memberships_contains_paywalled_content":false,"_jetpack_memberships_contains_paid_content":false,"footnotes":"","jetpack_publicize_message":"","jetpack_publicize_feature_enabled":true,"jetpack_social_post_already_shared":true,"jetpack_social_options":{"image_generator_settings":{"template":"highway","default_image_id":0,"font":"","enabled":false},"version":2},"_wpas_customize_per_network":false},"categories":[8881],"tags":[16417,16313,16528,16534,1803],"class_list":["post-109898","post","type-post","status-publish","format-standard","has-post-thumbnail","hentry","category-provincia","tag-aislamiento","tag-covid-19","tag-cuarentena-focalizada","tag-cuarentena-localizada","tag-provincia","generate-columns","tablet-grid-50","mobile-grid-100","grid-parent","grid-50"],"jetpack_publicize_connections":[],"jetpack_featured_media_url":"https:\/\/www.hoymercedes.com.ar\/principal\/wp-content\/uploads\/2020\/04\/26-escudos-.jpg","wps_subtitle":"Cuarentena focalizada","jetpack_sharing_enabled":true,"_links":{"self":[{"href":"https:\/\/www.hoymercedes.com.ar\/principal\/wp-json\/wp\/v2\/posts\/109898","targetHints":{"allow":["GET"]}}],"collection":[{"href":"https:\/\/www.hoymercedes.com.ar\/principal\/wp-json\/wp\/v2\/posts"}],"about":[{"href":"https:\/\/www.hoymercedes.com.ar\/principal\/wp-json\/wp\/v2\/types\/post"}],"author":[{"embeddable":true,"href":"https:\/\/www.hoymercedes.com.ar\/principal\/wp-json\/wp\/v2\/users\/1"}],"replies":[{"embeddable":true,"href":"https:\/\/www.hoymercedes.com.ar\/principal\/wp-json\/wp\/v2\/comments?post=109898"}],"version-history":[{"count":0,"href":"https:\/\/www.hoymercedes.com.ar\/principal\/wp-json\/wp\/v2\/posts\/109898\/revisions"}],"wp:featuredmedia":[{"embeddable":true,"href":"https:\/\/www.hoymercedes.com.ar\/principal\/wp-json\/wp\/v2\/media\/109899"}],"wp:attachment":[{"href":"https:\/\/www.hoymercedes.com.ar\/principal\/wp-json\/wp\/v2\/media?parent=109898"}],"wp:term":[{"taxonomy":"category","embeddable":true,"href":"https:\/\/www.hoymercedes.com.ar\/principal\/wp-json\/wp\/v2\/categories?post=109898"},{"taxonomy":"post_tag","embeddable":true,"href":"https:\/\/www.hoymercedes.com.ar\/principal\/wp-json\/wp\/v2\/tags?post=109898"}],"curies":[{"name":"wp","href":"https:\/\/api.w.org\/{rel}","templated":true}]}}