{"id":109917,"date":"2020-04-27T07:13:00","date_gmt":"2020-04-27T10:13:00","guid":{"rendered":"http:\/\/www.hoymercedes.com.ar\/principal\/?p=109917"},"modified":"2020-04-26T21:20:57","modified_gmt":"2020-04-27T00:20:57","slug":"una-actividad-para-maestras-y-maestros-que-puede-ayudar-a-chicas-y-chicos-a-introducirse-en-la-problematica-ambiental","status":"publish","type":"post","link":"https:\/\/www.hoymercedes.com.ar\/principal\/2020\/04\/27\/una-actividad-para-maestras-y-maestros-que-puede-ayudar-a-chicas-y-chicos-a-introducirse-en-la-problematica-ambiental\/","title":{"rendered":"Una actividad para maestras y maestros que puede ayudar a chicas y chicos a introducirse en la problem\u00e1tica ambiental"},"content":{"rendered":"\n<p>Extracto del Libro\nEDUCACION PARA EL DESARROLLO SOSTENIBLE I &#8211; Ayuda para maestras y maestros, de\nquien soy autor y se comercializa por AMAZON.ES (Espa\u00f1a), AMAZON.IT (Italia) y\nAMAZON.COM.AU (Australia) entre otras distribuidoras.<\/p>\n\n\n\n<p><strong>Escribamos una carta<\/strong><\/p>\n\n\n\n<p>Esta es una\nexcelente forma de fomentar en los alumnos las experiencias que vive cada uno\ncon respecto al ambiente o la naturaleza. Qui\u00e9n no ha vivido una experiencia en\ncontacto con el campo, el mar, las monta\u00f1as, r\u00edos o lagos&#8230; Experiencias que\nseguramente nadie desea olvidar.<\/p>\n\n\n\n<p><strong>Objetivo<\/strong><\/p>\n\n\n\n<p>La idea es que\ncada alumno escriba una carta a s\u00ed mismo, recordando esas experiencias para que\nno se marchiten y queden en el olvido. Las cartas ser\u00e1n confidenciales y ser\u00e1n\nllevadas al correo por el delegado o maestro para a las pocas semanas ser\nrecibidas por los propios alumnos en la escuela y que ellos mismos cuenten y\nlean las experiencias vividas en la naturaleza o si han conocido o vivido alg\u00fan\nproblema ambiental.<br>\nAntes de que los alumnos hagan este ejercicio, se puede leer la siguiente carta\ncomo ejemplo.<\/p>\n\n\n\n<p><strong>Carta escrita en el 2050<\/strong><\/p>\n\n\n\n<p>Ayer por la\nma\u00f1ana, al levantarme, encontr\u00e9 bajo mi puerta un sobre extra\u00f1o, el papel era\ngrueso y gris, como una especie de \u00abaleaci\u00f3n\u00bb de papel y metal; no es\nr\u00edgido, no tiene estampilla, pero mi nombre y direcci\u00f3n est\u00e1n claramente\nescritos. Lo abr\u00ed con suma curiosidad, al extender las hojas, me extra\u00f1\u00f3 que la\nletra, escrita a mano, me era familiar. Y lo m\u00e1s sorprendente es la fecha y el\ncontenido, el cual comparto con ustedes, pues parece ser el motivo por el cual\nfue escrita.<\/p>\n\n\n\n<p>A\u00f1o 2050<\/p>\n\n\n\n<p>Acabo de\ncumplir los 40, pero mi apariencia es la de alguien de 55, tengo serios\nproblemas renales porque bebo muy poca agua. Creo que me queda poco tiempo.\nRecuerdo cuando ten\u00eda 15 a\u00f1os, todo era muy diferente. Hab\u00eda muchos \u00e1rboles en\nlos parques, las casas ten\u00edan hermosos jardines y yo pod\u00eda disfrutar de un ba\u00f1o\nen la ducha hasta por una hora, ahora usamos toallas empapadas en aceite\nmineral para limpiar la piel. Antes todas las mujeres luc\u00edan su hermosa\ncabellera, ahora debemos afeitarnos la cabeza para poder mantenerla limpia sin\nagua. Antes mi padre lavaba el auto con el chorro de la manguera, los ni\u00f1os de\nahora ni siquiera saben para que sirve una manguera. <br>\nRecuerdo que hab\u00eda muchos anuncios que dec\u00edan \u00abcuida el agua\u00bb,\naparec\u00edan en la radio, la televisi\u00f3n, peri\u00f3dicos, pero nadie los tomaba en\ncuenta\u2026, pens\u00e1bamos que el agua jam\u00e1s se pod\u00eda terminar, m\u00e1s ahora, todos los\nr\u00edos, presas, lagunas y mantos acu\u00edferos est\u00e1n irreversiblemente contaminados o\nagotados. Antes la cantidad de agua indicada como ideal para beber eran de ocho\nvasos al d\u00eda por persona adulta, yo hoy solo puedo beber medio vaso. La ropa es\ndesechable, con lo que aumenta grandemente la cantidad de basura; hemos tenido\nque construir de nuevo letrinas como en el siglo pasado.<br>\nYo viv\u00eda en el desierto cuando ni\u00f1o pero nos mudamos por la falta de agua; al\nprincipio la llevaban de muy lejos en camiones cisterna, pero era muy costosa y\nsolo los ricos pod\u00edan pagarla; la gente de pocos recursos tomaba agua\ncontaminada.<br>\nMuch\u00edsimos murieron de infecciones gastrointestinales, enfermedades de la piel\ny de las v\u00edas urinarias. <br>\nNo hay industrias, ni talleres, por lo tanto, hay desempleo. De los pocos\nlugares para trabajar hoy, en las plantas desalinizadoras, donde algunos\nobreros prefieren recibir agua potable en vez de salario.<br>\nExisten asaltos con el \u00fanico prop\u00f3sito de apoderarse del aljibe con agua. <br>\nLa tasa de mortalidad entre ni\u00f1os y ancianos es enorme a causa de problemas\nrenales, deshidrataci\u00f3n, enfermedades v\u00edrales e infecciosas.<br>\nMis padres y dos de mis hijos ya no est\u00e1n conmigo, murieron por esas causas. <br>\nLa comida es 80% sint\u00e9tica. Por la resequedad de la piel una joven de 20 a\u00f1os\nluce como de 35. Los cient\u00edficos investigan, pero no hay soluci\u00f3n posible. No\nse puede fabricar agua, el ox\u00edgeno tambi\u00e9n se ha degradado por falta de \u00e1rboles\nlo que ha disminuido el coeficiente intelectual de las nuevas generaciones. <br>\nSe ha alterado la morfolog\u00eda del espermatozoide de muchos individuos. Como\nconsecuencia: ni\u00f1os con insuficiencias, mutaciones y deformaciones. <br>\nEl gobierno incluso nos cobra por el aire que respiramos: 137 m3 por d\u00eda por\nhabitante adulto. <br>\nLa gente que no puede pagar es arrojada de las \u00abzonas ventiladas\u00bb,\nque est\u00e1n dotadas de gigantescos pulmones mec\u00e1nicos que funcionan con energ\u00eda\nsolar; no es de buena calidad, pero se puede respirar. <br>\nLa edad promedio es de 40 a\u00f1os. En algunos pa\u00edses quedan manchas de vegetaci\u00f3n\ncon su respectivo r\u00edo que es fuertemente custodiado por el ej\u00e9rcito. El agua se\nha vuelto un tesoro muy codiciado, m\u00e1s que el oro o los diamantes. <br>\nAqu\u00ed en cambio, no hay \u00e1rboles porque casi nunca llueve y cuando llega a registrarse\nuna precipitaci\u00f3n, es de lluvia \u00e1cida. Las estaciones del a\u00f1o han sido\nseveramente transformadas por las pruebas at\u00f3micas que se hicieron en el siglo\nXX, entre otras causas. <br>\nSe advirti\u00f3 entonces que hab\u00eda que \u00abcuidar el medio ambiente\u00bb. <br>\nCuando mi hija me pide que le hable de cuando era joven le describo lo hermoso\nque eran los bosques, le hablo de la lluvia, de las flores, de lo agradable que\nera ba\u00f1arse y poder pescar en los r\u00edos y embalses, beber toda el agua que\nquisiera, lo saludable que era la gente.<br>\nElla me pregunta: <br>\nMam\u00e1, \u00bfPor qu\u00e9 se acab\u00f3 el agua? <br>\nEntonces, siento un nudo en la garganta; no puedo dejar de sentirme culpable,\npertenezco a la generaci\u00f3n del derroche. <br>\nHasta hace apenas cinco a\u00f1os se nos advirti\u00f3: \u00abgota a gota, el agua se\nagota\u00bb y no quisimos tomarlo en serio. <br>\nAhora nuestros hijos pagan un alto precio. Por favor, cuidemos el agua y la\nenerg\u00eda. <br>\n\u00a1Hag\u00e1moslo por y para nuestros hijos! <\/p>\n\n\n\n<p>El mensaje\nest\u00e1 firmado: por&#8230; \u00a1Mi hija!<\/p>\n\n\n\n<p><strong>Conclusi\u00f3n<\/strong><\/p>\n\n\n\n<p>Esta actividad\ntiene dos valiosos efectos: el acto de escribir la carta es como si se\nimprimiera en la mente de los participantes la experiencia y las lecciones\nrecibidas, mientras que el hecho de recibir la carta, refuerza en los alumnos\nsu entusiasmo por proseguir sus contactos con el mundo natural.<\/p>\n\n\n\n<p>El libro se puede comprar en la siguiente p\u00e1gina web: <a href=\"https:\/\/www.iberlibro.com\/servlet\/BookDetailsPL?bi=30583692493&amp;searchurl=kn%3DEducacion%2Bpara%2Bel%2Bdesarrollo%2Bsostenible%2BI%26sortby%3D17&amp;cm_sp=snippet-_-srp1-_-title2&amp;fbclid=IwAR2tD1IaMJD7VLLeqD_FboY3fjBKhJpjx-g8sAJYF-uz0_LeYYQ6IDPGMGA\" target=\"_blank\" rel=\"noopener\">https:\/\/www.iberlibro.com\/servlet\/BookDetailsPL?bi=30583692493&amp;searchurl=kn%3DEducacion%2Bpara%2Bel%2Bdesarrollo%2Bsostenible%2BI%26sortby%3D17&amp;cm_sp=snippet-_-srp1-_-title2&amp;fbclid=IwAR2tD1IaMJD7VLLeqD_FboY3fjBKhJpjx-g8sAJYF-uz0_LeYYQ6IDPGMGA<\/a><\/p>\n\n\n\n<p>Para encontrar una vida en consonancia\ncon el ambiente, lo que debe hacerse es tener una poblaci\u00f3n sensata de su\npertenencia al todo que lo rodea. Se debe formar a las personas desde los\nprimeros a\u00f1os para que estudien el cuidado necesario de no desaprovechar los\nrecursos del planeta, para no percudir su entorno y para convivir con su\nvecino. \u201cPensar global, actuar localmente\u201d. Muchas veces, esta postura\nindividualiza las necesidades, por no decir urgencias locales y regionales.<\/p>\n\n\n\n<p>Cristi\u00e1n Frers \u2013 T\u00e9cnico Superior en Gesti\u00f3n\nAmbiental y T\u00e9cnico Superior en Comunicaci\u00f3n Social (Periodista).<\/p>\n","protected":false},"excerpt":{"rendered":"<p>Extracto del Libro EDUCACION PARA EL DESARROLLO SOSTENIBLE I &#8211; Ayuda para maestras y maestros, de quien soy autor y &#8230; <a title=\"Una actividad para maestras y maestros que puede ayudar a chicas y chicos a introducirse en la problem\u00e1tica ambiental\" class=\"read-more\" href=\"https:\/\/www.hoymercedes.com.ar\/principal\/2020\/04\/27\/una-actividad-para-maestras-y-maestros-que-puede-ayudar-a-chicas-y-chicos-a-introducirse-en-la-problematica-ambiental\/\" aria-label=\"Leer m\u00e1s sobre Una actividad para maestras y maestros que puede ayudar a chicas y chicos a introducirse en la problem\u00e1tica ambiental\">Leer m\u00e1s<\/a><\/p>\n","protected":false},"author":1,"featured_media":91602,"comment_status":"closed","ping_status":"open","sticky":false,"template":"","format":"standard","meta":{"_monsterinsights_skip_tracking":false,"_monsterinsights_sitenote_active":false,"_monsterinsights_sitenote_note":"","_monsterinsights_sitenote_category":0,"jetpack_post_was_ever_published":false,"_jetpack_newsletter_access":"","_jetpack_dont_email_post_to_subs":false,"_jetpack_newsletter_tier_id":0,"_jetpack_memberships_contains_paywalled_content":false,"_jetpack_memberships_contains_paid_content":false,"footnotes":"","jetpack_publicize_message":"","jetpack_publicize_feature_enabled":true,"jetpack_social_post_already_shared":true,"jetpack_social_options":{"image_generator_settings":{"template":"highway","default_image_id":0,"font":"","enabled":false},"version":2},"_wpas_customize_per_network":false},"categories":[8],"tags":[47,43,8748],"class_list":["post-109917","post","type-post","status-publish","format-standard","has-post-thumbnail","hentry","category-sociedad","tag-educacion-2","tag-medio-ambiente","tag-opinion","generate-columns","tablet-grid-50","mobile-grid-100","grid-parent","grid-50"],"jetpack_publicize_connections":[],"jetpack_featured_media_url":"https:\/\/www.hoymercedes.com.ar\/principal\/wp-content\/uploads\/2019\/04\/18-ambiente-educaci\u00f3n.jpg","wps_subtitle":"Propuestas educativas","jetpack_sharing_enabled":true,"_links":{"self":[{"href":"https:\/\/www.hoymercedes.com.ar\/principal\/wp-json\/wp\/v2\/posts\/109917","targetHints":{"allow":["GET"]}}],"collection":[{"href":"https:\/\/www.hoymercedes.com.ar\/principal\/wp-json\/wp\/v2\/posts"}],"about":[{"href":"https:\/\/www.hoymercedes.com.ar\/principal\/wp-json\/wp\/v2\/types\/post"}],"author":[{"embeddable":true,"href":"https:\/\/www.hoymercedes.com.ar\/principal\/wp-json\/wp\/v2\/users\/1"}],"replies":[{"embeddable":true,"href":"https:\/\/www.hoymercedes.com.ar\/principal\/wp-json\/wp\/v2\/comments?post=109917"}],"version-history":[{"count":0,"href":"https:\/\/www.hoymercedes.com.ar\/principal\/wp-json\/wp\/v2\/posts\/109917\/revisions"}],"wp:featuredmedia":[{"embeddable":true,"href":"https:\/\/www.hoymercedes.com.ar\/principal\/wp-json\/wp\/v2\/media\/91602"}],"wp:attachment":[{"href":"https:\/\/www.hoymercedes.com.ar\/principal\/wp-json\/wp\/v2\/media?parent=109917"}],"wp:term":[{"taxonomy":"category","embeddable":true,"href":"https:\/\/www.hoymercedes.com.ar\/principal\/wp-json\/wp\/v2\/categories?post=109917"},{"taxonomy":"post_tag","embeddable":true,"href":"https:\/\/www.hoymercedes.com.ar\/principal\/wp-json\/wp\/v2\/tags?post=109917"}],"curies":[{"name":"wp","href":"https:\/\/api.w.org\/{rel}","templated":true}]}}