{"id":109926,"date":"2020-04-27T12:57:57","date_gmt":"2020-04-27T15:57:57","guid":{"rendered":"http:\/\/www.hoymercedes.com.ar\/principal\/?p=109926"},"modified":"2020-04-27T16:23:28","modified_gmt":"2020-04-27T19:23:28","slug":"abogados-le-piden-a-anses-la-ife-para-los-jovenes-profesionales","status":"publish","type":"post","link":"https:\/\/www.hoymercedes.com.ar\/principal\/2020\/04\/27\/abogados-le-piden-a-anses-la-ife-para-los-jovenes-profesionales\/","title":{"rendered":"Abogados le piden a ANSES la IFE para los j\u00f3venes profesionales"},"content":{"rendered":"\n<p> El Colegio de Abogados de la Provincia de Buenos Aires (Col.Pro.B.A.) present\u00f3 una nota dirigida al director ejecutivo de la Administraci\u00f3n Nacional de Seguridad Social (ANSES), Dr. Alejandro Vanoli. All\u00ed, se le solicit\u00f3 que se otorgue el IFE (Ingreso Familiar de Emergencia) a los\/las abogados que cumplen la normativa, \u00abcesando en la discriminaci\u00f3n\u00bb para con dicha profesi\u00f3n.<\/p>\n\n\n\n<p>La carta firmada por el Presidente del Col.Pro.B.A y titular del Colegio de Abogados del Departamento Judicial Mercedes, Dr. Mateo Laborde, expresa la \u00abprofunda preocupaci\u00f3n por el sinn\u00famero de rechazos que han afectado a abogados y abogadas, que reuniendo los requisitos establecidos normativamente, han visto denegado su pedido de I.F.E por parte de la ANSES\u00bb.<\/p>\n\n\n\n<p>\u00abLa Comisi\u00f3n de la Abogac\u00eda Joven de este Colegio provincial nos ha informado que a la mayor\u00eda de los\/as profesionales afectados en un primer momento les fue aceptada la solicitud, posteriormente el propio organismo previsional les requiri\u00f3 una CBU para poder materializar la transferencia, pero al momento del pago recibieron el rechazo de la ANSES bajo la siguiente leyenda &#8216;<em>El Ingreso Familiar de Emergencia no le corresponde a los monotributistas no aportantes (ya que aporta a la seguridad social por estar tambi\u00e9n en relaci\u00f3n de dependencia o por pertenecer a una Caja jubilatoria de su profesi\u00f3n). En su caso, usted o alg\u00fan integrante de su grupo familiar cumple con esta caracter\u00edstica&#8217;<\/em>\u00ab, agrega y luego hace hincapi\u00e9 en la problem\u00e1tica que viven los j\u00f3venes abogados que est\u00e1n comenzando sus primeros pasos en la profesi\u00f3n y por lo tanto, se encuentran en las categor\u00edas m\u00e1s bajas del monotributo. <\/p>\n\n\n\n<p>De acuerdo a la carta, la norma \u00abes clara en incluir como beneficiarios\/as a aquellos\/as monotributistas categor\u00eda A y B, sin agregar nada respecto al r\u00e9gimen de previsi\u00f3n y seguridad social al que aporten. Por lo tanto, no existe en la normativa restricci\u00f3n alguna relacionada con el hecho de estar afiliado a una Caja de Previsi\u00f3n Social para Profesionales\u00bb.  <\/p>\n\n\n\n<p>Es as\u00ed que solicitan \u00aben forma URGENTE\u00bb se proceda a la revisi\u00f3n de todos aquellos casos denegados por la causa invocada, otorgando en consecuencia el IFE a los abogados que cumplen los requisitos exigidos por la normativa. \u00abAs\u00ed como tambi\u00e9n le requerimos el inmediato cese en la utilizaci\u00f3n de este requisito no previsto normativamente para la conclusi\u00f3n de tr\u00e1mites futuros, toda vez que el mismo implica un actuar discriminatorio para nuestra profesi\u00f3n y para el principio de IGUALDAD en nuestra Constituci\u00f3n Nacional y en las Convenciones Internacionales incorporadas a \u00e9sta\u00bb, agregan. <\/p>\n\n\n\n<p>Finalmente, anticipan que podr\u00edan iniciar \u00abacciones judiciales\u00bb en nombre de todos los abogados que fueron perjudicados. <\/p>\n","protected":false},"excerpt":{"rendered":"<p>El Colegio de Abogados de la Provincia de Buenos Aires (Col.Pro.B.A.) present\u00f3 una nota dirigida al director ejecutivo de la &#8230; <a title=\"Abogados le piden a ANSES la IFE para los j\u00f3venes profesionales\" class=\"read-more\" href=\"https:\/\/www.hoymercedes.com.ar\/principal\/2020\/04\/27\/abogados-le-piden-a-anses-la-ife-para-los-jovenes-profesionales\/\" aria-label=\"Leer m\u00e1s sobre Abogados le piden a ANSES la IFE para los j\u00f3venes profesionales\">Leer m\u00e1s<\/a><\/p>\n","protected":false},"author":1,"featured_media":50833,"comment_status":"closed","ping_status":"open","sticky":false,"template":"","format":"standard","meta":{"_monsterinsights_skip_tracking":false,"_monsterinsights_sitenote_active":false,"_monsterinsights_sitenote_note":"","_monsterinsights_sitenote_category":0,"jetpack_post_was_ever_published":false,"_jetpack_newsletter_access":"","_jetpack_dont_email_post_to_subs":false,"_jetpack_newsletter_tier_id":0,"_jetpack_memberships_contains_paywalled_content":false,"_jetpack_memberships_contains_paid_content":false,"footnotes":"","jetpack_publicize_message":"","jetpack_publicize_feature_enabled":true,"jetpack_social_post_already_shared":true,"jetpack_social_options":{"image_generator_settings":{"template":"highway","default_image_id":0,"font":"","enabled":false},"version":2},"_wpas_customize_per_network":false},"categories":[8],"tags":[4,928,16416,15067],"class_list":["post-109926","post","type-post","status-publish","format-standard","has-post-thumbnail","hentry","category-sociedad","tag-anses","tag-colegio-de-abogados","tag-ife","tag-jovenes-abogados","generate-columns","tablet-grid-50","mobile-grid-100","grid-parent","grid-50"],"jetpack_publicize_connections":[],"jetpack_featured_media_url":"https:\/\/www.hoymercedes.com.ar\/principal\/wp-content\/uploads\/2016\/06\/03-laborde.jpg","wps_subtitle":"Pedido al Jefe de ANSES","jetpack_sharing_enabled":true,"_links":{"self":[{"href":"https:\/\/www.hoymercedes.com.ar\/principal\/wp-json\/wp\/v2\/posts\/109926","targetHints":{"allow":["GET"]}}],"collection":[{"href":"https:\/\/www.hoymercedes.com.ar\/principal\/wp-json\/wp\/v2\/posts"}],"about":[{"href":"https:\/\/www.hoymercedes.com.ar\/principal\/wp-json\/wp\/v2\/types\/post"}],"author":[{"embeddable":true,"href":"https:\/\/www.hoymercedes.com.ar\/principal\/wp-json\/wp\/v2\/users\/1"}],"replies":[{"embeddable":true,"href":"https:\/\/www.hoymercedes.com.ar\/principal\/wp-json\/wp\/v2\/comments?post=109926"}],"version-history":[{"count":0,"href":"https:\/\/www.hoymercedes.com.ar\/principal\/wp-json\/wp\/v2\/posts\/109926\/revisions"}],"wp:featuredmedia":[{"embeddable":true,"href":"https:\/\/www.hoymercedes.com.ar\/principal\/wp-json\/wp\/v2\/media\/50833"}],"wp:attachment":[{"href":"https:\/\/www.hoymercedes.com.ar\/principal\/wp-json\/wp\/v2\/media?parent=109926"}],"wp:term":[{"taxonomy":"category","embeddable":true,"href":"https:\/\/www.hoymercedes.com.ar\/principal\/wp-json\/wp\/v2\/categories?post=109926"},{"taxonomy":"post_tag","embeddable":true,"href":"https:\/\/www.hoymercedes.com.ar\/principal\/wp-json\/wp\/v2\/tags?post=109926"}],"curies":[{"name":"wp","href":"https:\/\/api.w.org\/{rel}","templated":true}]}}