{"id":109936,"date":"2020-04-27T16:47:42","date_gmt":"2020-04-27T19:47:42","guid":{"rendered":"http:\/\/www.hoymercedes.com.ar\/principal\/?p=109936"},"modified":"2020-04-27T20:00:11","modified_gmt":"2020-04-27T23:00:11","slug":"incendio-en-el-cableado-de-un-domicilio-de-calle-16","status":"publish","type":"post","link":"https:\/\/www.hoymercedes.com.ar\/principal\/2020\/04\/27\/incendio-en-el-cableado-de-un-domicilio-de-calle-16\/","title":{"rendered":"Incendio en el cableado de un domicilio de calle 16"},"content":{"rendered":"\n<p>#HaceMinutos se produjo un incendio en el cableado de una casa en calle 16, entre 1 y 3. De acuerdo a la informaci\u00f3n enviada por los vecinos, los cables se prendieron fuego pasadas las cuatro de la tarde. Actu\u00f3 la polic\u00eda, el \u00e1rea de tr\u00e1nsito municipal, esperaban la llegada del cuerpo de Bomberos Voluntarios. (Colaboraci\u00f3n: Carolina Cabral Rapella)<\/p>\n\n\n\n<figure class=\"wp-block-image size-large\"><img loading=\"lazy\" decoding=\"async\" width=\"600\" height=\"800\" data-attachment-id=\"109933\" data-permalink=\"https:\/\/www.hoymercedes.com.ar\/principal\/img-20200427-wa0018_copy_600x800\/\" data-orig-file=\"https:\/\/www.hoymercedes.com.ar\/principal\/wp-content\/uploads\/2020\/04\/IMG-20200427-WA0018_copy_600x800.jpg\" data-orig-size=\"600,800\" data-comments-opened=\"0\" data-image-meta=\"{&quot;aperture&quot;:&quot;0&quot;,&quot;credit&quot;:&quot;&quot;,&quot;camera&quot;:&quot;&quot;,&quot;caption&quot;:&quot;&quot;,&quot;created_timestamp&quot;:&quot;0&quot;,&quot;copyright&quot;:&quot;&quot;,&quot;focal_length&quot;:&quot;0&quot;,&quot;iso&quot;:&quot;0&quot;,&quot;shutter_speed&quot;:&quot;0&quot;,&quot;title&quot;:&quot;&quot;,&quot;orientation&quot;:&quot;0&quot;}\" data-image-title=\"IMG-20200427-WA0018_copy_600x800\" data-image-description=\"\" data-image-caption=\"\" data-large-file=\"https:\/\/www.hoymercedes.com.ar\/principal\/wp-content\/uploads\/2020\/04\/IMG-20200427-WA0018_copy_600x800.jpg\" src=\"https:\/\/www.hoymercedes.com.ar\/principal\/wp-content\/uploads\/2020\/04\/IMG-20200427-WA0018_copy_600x800.jpg\" alt=\"\" class=\"wp-image-109933\"\/><\/figure>\n\n\n\n<p><\/p>\n","protected":false},"excerpt":{"rendered":"<p>#HaceMinutos se produjo un incendio en el cableado de una casa en calle 16, entre 1 y 3. De acuerdo &#8230; <a title=\"Incendio en el cableado de un domicilio de calle 16\" class=\"read-more\" href=\"https:\/\/www.hoymercedes.com.ar\/principal\/2020\/04\/27\/incendio-en-el-cableado-de-un-domicilio-de-calle-16\/\" aria-label=\"Leer m\u00e1s sobre Incendio en el cableado de un domicilio de calle 16\">Leer m\u00e1s<\/a><\/p>\n","protected":false},"author":1,"featured_media":109933,"comment_status":"closed","ping_status":"open","sticky":false,"template":"","format":"standard","meta":{"_monsterinsights_skip_tracking":false,"_monsterinsights_sitenote_active":false,"_monsterinsights_sitenote_note":"","_monsterinsights_sitenote_category":0,"jetpack_post_was_ever_published":false,"_jetpack_newsletter_access":"","_jetpack_dont_email_post_to_subs":false,"_jetpack_newsletter_tier_id":0,"_jetpack_memberships_contains_paywalled_content":false,"_jetpack_memberships_contains_paid_content":false,"footnotes":"","jetpack_publicize_message":"","jetpack_publicize_feature_enabled":true,"jetpack_social_post_already_shared":true,"jetpack_social_options":{"image_generator_settings":{"template":"highway","default_image_id":0,"font":"","enabled":false},"version":2},"_wpas_customize_per_network":false},"categories":[85,8],"tags":[286,3457],"class_list":["post-109936","post","type-post","status-publish","format-standard","has-post-thumbnail","hentry","category-policial","category-sociedad","tag-incendio","tag-policiales","generate-columns","tablet-grid-50","mobile-grid-100","grid-parent","grid-50"],"jetpack_publicize_connections":[],"jetpack_featured_media_url":"https:\/\/www.hoymercedes.com.ar\/principal\/wp-content\/uploads\/2020\/04\/IMG-20200427-WA0018_copy_600x800.jpg","wps_subtitle":"En la tarde del lunes","jetpack_sharing_enabled":true,"_links":{"self":[{"href":"https:\/\/www.hoymercedes.com.ar\/principal\/wp-json\/wp\/v2\/posts\/109936","targetHints":{"allow":["GET"]}}],"collection":[{"href":"https:\/\/www.hoymercedes.com.ar\/principal\/wp-json\/wp\/v2\/posts"}],"about":[{"href":"https:\/\/www.hoymercedes.com.ar\/principal\/wp-json\/wp\/v2\/types\/post"}],"author":[{"embeddable":true,"href":"https:\/\/www.hoymercedes.com.ar\/principal\/wp-json\/wp\/v2\/users\/1"}],"replies":[{"embeddable":true,"href":"https:\/\/www.hoymercedes.com.ar\/principal\/wp-json\/wp\/v2\/comments?post=109936"}],"version-history":[{"count":0,"href":"https:\/\/www.hoymercedes.com.ar\/principal\/wp-json\/wp\/v2\/posts\/109936\/revisions"}],"wp:featuredmedia":[{"embeddable":true,"href":"https:\/\/www.hoymercedes.com.ar\/principal\/wp-json\/wp\/v2\/media\/109933"}],"wp:attachment":[{"href":"https:\/\/www.hoymercedes.com.ar\/principal\/wp-json\/wp\/v2\/media?parent=109936"}],"wp:term":[{"taxonomy":"category","embeddable":true,"href":"https:\/\/www.hoymercedes.com.ar\/principal\/wp-json\/wp\/v2\/categories?post=109936"},{"taxonomy":"post_tag","embeddable":true,"href":"https:\/\/www.hoymercedes.com.ar\/principal\/wp-json\/wp\/v2\/tags?post=109936"}],"curies":[{"name":"wp","href":"https:\/\/api.w.org\/{rel}","templated":true}]}}