{"id":109968,"date":"2020-04-28T10:56:16","date_gmt":"2020-04-28T13:56:16","guid":{"rendered":"http:\/\/www.hoymercedes.com.ar\/principal\/?p=109968"},"modified":"2020-04-28T14:47:19","modified_gmt":"2020-04-28T17:47:19","slug":"la-cem-presento-estado-de-situacion-de-comercios-al-intendente","status":"publish","type":"post","link":"https:\/\/www.hoymercedes.com.ar\/principal\/2020\/04\/28\/la-cem-presento-estado-de-situacion-de-comercios-al-intendente\/","title":{"rendered":"La CEM present\u00f3 estado de situaci\u00f3n de comercios al Intendente"},"content":{"rendered":"\n<p>Durante la ma\u00f1ana del lunes, la sede de la C\u00e1mara Econ\u00f3mica Mercedina fue el espacio elegido para llevar adelante una nueva reuni\u00f3n entre los comerciantes y el Intendente Juan Ignacio Ustarroz. En el encuentro, la CEM le presentaron un informe basado en la encuesta realizada durante el fin de semana entre los comerciantes de la ciudad que refleja la situaci\u00f3n cr\u00edtica a la que se enfrentan en esta cuarentena preventiva obligatoria. <\/p>\n\n\n\n<p>\u201cEstamos en una situaci\u00f3n muy compleja. Es fundamental cuidar la vida humana y articular con cada sector de la sociedad las mejores herramientas y dispositivos para que solidariamente y organizadamente podamos enfrentar esta pandemia\u201d afirm\u00f3 el jefe comunal por su parte.<\/p>\n\n\n\n<p>\u00abPara nosotros es importante seguir con las reuniones peri\u00f3dicas con el Intendente. En la reuni\u00f3n de hoy pudimos presentarle a Ustarroz los resultados de una encuesta que refleja la situaci\u00f3n por la cual est\u00e1n pasando la mayor\u00eda de los comercios de Mercedes, sobre todo los comercios que no est\u00e1n exceptuados en el decreto\u00bb, expres\u00f3 Ariel Pietrucha, Gerente de la CEM. <\/p>\n\n\n\n<p>\u00abPudimos entregarle el informe en mano y aprovechar para explicarle las problem\u00e1ticas urgentes que vive el sector Agradecemos que lo recibi\u00f3 de buena manera con el compromiso de continuar trabajando de forma conjunta para transitar esta dif\u00edcil situaci\u00f3n\u00bb, agreg\u00f3. <\/p>\n\n\n\n<p>La reuni\u00f3n permiti\u00f3 que el Jefe Comunal conozca de primera mano el an\u00e1lisis que realizaron desde la CEM sobre la situaci\u00f3n de los comercios, principalmente, de los que hace m\u00e1s de un mes tienen las puertas cerradas al p\u00fablico y que reci\u00e9n este lunes 27 comenzaron con la venta online o telef\u00f3nica y entrega a domicilio. <\/p>\n\n\n\n<p>Asimismo, analizaron los protocolos socio sanitarios, medidas de prevenci\u00f3n y control, as\u00ed como las necesidades de los comercios y emprendimientos que siguen restringidos a la apertura p\u00fablica y de los que trabajan a menos de la mitad de la capacidad promedio. <\/p>\n\n\n\n<p>El informe presentado ante el Intendente Ustarroz fue adelantado por los medios entre el domingo y el lunes. No obstante, la CEM solicit\u00f3 que se haga p\u00fablico el informe. Aqu\u00ed lo compartimos: <\/p>\n\n\n\n<div class=\"wp-block-file\"><a href=\"https:\/\/www.hoymercedes.com.ar\/principal\/wp-content\/uploads\/2020\/04\/200426-Relevamiento-Comercios.pdf\">200426-Relevamiento-Comercios<\/a><a href=\"https:\/\/www.hoymercedes.com.ar\/principal\/wp-content\/uploads\/2020\/04\/200426-Relevamiento-Comercios.pdf\" class=\"wp-block-file__button\" download>Descarga<\/a><\/div>\n","protected":false},"excerpt":{"rendered":"<p>Durante la ma\u00f1ana del lunes, la sede de la C\u00e1mara Econ\u00f3mica Mercedina fue el espacio elegido para llevar adelante una &#8230; <a title=\"La CEM present\u00f3 estado de situaci\u00f3n de comercios al Intendente\" class=\"read-more\" href=\"https:\/\/www.hoymercedes.com.ar\/principal\/2020\/04\/28\/la-cem-presento-estado-de-situacion-de-comercios-al-intendente\/\" aria-label=\"Leer m\u00e1s sobre La CEM present\u00f3 estado de situaci\u00f3n de comercios al Intendente\">Leer m\u00e1s<\/a><\/p>\n","protected":false},"author":1,"featured_media":109971,"comment_status":"closed","ping_status":"open","sticky":false,"template":"","format":"standard","meta":{"_monsterinsights_skip_tracking":false,"_monsterinsights_sitenote_active":false,"_monsterinsights_sitenote_note":"","_monsterinsights_sitenote_category":0,"jetpack_post_was_ever_published":false,"_jetpack_newsletter_access":"","_jetpack_dont_email_post_to_subs":false,"_jetpack_newsletter_tier_id":0,"_jetpack_memberships_contains_paywalled_content":false,"_jetpack_memberships_contains_paid_content":false,"footnotes":"","jetpack_publicize_message":"","jetpack_publicize_feature_enabled":true,"jetpack_social_post_already_shared":true,"jetpack_social_options":{"image_generator_settings":{"template":"highway","default_image_id":0,"font":"","enabled":false},"version":2},"_wpas_customize_per_network":false},"categories":[8],"tags":[682,10633,244,16537],"class_list":["post-109968","post","type-post","status-publish","format-standard","has-post-thumbnail","hentry","category-sociedad","tag-cem","tag-informe","tag-municipio-2","tag-situacion-en-comercios","generate-columns","tablet-grid-50","mobile-grid-100","grid-parent","grid-50"],"jetpack_publicize_connections":[],"jetpack_featured_media_url":"https:\/\/www.hoymercedes.com.ar\/principal\/wp-content\/uploads\/2020\/04\/28-CEM-informe.jpeg","wps_subtitle":"Informe de las encuestas","jetpack_sharing_enabled":true,"_links":{"self":[{"href":"https:\/\/www.hoymercedes.com.ar\/principal\/wp-json\/wp\/v2\/posts\/109968","targetHints":{"allow":["GET"]}}],"collection":[{"href":"https:\/\/www.hoymercedes.com.ar\/principal\/wp-json\/wp\/v2\/posts"}],"about":[{"href":"https:\/\/www.hoymercedes.com.ar\/principal\/wp-json\/wp\/v2\/types\/post"}],"author":[{"embeddable":true,"href":"https:\/\/www.hoymercedes.com.ar\/principal\/wp-json\/wp\/v2\/users\/1"}],"replies":[{"embeddable":true,"href":"https:\/\/www.hoymercedes.com.ar\/principal\/wp-json\/wp\/v2\/comments?post=109968"}],"version-history":[{"count":0,"href":"https:\/\/www.hoymercedes.com.ar\/principal\/wp-json\/wp\/v2\/posts\/109968\/revisions"}],"wp:featuredmedia":[{"embeddable":true,"href":"https:\/\/www.hoymercedes.com.ar\/principal\/wp-json\/wp\/v2\/media\/109971"}],"wp:attachment":[{"href":"https:\/\/www.hoymercedes.com.ar\/principal\/wp-json\/wp\/v2\/media?parent=109968"}],"wp:term":[{"taxonomy":"category","embeddable":true,"href":"https:\/\/www.hoymercedes.com.ar\/principal\/wp-json\/wp\/v2\/categories?post=109968"},{"taxonomy":"post_tag","embeddable":true,"href":"https:\/\/www.hoymercedes.com.ar\/principal\/wp-json\/wp\/v2\/tags?post=109968"}],"curies":[{"name":"wp","href":"https:\/\/api.w.org\/{rel}","templated":true}]}}