{"id":109973,"date":"2020-04-28T13:12:36","date_gmt":"2020-04-28T16:12:36","guid":{"rendered":"http:\/\/www.hoymercedes.com.ar\/principal\/?p=109973"},"modified":"2020-04-28T13:39:35","modified_gmt":"2020-04-28T16:39:35","slug":"el-30-de-abril-termina-la-inscripcion-para-fines-2020","status":"publish","type":"post","link":"https:\/\/www.hoymercedes.com.ar\/principal\/2020\/04\/28\/el-30-de-abril-termina-la-inscripcion-para-fines-2020\/","title":{"rendered":"El 30 de abril termina la inscripci\u00f3n para FINES 2020"},"content":{"rendered":"\n<p>La Direcci\u00f3n de Educaci\u00f3n de J\u00f3venes, Adultos y Adultos Mayores confirm\u00f3 la continuidad del plan terminaci\u00f3n de primaria y secundaria para adultos. A principios del corriente mes se reabri\u00f3 la inscripci\u00f3n para quienes iniciaron sus cursadas desde agosto de 2017 y para quienes aspiran a comenzar en el 2020. <\/p>\n\n\n\n<p>Los requisitos son tener m\u00e1s de 18 a\u00f1os. Se puede rendir materias adeudadas o cursar los estudios primarios\/secundarios completos. <\/p>\n\n\n\n<p>La inscripci\u00f3n 2020 se iniciar\u00e1 con una preinscripci\u00f3n en l\u00ednea, a trav\u00e9s de un sistema desarrollado por el Ministerio de Educaci\u00f3n para tal fin y que estar\u00e1 disponible en la p\u00e1gina web: <a rel=\"noreferrer noopener\" href=\"https:\/\/www.argentina.gob.ar\/educacion\/fines\" target=\"_blank\">https:\/\/www.argentina.gob.ar\/educacion\/fines<\/a>, que se completar\u00e1 con la presentaci\u00f3n documental que corresponda.<\/p>\n\n\n\n<p>En esa web, los estudiantes que hayan iniciado sus cursadas desde el mes de agosto de 2017 deber\u00e1n ratificar su continuidad, as\u00ed como tambi\u00e9n quienes aspiran a iniciar sus estudios en el a\u00f1o 2020. <\/p>\n\n\n\n<p>Para completar la inscripci\u00f3n es necesario presentar partida de nacimiento, fotocopia de DNI \u2013 Constancia de CUIL y certificado de estudios de la instituci\u00f3n donde dejaste tus estudios. En el sitio, habr\u00e1 qu\u00e9 elegir entre: <strong>FinEs deudores de materias:<\/strong>\u00a0si adeudas materias de educaci\u00f3n secundaria com\u00fan; <strong>FinEs Trayecto Primario:<\/strong>\u00a0si quieres cursar el trayecto de educaci\u00f3n primaria o <strong>FinEs Trayecto Secundaria:<\/strong>\u00a0si quieres cursar el trayecto de educaci\u00f3n secundaria. <\/p>\n\n\n\n<p>Para mayor informaci\u00f3n se puede enviar un correo electr\u00f3nico al \u00e1rea de Educaci\u00f3n para  Adultos bonaerenses al e-mail: <a href=\"mail:secadultos@abc.gob.ar\">secadultos@abc.gob.ar<\/a> \u00f3 v\u00eda telef\u00f3nica al 0221-4295276\/77. En Mercedes tambi\u00e9n pueden enviar sus consultas a trav\u00e9s del perfil de la coordinaci\u00f3n de FINES, que pueden encontrarlo con este nombre:<a href=\"https:\/\/www.facebook.com\/Fines-Mercedes-Trayecto-secundario-y-deudores-de-materias-1265389476881984\/?epa=SEARCH_BOX\" target=\"_blank\" rel=\"noreferrer noopener\"> Fines Mercedes Trayecto Secundario y Deudores de Materias. <\/a><\/p>\n\n\n\n<p>La fecha l\u00edmite para ratificar la inscripci\u00f3n ante el Ministerio de<br>Educaci\u00f3n de la Naci\u00f3n es el 30 de abril de 2020.<\/p>\n","protected":false},"excerpt":{"rendered":"<p>La Direcci\u00f3n de Educaci\u00f3n de J\u00f3venes, Adultos y Adultos Mayores confirm\u00f3 la continuidad del plan terminaci\u00f3n de primaria y secundaria &#8230; <a title=\"El 30 de abril termina la inscripci\u00f3n para FINES 2020\" class=\"read-more\" href=\"https:\/\/www.hoymercedes.com.ar\/principal\/2020\/04\/28\/el-30-de-abril-termina-la-inscripcion-para-fines-2020\/\" aria-label=\"Leer m\u00e1s sobre El 30 de abril termina la inscripci\u00f3n para FINES 2020\">Leer m\u00e1s<\/a><\/p>\n","protected":false},"author":1,"featured_media":88005,"comment_status":"closed","ping_status":"open","sticky":false,"template":"","format":"standard","meta":{"_monsterinsights_skip_tracking":false,"_monsterinsights_sitenote_active":false,"_monsterinsights_sitenote_note":"","_monsterinsights_sitenote_category":0,"jetpack_post_was_ever_published":false,"_jetpack_newsletter_access":"","_jetpack_dont_email_post_to_subs":false,"_jetpack_newsletter_tier_id":0,"_jetpack_memberships_contains_paywalled_content":false,"_jetpack_memberships_contains_paid_content":false,"footnotes":"","jetpack_publicize_message":"","jetpack_publicize_feature_enabled":true,"jetpack_social_post_already_shared":true,"jetpack_social_options":{"image_generator_settings":{"template":"highway","default_image_id":0,"font":"","enabled":false},"version":2},"_wpas_customize_per_network":false},"categories":[23],"tags":[47,7044,8668],"class_list":["post-109973","post","type-post","status-publish","format-standard","has-post-thumbnail","hentry","category-educacion","tag-educacion-2","tag-fines","tag-inscripcion","generate-columns","tablet-grid-50","mobile-grid-100","grid-parent","grid-50"],"jetpack_publicize_connections":[],"jetpack_featured_media_url":"https:\/\/www.hoymercedes.com.ar\/principal\/wp-content\/uploads\/2019\/02\/11-plan-fines.png","wps_subtitle":"Para terminar primaria y secundaria","jetpack_sharing_enabled":true,"_links":{"self":[{"href":"https:\/\/www.hoymercedes.com.ar\/principal\/wp-json\/wp\/v2\/posts\/109973","targetHints":{"allow":["GET"]}}],"collection":[{"href":"https:\/\/www.hoymercedes.com.ar\/principal\/wp-json\/wp\/v2\/posts"}],"about":[{"href":"https:\/\/www.hoymercedes.com.ar\/principal\/wp-json\/wp\/v2\/types\/post"}],"author":[{"embeddable":true,"href":"https:\/\/www.hoymercedes.com.ar\/principal\/wp-json\/wp\/v2\/users\/1"}],"replies":[{"embeddable":true,"href":"https:\/\/www.hoymercedes.com.ar\/principal\/wp-json\/wp\/v2\/comments?post=109973"}],"version-history":[{"count":0,"href":"https:\/\/www.hoymercedes.com.ar\/principal\/wp-json\/wp\/v2\/posts\/109973\/revisions"}],"wp:featuredmedia":[{"embeddable":true,"href":"https:\/\/www.hoymercedes.com.ar\/principal\/wp-json\/wp\/v2\/media\/88005"}],"wp:attachment":[{"href":"https:\/\/www.hoymercedes.com.ar\/principal\/wp-json\/wp\/v2\/media?parent=109973"}],"wp:term":[{"taxonomy":"category","embeddable":true,"href":"https:\/\/www.hoymercedes.com.ar\/principal\/wp-json\/wp\/v2\/categories?post=109973"},{"taxonomy":"post_tag","embeddable":true,"href":"https:\/\/www.hoymercedes.com.ar\/principal\/wp-json\/wp\/v2\/tags?post=109973"}],"curies":[{"name":"wp","href":"https:\/\/api.w.org\/{rel}","templated":true}]}}