{"id":109982,"date":"2020-04-28T14:30:00","date_gmt":"2020-04-28T17:30:00","guid":{"rendered":"http:\/\/www.hoymercedes.com.ar\/principal\/?p=109982"},"modified":"2020-04-28T15:06:24","modified_gmt":"2020-04-28T18:06:24","slug":"coronavirus-un-negativo-y-mas-casos-en-estudio","status":"publish","type":"post","link":"https:\/\/www.hoymercedes.com.ar\/principal\/2020\/04\/28\/coronavirus-un-negativo-y-mas-casos-en-estudio\/","title":{"rendered":"Coronavirus: Un negativo y m\u00e1s casos en estudio"},"content":{"rendered":"\n<p>Entre la noche del lunes y la ma\u00f1ana del martes, se brindaron distintos informes sobre la situaci\u00f3n de los pacientes que est\u00e1n en aislamiento en los centros de salud de la ciudad. La Cl\u00ednica Nueva Cruz Azul confirm\u00f3 el resultado negativo del PCR por COVID-19 del paciente de 32 a\u00f1os ingresado el viernes \u00faltimo y se hab\u00eda escapado el s\u00e1bado a la noche. Por su parte, el Hospital Blas L. Dubarry anunci\u00f3 el ingreso de un nuevo caso en estudio. <\/p>\n\n\n\n<p>El resultado negativo recibido hoy en la Cl\u00ednica, es el an\u00e1lisis realizado al paciente de 32 a\u00f1os que ten\u00eda custodia policial porque en la noche del s\u00e1bado se hab\u00eda escapado del centro de salud y preocup\u00f3 a la comunidad <\/p>\n\n\n\n<p>En la Cl\u00ednica Nueva Cruz Azul, hay dos pacientes m\u00e1s a la espera de los resultados de los estudios por covid-19. El hombre de 81 a\u00f1os se encuentra sin oxigenoterapia, afebril y satura adecuadamente. Al igual que el joven de 17 a\u00f1os que se encuentra subfebril y sin requerimiento de oxigeno. <\/p>\n\n\n\n<p>Con la informaci\u00f3n provista hasta el momento, son seis los casos en estudio: dos en Cl\u00ednica Nueva Cruz Azul y cuatro en Hospital Blas L. Dubarry. Adem\u00e1s de mantener en observaci\u00f3n y seguimiento domiciliario a 46 personas que tienen antecedentes de viaje al exterior o ser familiar del viajante.<\/p>\n","protected":false},"excerpt":{"rendered":"<p>Entre la noche del lunes y la ma\u00f1ana del martes, se brindaron distintos informes sobre la situaci\u00f3n de los pacientes &#8230; <a title=\"Coronavirus: Un negativo y m\u00e1s casos en estudio\" class=\"read-more\" href=\"https:\/\/www.hoymercedes.com.ar\/principal\/2020\/04\/28\/coronavirus-un-negativo-y-mas-casos-en-estudio\/\" aria-label=\"Leer m\u00e1s sobre Coronavirus: Un negativo y m\u00e1s casos en estudio\">Leer m\u00e1s<\/a><\/p>\n","protected":false},"author":1,"featured_media":109552,"comment_status":"closed","ping_status":"open","sticky":false,"template":"","format":"standard","meta":{"_monsterinsights_skip_tracking":false,"_monsterinsights_sitenote_active":false,"_monsterinsights_sitenote_note":"","_monsterinsights_sitenote_category":0,"jetpack_post_was_ever_published":false,"_jetpack_newsletter_access":"","_jetpack_dont_email_post_to_subs":false,"_jetpack_newsletter_tier_id":0,"_jetpack_memberships_contains_paywalled_content":false,"_jetpack_memberships_contains_paid_content":false,"footnotes":"","jetpack_publicize_message":"","jetpack_publicize_feature_enabled":true,"jetpack_social_post_already_shared":true,"jetpack_social_options":{"image_generator_settings":{"template":"highway","default_image_id":0,"font":"","enabled":false},"version":2},"_wpas_customize_per_network":false},"categories":[9791],"tags":[16517,16448,16175,16313,16446],"class_list":["post-109982","post","type-post","status-publish","format-standard","has-post-thumbnail","hentry","category-salud","tag-casos-en-estudio","tag-clinica-nueva-cruz-azul","tag-coronavirus","tag-covid-19","tag-hospital-blas-l-dubarry-2","generate-columns","tablet-grid-50","mobile-grid-100","grid-parent","grid-50"],"jetpack_publicize_connections":[],"jetpack_featured_media_url":"https:\/\/www.hoymercedes.com.ar\/principal\/wp-content\/uploads\/2020\/04\/17-coronavirus.jpg","wps_subtitle":"Informe oficial","jetpack_sharing_enabled":true,"_links":{"self":[{"href":"https:\/\/www.hoymercedes.com.ar\/principal\/wp-json\/wp\/v2\/posts\/109982","targetHints":{"allow":["GET"]}}],"collection":[{"href":"https:\/\/www.hoymercedes.com.ar\/principal\/wp-json\/wp\/v2\/posts"}],"about":[{"href":"https:\/\/www.hoymercedes.com.ar\/principal\/wp-json\/wp\/v2\/types\/post"}],"author":[{"embeddable":true,"href":"https:\/\/www.hoymercedes.com.ar\/principal\/wp-json\/wp\/v2\/users\/1"}],"replies":[{"embeddable":true,"href":"https:\/\/www.hoymercedes.com.ar\/principal\/wp-json\/wp\/v2\/comments?post=109982"}],"version-history":[{"count":0,"href":"https:\/\/www.hoymercedes.com.ar\/principal\/wp-json\/wp\/v2\/posts\/109982\/revisions"}],"wp:featuredmedia":[{"embeddable":true,"href":"https:\/\/www.hoymercedes.com.ar\/principal\/wp-json\/wp\/v2\/media\/109552"}],"wp:attachment":[{"href":"https:\/\/www.hoymercedes.com.ar\/principal\/wp-json\/wp\/v2\/media?parent=109982"}],"wp:term":[{"taxonomy":"category","embeddable":true,"href":"https:\/\/www.hoymercedes.com.ar\/principal\/wp-json\/wp\/v2\/categories?post=109982"},{"taxonomy":"post_tag","embeddable":true,"href":"https:\/\/www.hoymercedes.com.ar\/principal\/wp-json\/wp\/v2\/tags?post=109982"}],"curies":[{"name":"wp","href":"https:\/\/api.w.org\/{rel}","templated":true}]}}