{"id":110009,"date":"2020-04-29T10:04:00","date_gmt":"2020-04-29T13:04:00","guid":{"rendered":"http:\/\/www.hoymercedes.com.ar\/principal\/?p=110009"},"modified":"2020-04-29T16:11:27","modified_gmt":"2020-04-29T19:11:27","slug":"refuerzan-el-area-de-salud-municipal","status":"publish","type":"post","link":"https:\/\/www.hoymercedes.com.ar\/principal\/2020\/04\/29\/refuerzan-el-area-de-salud-municipal\/","title":{"rendered":"Refuerzan el \u00e1rea de salud municipal"},"content":{"rendered":"\n<p>En el marco de una reuni\u00f3n realizada d\u00edas atr\u00e1s, encabezada por el Intendente Juan Ignacio Ustarroz y el Director del Hospital Blas L. Dubarry, Dr. Pablo Cassiani, se reforz\u00f3 el trabajo las acciones a tomar contra el Covid-19. El encuentro fue con enfermeras, administrativas y profesionales de los Centros de Atenci\u00f3n Primaria a la Salud. <\/p>\n\n\n\n<figure class=\"wp-block-image size-large\"><img loading=\"lazy\" decoding=\"async\" width=\"800\" height=\"533\" data-attachment-id=\"110010\" data-permalink=\"https:\/\/www.hoymercedes.com.ar\/principal\/2020\/04\/29\/refuerzan-el-area-de-salud-municipal\/29-salud-3\/#main\" data-orig-file=\"https:\/\/www.hoymercedes.com.ar\/principal\/wp-content\/uploads\/2020\/04\/29-salud-3.jpeg\" data-orig-size=\"800,533\" data-comments-opened=\"0\" data-image-meta=\"{&quot;aperture&quot;:&quot;0&quot;,&quot;credit&quot;:&quot;&quot;,&quot;camera&quot;:&quot;&quot;,&quot;caption&quot;:&quot;&quot;,&quot;created_timestamp&quot;:&quot;0&quot;,&quot;copyright&quot;:&quot;&quot;,&quot;focal_length&quot;:&quot;0&quot;,&quot;iso&quot;:&quot;0&quot;,&quot;shutter_speed&quot;:&quot;0&quot;,&quot;title&quot;:&quot;&quot;,&quot;orientation&quot;:&quot;0&quot;}\" data-image-title=\"29 salud-3\" data-image-description=\"\" data-image-caption=\"\" data-large-file=\"https:\/\/www.hoymercedes.com.ar\/principal\/wp-content\/uploads\/2020\/04\/29-salud-3.jpeg\" src=\"https:\/\/www.hoymercedes.com.ar\/principal\/wp-content\/uploads\/2020\/04\/29-salud-3.jpeg\" alt=\"\" class=\"wp-image-110010\"\/><\/figure>\n\n\n\n<p>En la reuni\u00f3n se program\u00f3 la entrega de m\u00e1s insumos sanitarios como m\u00e1scaras, barbijos, guantes, y camisolines para poder trabajar mejor especialmente en los pr\u00f3ximos d\u00edas cuando se espera el pico de aparici\u00f3n del virus y la circulaci\u00f3n comunitaria del mismo que gracias al aislamiento social preventivo y obligatorio a\u00fan no se ha vivido en Mercedes, a pesar de que en Luj\u00e1n ya est\u00e1 y se sabe inevitablemente llegar\u00e1.<\/p>\n\n\n\n<p>La ocasi\u00f3n permiti\u00f3 que el jefe comunal anunciara nuevos refuerzos al \u00e1rea convocando a la licenciada Marianela Arenillas quien se suma al equipo junto a la Lic.&nbsp;&nbsp;Estefan\u00eda Telesca, la Dra Amalia P\u00e9rez y la Enfermera Camila Contreras.<\/p>\n\n\n\n<p>Pablo Cassiani tras agradecer el compromiso de las trabajadoras y trabajadores remarc\u00f3 lo \u00abfinito de los recursos, la importancia de cumplir los protocolos y seguir alertas en las medidas de cuidado y prevenci\u00f3n\u00bb destacando que \u201ctenemos un grupo de trabajadores y trabajadores que nos llena de orgullo y coordinando con el hospital vamos a hacer lo imposible para que el virus nos afecte lo menos posible, pero tenemos que tener claro que tarde o temprano arribar\u00e1\u201d<\/p>\n\n\n\n<p>Por su parte, el jefe comunal, expres\u00f3 que \u201cnosotros sentimos un orgullo enorme por todo el personal del \u00e1rea de salud. Son un gran ejemplo de dedicaci\u00f3n, solidaridad, y compromiso con los vecinos y vecinas. Hoy estamos ante un momento hist\u00f3rico\u201d sostuvo respecto al impacto del Covid-19 y cont\u00f3 que se suman las profesionales para poder reforzar m\u00e1s las tareas, articular y coordinar acciones en un \u201cfuturo cercano que no ser\u00e1 f\u00e1cil, que sin dudas nos preocupa y que a\u00fan en Mercedes no ha impactado con la fuerza que ya lo hizo en otras ciudades, pero que d\u00eda m\u00e1s d\u00eda menos arribar\u00e1 a la ciudad\u201d, entre otros conceptos.<\/p>\n\n\n\n<p>La actividad se suma a las que viene efectuando el Departamento Ejecutivo con distintos sectores, como ser comerciantes, colegios de profesionales, gastron\u00f3micos, corralones de materiales de obras, entre otros tanto del \u00e1mbito p\u00fablico como privado en pos de una organizaci\u00f3n y articulaci\u00f3n ciudadana amplia y unida.<\/p>\n\n\n\n<p>Fuente: Prensa Municipal<\/p>\n","protected":false},"excerpt":{"rendered":"<p>En el marco de una reuni\u00f3n realizada d\u00edas atr\u00e1s, encabezada por el Intendente Juan Ignacio Ustarroz y el Director del &#8230; <a title=\"Refuerzan el \u00e1rea de salud municipal\" class=\"read-more\" href=\"https:\/\/www.hoymercedes.com.ar\/principal\/2020\/04\/29\/refuerzan-el-area-de-salud-municipal\/\" aria-label=\"Leer m\u00e1s sobre Refuerzan el \u00e1rea de salud municipal\">Leer m\u00e1s<\/a><\/p>\n","protected":false},"author":1,"featured_media":110010,"comment_status":"closed","ping_status":"open","sticky":false,"template":"","format":"standard","meta":{"_monsterinsights_skip_tracking":false,"_monsterinsights_sitenote_active":false,"_monsterinsights_sitenote_note":"","_monsterinsights_sitenote_category":0,"jetpack_post_was_ever_published":false,"_jetpack_newsletter_access":"","_jetpack_dont_email_post_to_subs":false,"_jetpack_newsletter_tier_id":0,"_jetpack_memberships_contains_paywalled_content":false,"_jetpack_memberships_contains_paid_content":false,"footnotes":"","jetpack_publicize_message":"","jetpack_publicize_feature_enabled":true,"jetpack_social_post_already_shared":true,"jetpack_social_options":{"image_generator_settings":{"template":"highway","default_image_id":0,"font":"","enabled":false},"version":2},"_wpas_customize_per_network":false},"categories":[30],"tags":[16446,244,134],"class_list":["post-110009","post","type-post","status-publish","format-standard","has-post-thumbnail","hentry","category-municipio","tag-hospital-blas-l-dubarry-2","tag-municipio-2","tag-salud","generate-columns","tablet-grid-50","mobile-grid-100","grid-parent","grid-50"],"jetpack_publicize_connections":[],"jetpack_featured_media_url":"https:\/\/www.hoymercedes.com.ar\/principal\/wp-content\/uploads\/2020\/04\/29-salud-3.jpeg","wps_subtitle":"","jetpack_sharing_enabled":true,"_links":{"self":[{"href":"https:\/\/www.hoymercedes.com.ar\/principal\/wp-json\/wp\/v2\/posts\/110009","targetHints":{"allow":["GET"]}}],"collection":[{"href":"https:\/\/www.hoymercedes.com.ar\/principal\/wp-json\/wp\/v2\/posts"}],"about":[{"href":"https:\/\/www.hoymercedes.com.ar\/principal\/wp-json\/wp\/v2\/types\/post"}],"author":[{"embeddable":true,"href":"https:\/\/www.hoymercedes.com.ar\/principal\/wp-json\/wp\/v2\/users\/1"}],"replies":[{"embeddable":true,"href":"https:\/\/www.hoymercedes.com.ar\/principal\/wp-json\/wp\/v2\/comments?post=110009"}],"version-history":[{"count":0,"href":"https:\/\/www.hoymercedes.com.ar\/principal\/wp-json\/wp\/v2\/posts\/110009\/revisions"}],"wp:featuredmedia":[{"embeddable":true,"href":"https:\/\/www.hoymercedes.com.ar\/principal\/wp-json\/wp\/v2\/media\/110010"}],"wp:attachment":[{"href":"https:\/\/www.hoymercedes.com.ar\/principal\/wp-json\/wp\/v2\/media?parent=110009"}],"wp:term":[{"taxonomy":"category","embeddable":true,"href":"https:\/\/www.hoymercedes.com.ar\/principal\/wp-json\/wp\/v2\/categories?post=110009"},{"taxonomy":"post_tag","embeddable":true,"href":"https:\/\/www.hoymercedes.com.ar\/principal\/wp-json\/wp\/v2\/tags?post=110009"}],"curies":[{"name":"wp","href":"https:\/\/api.w.org\/{rel}","templated":true}]}}