{"id":110016,"date":"2020-04-29T15:13:14","date_gmt":"2020-04-29T18:13:14","guid":{"rendered":"http:\/\/www.hoymercedes.com.ar\/principal\/?p=110016"},"modified":"2020-04-29T16:10:19","modified_gmt":"2020-04-29T19:10:19","slug":"provincia-presento-medidas-para-impulsar-para-comercios-pymes-y-agroindustria","status":"publish","type":"post","link":"https:\/\/www.hoymercedes.com.ar\/principal\/2020\/04\/29\/provincia-presento-medidas-para-impulsar-para-comercios-pymes-y-agroindustria\/","title":{"rendered":"Provincia present\u00f3 medidas para impulsar para comercios, PyMES y Agroindustria"},"content":{"rendered":"\n<p>El gobernador de la provincia de Buenos Aires, Axel Kicillof, present\u00f3 esta ma\u00f1ana el Plan de Impulso Productivo, un paquete de medidas para acompa\u00f1ar a los distintos sectores econ\u00f3micos en el marco de la emergencia sanitaria. El plan que incluye seis herramientas: Comercios Abiertos, Producci\u00f3n de Insumos Esenciales, Finde, A Toda M\u00e1quina, garant\u00edas para dinamizar el cr\u00e9dito y Consejos Consultivos Regionales.\u00a0<\/p>\n\n\n\n<p>El anuncio lo realiz\u00f3 en Casa de Gobierno, junto al ministro de Producci\u00f3n, Ciencia e Innovaci\u00f3n Tecnol\u00f3gica, Augusto Costa, y el presidente del Banco Provincia, Juan Cuattromo. \u201cNo queremos dejar caer a nuestro aparato productivo, tenemos que cuidar la salud y asistir a nuestras empresas, nuestras PyMEs y a los trabajadores\u201d, dijo Kicillof. <\/p>\n\n\n\n<p><strong>Las seis medidas del Plan de Impulso Productivo<\/strong><\/p>\n\n\n\n<p><strong>Comercios Abiertos: <\/strong><br>Es una herramienta que permite la interacci\u00f3n entre los municipios y los vecinos para evitar aglomeraciones. Ofrece la posibilidad de realizar compras en negocios de cercan\u00eda sin tener que salir de casa a trav\u00e9s de un buscador en el sitio web de cada municipio, que brinda informaci\u00f3n de contacto de los comercios que realizan entregas a domicilio en el partido.\u00a0<br>Su objetivo es promover el consumo en los negocios barriales y ayudar a que m\u00e1s personas puedan realizar sus compras en forma telef\u00f3nica o a trav\u00e9s de WhatsApp, con la posibilidad de pactar directamente con el vendedor horarios de entrega o retiro de los productos y forma de pago. Los comerciantes pueden adherirse a trav\u00e9s del municipio y podr\u00e1n sumarse a Cuenta DNI, la billetera digital de Banco Provincia.<\/p>\n\n\n\n<p><strong>Plan Provincial de Producci\u00f3n de Insumos Esenciales: <\/strong><br>Este programa articula el sector productivo y organismos estatales, para abastecer las demandas sanitarias en el actual contexto de pandemia y reactivar los sectores ligados a la producci\u00f3n textil y manufacturera de insumos b\u00e1sicos para la salud en la emergencia p\u00fablica. Las empresas y cooperativas que produzcan elementos sanitarios podr\u00e1n acceder a pr\u00e9stamos para capital de trabajo con hasta 12 meses de plazo y tasa del 24% anual. Adem\u00e1s, tendr\u00e1n la posibilidad de descontar cheques por hasta 90 d\u00edas con una tasa del 25% anual, siempre en pesos.\u00a0<br>El Ministerio de Producci\u00f3n, Ciencia e Innovaci\u00f3n Tecnol\u00f3gica brindar\u00e1 asesoramiento a aquellas compa\u00f1\u00edas con posibilidad de diversificarse y reconvertirse, y acompa\u00f1ar\u00e1 el desarrollo de productos para sustituir importaciones, con la posibilidad de acceder a las l\u00edneas de cr\u00e9dito destinadas a capital de trabajo para MiPyMEs y Cooperativas del Banco Provincia.\u00a0<\/p>\n\n\n\n<p><strong>A Toda M\u00e1quina<\/strong>: <br>Se trata de una l\u00ednea de cr\u00e9dito para compra de bienes de capital en el sector agr\u00edcola a trav\u00e9s de un convenio con empresas proveedoras, con tasas desde el 18.5% y plazos entre 36 y 60 meses. Tambi\u00e9n incluye repuestos, implementos y otros bienes, fabricados por empresas adheridas a la C\u00e1mara Argentina de Fabricantes de Maquinaria Agr\u00edcola (MAGRIBA) y proveedoras de bienes de energ\u00edas renovables, solo para los plazos de 36 y 60 meses.<\/p>\n\n\n\n<p><strong>Garant\u00edas de Cr\u00e9dito<\/strong>: Se realizar\u00e1 un convenio entre el Banco Provincia y el Fondo de Garant\u00edas de Buenos Aires (FOGABA) para el otorgamiento de garant\u00edas en los cr\u00e9ditos emitidos por el BAPRO para pago de sueldos y capital de trabajo para MiPyMEs. Con este apoyo las empresas pueden acceder a garant\u00edas autom\u00e1ticas o semiautom\u00e1ticas por hasta 2 millones de pesos.\u00a0<\/p>\n\n\n\n<p><strong>FINDE<\/strong>: <br>Es la primera feria virtual de cultura independiente e industrias creativas de la provincia de Buenos Aires que se desarrollar\u00e1 durante tres fines de semana consecutivos (30 de abril al 3 de mayo, 7 al 10 de mayo y 14 al 17 de mayo). A trav\u00e9s de una plataforma espec\u00edfica es posible comprar con descuentos y promociones: videojuegos (primer FINDE), libros (segundo FINDE) e instrumentos musicales y m\u00fasica (tercer FINDE). Tambi\u00e9n se podr\u00e1 participar de charlas, shows, talleres y exhibiciones. Esta feria involucra a m\u00e1s de 100 PyMEs culturales.\u00a0\u00a0<\/p>\n\n\n\n<p><strong>Consejos Consultivos Regionales<\/strong>: <br>A partir del 11 de mayo se realizar\u00e1n reuniones virtuales en once regiones geogr\u00e1ficas en un trabajo conjunto con los sectores productivos de la Provincia de Buenos Aires, sistema cient\u00edfico tecnol\u00f3gico y organismos del Gobierno provincial y local para contribuir con el desarrollo. Se llevar\u00e1n a cabo encuentros con los sectores del agro, comercio, servicios e industria, para conocer las inquietudes, dificultades, requerimientos, proyectos y propuestas de esas actividades econ\u00f3micas.<\/p>\n\n\n\n<p>Fuente: Ministerio de Comunicaci\u00f3n P\u00fablica<\/p>\n","protected":false},"excerpt":{"rendered":"<p>El gobernador de la provincia de Buenos Aires, Axel Kicillof, present\u00f3 esta ma\u00f1ana el Plan de Impulso Productivo, un paquete &#8230; <a title=\"Provincia present\u00f3 medidas para impulsar para comercios, PyMES y Agroindustria\" class=\"read-more\" href=\"https:\/\/www.hoymercedes.com.ar\/principal\/2020\/04\/29\/provincia-presento-medidas-para-impulsar-para-comercios-pymes-y-agroindustria\/\" aria-label=\"Leer m\u00e1s sobre Provincia present\u00f3 medidas para impulsar para comercios, PyMES y Agroindustria\">Leer m\u00e1s<\/a><\/p>\n","protected":false},"author":1,"featured_media":110017,"comment_status":"closed","ping_status":"open","sticky":false,"template":"","format":"standard","meta":{"_monsterinsights_skip_tracking":false,"_monsterinsights_sitenote_active":false,"_monsterinsights_sitenote_note":"","_monsterinsights_sitenote_category":0,"jetpack_post_was_ever_published":false,"_jetpack_newsletter_access":"","_jetpack_dont_email_post_to_subs":false,"_jetpack_newsletter_tier_id":0,"_jetpack_memberships_contains_paywalled_content":false,"_jetpack_memberships_contains_paid_content":false,"footnotes":"","jetpack_publicize_message":"","jetpack_publicize_feature_enabled":true,"jetpack_social_post_already_shared":true,"jetpack_social_options":{"image_generator_settings":{"template":"highway","default_image_id":0,"font":"","enabled":false},"version":2},"_wpas_customize_per_network":false},"categories":[8881],"tags":[16541,13069,8786,8882,1803,11138],"class_list":["post-110016","post","type-post","status-publish","format-standard","has-post-thumbnail","hentry","category-provincia","tag-agroindustria","tag-comercios","tag-economia","tag-gobernacion","tag-provincia","tag-pymes","generate-columns","tablet-grid-50","mobile-grid-100","grid-parent","grid-50"],"jetpack_publicize_connections":[],"jetpack_featured_media_url":"https:\/\/www.hoymercedes.com.ar\/principal\/wp-content\/uploads\/2020\/04\/2020_04_29_AK_Presentacion-progrmas-en-Dorado_114.jpg","wps_subtitle":"Presentaci\u00f3n oficial","jetpack_sharing_enabled":true,"_links":{"self":[{"href":"https:\/\/www.hoymercedes.com.ar\/principal\/wp-json\/wp\/v2\/posts\/110016","targetHints":{"allow":["GET"]}}],"collection":[{"href":"https:\/\/www.hoymercedes.com.ar\/principal\/wp-json\/wp\/v2\/posts"}],"about":[{"href":"https:\/\/www.hoymercedes.com.ar\/principal\/wp-json\/wp\/v2\/types\/post"}],"author":[{"embeddable":true,"href":"https:\/\/www.hoymercedes.com.ar\/principal\/wp-json\/wp\/v2\/users\/1"}],"replies":[{"embeddable":true,"href":"https:\/\/www.hoymercedes.com.ar\/principal\/wp-json\/wp\/v2\/comments?post=110016"}],"version-history":[{"count":0,"href":"https:\/\/www.hoymercedes.com.ar\/principal\/wp-json\/wp\/v2\/posts\/110016\/revisions"}],"wp:featuredmedia":[{"embeddable":true,"href":"https:\/\/www.hoymercedes.com.ar\/principal\/wp-json\/wp\/v2\/media\/110017"}],"wp:attachment":[{"href":"https:\/\/www.hoymercedes.com.ar\/principal\/wp-json\/wp\/v2\/media?parent=110016"}],"wp:term":[{"taxonomy":"category","embeddable":true,"href":"https:\/\/www.hoymercedes.com.ar\/principal\/wp-json\/wp\/v2\/categories?post=110016"},{"taxonomy":"post_tag","embeddable":true,"href":"https:\/\/www.hoymercedes.com.ar\/principal\/wp-json\/wp\/v2\/tags?post=110016"}],"curies":[{"name":"wp","href":"https:\/\/api.w.org\/{rel}","templated":true}]}}