{"id":110022,"date":"2020-04-29T17:14:58","date_gmt":"2020-04-29T20:14:58","guid":{"rendered":"http:\/\/www.hoymercedes.com.ar\/principal\/?p=110022"},"modified":"2020-04-29T21:25:46","modified_gmt":"2020-04-30T00:25:46","slug":"controlan-precios-en-farmacias","status":"publish","type":"post","link":"https:\/\/www.hoymercedes.com.ar\/principal\/2020\/04\/29\/controlan-precios-en-farmacias\/","title":{"rendered":"Controlan precios en farmacias"},"content":{"rendered":"\n<p>Durante la ma\u00f1ana de este mi\u00e9rcoles, la delegaci\u00f3n local del Defensor del Pueblo de la provincia de Buenos Aires junto a la OMIC, realizaron un control de precios en farmacias y comercio con el fin de verificar los precios de alcohol en gel, alcohol et\u00edlico y barbijos, adem\u00e1s de revisar los precios de los productos que est\u00e1n en el listado de los precios m\u00e1ximos. <\/p>\n\n\n\n<figure class=\"wp-block-gallery columns-1 is-cropped wp-block-gallery-1 is-layout-flex wp-block-gallery-is-layout-flex\"><ul class=\"blocks-gallery-grid\"><li class=\"blocks-gallery-item\"><figure><img loading=\"lazy\" decoding=\"async\" width=\"800\" height=\"510\" data-attachment-id=\"110026\" data-permalink=\"https:\/\/www.hoymercedes.com.ar\/principal\/2020\/04\/29\/controlan-precios-en-farmacias\/29-defensor-farmarcias\/#main\" data-orig-file=\"https:\/\/www.hoymercedes.com.ar\/principal\/wp-content\/uploads\/2020\/04\/29-defensor-farmarcias.jpeg\" data-orig-size=\"800,510\" data-comments-opened=\"0\" data-image-meta=\"{&quot;aperture&quot;:&quot;0&quot;,&quot;credit&quot;:&quot;&quot;,&quot;camera&quot;:&quot;&quot;,&quot;caption&quot;:&quot;&quot;,&quot;created_timestamp&quot;:&quot;0&quot;,&quot;copyright&quot;:&quot;&quot;,&quot;focal_length&quot;:&quot;0&quot;,&quot;iso&quot;:&quot;0&quot;,&quot;shutter_speed&quot;:&quot;0&quot;,&quot;title&quot;:&quot;&quot;,&quot;orientation&quot;:&quot;0&quot;}\" data-image-title=\"29-defensor-farmarcias\" data-image-description=\"\" data-image-caption=\"\" data-large-file=\"https:\/\/www.hoymercedes.com.ar\/principal\/wp-content\/uploads\/2020\/04\/29-defensor-farmarcias.jpeg\" src=\"https:\/\/www.hoymercedes.com.ar\/principal\/wp-content\/uploads\/2020\/04\/29-defensor-farmarcias.jpeg\" alt=\"\" data-id=\"110026\" data-link=\"https:\/\/www.hoymercedes.com.ar\/principal\/?attachment_id=110026\" class=\"wp-image-110026\"\/><\/figure><\/li><\/ul><\/figure>\n","protected":false},"excerpt":{"rendered":"<p>Durante la ma\u00f1ana de este mi\u00e9rcoles, la delegaci\u00f3n local del Defensor del Pueblo de la provincia de Buenos Aires junto &#8230; <a title=\"Controlan precios en farmacias\" class=\"read-more\" href=\"https:\/\/www.hoymercedes.com.ar\/principal\/2020\/04\/29\/controlan-precios-en-farmacias\/\" aria-label=\"Leer m\u00e1s sobre Controlan precios en farmacias\">Leer m\u00e1s<\/a><\/p>\n","protected":false},"author":1,"featured_media":110026,"comment_status":"closed","ping_status":"open","sticky":false,"template":"","format":"standard","meta":{"_monsterinsights_skip_tracking":false,"_monsterinsights_sitenote_active":false,"_monsterinsights_sitenote_note":"","_monsterinsights_sitenote_category":0,"jetpack_post_was_ever_published":false,"_jetpack_newsletter_access":"","_jetpack_dont_email_post_to_subs":false,"_jetpack_newsletter_tier_id":0,"_jetpack_memberships_contains_paywalled_content":false,"_jetpack_memberships_contains_paid_content":false,"footnotes":"","jetpack_publicize_message":"","jetpack_publicize_feature_enabled":true,"jetpack_social_post_already_shared":true,"jetpack_social_options":{"image_generator_settings":{"template":"highway","default_image_id":0,"font":"","enabled":false},"version":2},"_wpas_customize_per_network":false},"categories":[30],"tags":[16394,9284,244,341],"class_list":["post-110022","post","type-post","status-publish","format-standard","has-post-thumbnail","hentry","category-municipio","tag-control-de-precios","tag-defensor-del-pueblo","tag-municipio-2","tag-omic","generate-columns","tablet-grid-50","mobile-grid-100","grid-parent","grid-50"],"jetpack_publicize_connections":[],"jetpack_featured_media_url":"https:\/\/www.hoymercedes.com.ar\/principal\/wp-content\/uploads\/2020\/04\/29-defensor-farmarcias.jpeg","wps_subtitle":"","jetpack_sharing_enabled":true,"_links":{"self":[{"href":"https:\/\/www.hoymercedes.com.ar\/principal\/wp-json\/wp\/v2\/posts\/110022","targetHints":{"allow":["GET"]}}],"collection":[{"href":"https:\/\/www.hoymercedes.com.ar\/principal\/wp-json\/wp\/v2\/posts"}],"about":[{"href":"https:\/\/www.hoymercedes.com.ar\/principal\/wp-json\/wp\/v2\/types\/post"}],"author":[{"embeddable":true,"href":"https:\/\/www.hoymercedes.com.ar\/principal\/wp-json\/wp\/v2\/users\/1"}],"replies":[{"embeddable":true,"href":"https:\/\/www.hoymercedes.com.ar\/principal\/wp-json\/wp\/v2\/comments?post=110022"}],"version-history":[{"count":0,"href":"https:\/\/www.hoymercedes.com.ar\/principal\/wp-json\/wp\/v2\/posts\/110022\/revisions"}],"wp:featuredmedia":[{"embeddable":true,"href":"https:\/\/www.hoymercedes.com.ar\/principal\/wp-json\/wp\/v2\/media\/110026"}],"wp:attachment":[{"href":"https:\/\/www.hoymercedes.com.ar\/principal\/wp-json\/wp\/v2\/media?parent=110022"}],"wp:term":[{"taxonomy":"category","embeddable":true,"href":"https:\/\/www.hoymercedes.com.ar\/principal\/wp-json\/wp\/v2\/categories?post=110022"},{"taxonomy":"post_tag","embeddable":true,"href":"https:\/\/www.hoymercedes.com.ar\/principal\/wp-json\/wp\/v2\/tags?post=110022"}],"curies":[{"name":"wp","href":"https:\/\/api.w.org\/{rel}","templated":true}]}}