{"id":11008,"date":"2012-02-17T10:33:28","date_gmt":"2012-02-17T10:33:28","guid":{"rendered":"http:\/\/www.hoymercedes.com.ar\/principal\/?p=11008"},"modified":"2012-02-17T10:33:28","modified_gmt":"2012-02-17T10:33:28","slug":"el-grupo-musical-redes-presento-sus-canciones-a-los-internos","status":"publish","type":"post","link":"https:\/\/www.hoymercedes.com.ar\/principal\/2012\/02\/17\/el-grupo-musical-redes-presento-sus-canciones-a-los-internos\/","title":{"rendered":"El Grupo Musical \u00abRedes\u00bb present\u00f3 sus canciones a los internos"},"content":{"rendered":"<p><a href=\"https:\/\/www.hoymercedes.com.ar\/principal\/wp-content\/uploads\/2012\/02\/Grupo_Redes_Unidad5.jpg\"><img loading=\"lazy\" decoding=\"async\" data-attachment-id=\"11010\" data-permalink=\"https:\/\/www.hoymercedes.com.ar\/principal\/2012\/02\/17\/el-grupo-musical-redes-presento-sus-canciones-a-los-internos\/grupo_redes_unidad5\/#main\" data-orig-file=\"https:\/\/www.hoymercedes.com.ar\/principal\/wp-content\/uploads\/2012\/02\/Grupo_Redes_Unidad5.jpg\" data-orig-size=\"612,459\" data-comments-opened=\"1\" data-image-meta=\"{&quot;aperture&quot;:&quot;2.8&quot;,&quot;credit&quot;:&quot;&quot;,&quot;camera&quot;:&quot;KODAK EASYSHARE V1003 ZOOM DIGITAL CAMERA&quot;,&quot;caption&quot;:&quot;&quot;,&quot;created_timestamp&quot;:&quot;1282042425&quot;,&quot;copyright&quot;:&quot;&quot;,&quot;focal_length&quot;:&quot;8.9&quot;,&quot;iso&quot;:&quot;160&quot;,&quot;shutter_speed&quot;:&quot;0.033333333333333&quot;,&quot;title&quot;:&quot;&quot;}\" data-image-title=\"Grupo_Redes_Unidad5\" data-image-description=\"\" data-image-caption=\"\" data-large-file=\"https:\/\/www.hoymercedes.com.ar\/principal\/wp-content\/uploads\/2012\/02\/Grupo_Redes_Unidad5.jpg\" class=\"aligncenter size-full wp-image-11010\" title=\"Grupo_Redes_Unidad5\" src=\"https:\/\/www.hoymercedes.com.ar\/principal\/wp-content\/uploads\/2012\/02\/Grupo_Redes_Unidad5.jpg\" alt=\"\" width=\"612\" height=\"459\" \/><\/a><\/p>\n<p>El pasado viernes a las 17 hs. se realiz\u00f3 la presentaci\u00f3n del grupo de m\u00fasica cristiana Redes, en el Sal\u00f3n de Usos M\u00faltiples de la c\u00e1rcel para m\u00e1s 80 internos e internas.<\/p>\n<p>La m\u00fasica que realizaron fue un basto repertorio de canciones pop y rock con letras dedicadas al amor por Jes\u00fas, y a la salvaci\u00f3n espiritual de los hombres a trav\u00e9s de la palabra de Dios.<\/p>\n<p>Los integrantes de esta banda son la Noelia Ivon Ortol\u00e1 Gonzalez, en la voz, Emmanuel Isa\u00edas Zarich, Mario Lujan Kuicci, Jos\u00e9 David Zarich, Gabriel Valente, y el coordinador pastoral evang\u00e9lico Juan Lorenzo P\u00e9rez, que de manera entretenida interpretaron diversos temas por m\u00e1s de una hora, y obtuvieron un merecido aplauso de todos los presentes.<\/p>\n<p>Actividades culturales como esta, dentro de la c\u00e1rcel, tiene como objetivo generar y aportar un aspecto religioso, social, y recreativo, en la vida cotidiana de los internos e internas.<\/p>\n<p>Se acercaron a trav\u00e9s del Director del Coro Polif\u00f3nico de la Unidad H\u00e9ctor G\u00f3mez, y con la anuencia de las autoridades del Servicio Penitenciario Bonaerense, y del equipo directivo de la Unidad 5 Mercedes.<\/p>\n","protected":false},"excerpt":{"rendered":"<p>El pasado viernes a las 17 hs. se realiz\u00f3 la presentaci\u00f3n del grupo de m\u00fasica cristiana Redes, en el Sal\u00f3n &#8230; <a title=\"El Grupo Musical \u00abRedes\u00bb present\u00f3 sus canciones a los internos\" class=\"read-more\" href=\"https:\/\/www.hoymercedes.com.ar\/principal\/2012\/02\/17\/el-grupo-musical-redes-presento-sus-canciones-a-los-internos\/\" aria-label=\"Leer m\u00e1s sobre El Grupo Musical \u00abRedes\u00bb present\u00f3 sus canciones a los internos\">Leer m\u00e1s<\/a><\/p>\n","protected":false},"author":1,"featured_media":0,"comment_status":"open","ping_status":"open","sticky":false,"template":"","format":"standard","meta":{"_monsterinsights_skip_tracking":false,"_monsterinsights_sitenote_active":false,"_monsterinsights_sitenote_note":"","_monsterinsights_sitenote_category":0,"jetpack_post_was_ever_published":false,"_jetpack_newsletter_access":"","_jetpack_dont_email_post_to_subs":false,"_jetpack_newsletter_tier_id":0,"_jetpack_memberships_contains_paywalled_content":false,"_jetpack_memberships_contains_paid_content":false,"footnotes":"","jetpack_publicize_message":"","jetpack_publicize_feature_enabled":true,"jetpack_social_post_already_shared":false,"jetpack_social_options":{"image_generator_settings":{"template":"highway","default_image_id":0,"font":"","enabled":false},"version":2},"_wpas_customize_per_network":false},"categories":[8],"tags":[1884,113],"class_list":["post-11008","post","type-post","status-publish","format-standard","hentry","category-sociedad","tag-grupo-redes","tag-unidad-5","generate-columns","tablet-grid-50","mobile-grid-100","grid-parent","grid-50"],"jetpack_publicize_connections":[],"jetpack_featured_media_url":"","wps_subtitle":"","jetpack_sharing_enabled":true,"_links":{"self":[{"href":"https:\/\/www.hoymercedes.com.ar\/principal\/wp-json\/wp\/v2\/posts\/11008","targetHints":{"allow":["GET"]}}],"collection":[{"href":"https:\/\/www.hoymercedes.com.ar\/principal\/wp-json\/wp\/v2\/posts"}],"about":[{"href":"https:\/\/www.hoymercedes.com.ar\/principal\/wp-json\/wp\/v2\/types\/post"}],"author":[{"embeddable":true,"href":"https:\/\/www.hoymercedes.com.ar\/principal\/wp-json\/wp\/v2\/users\/1"}],"replies":[{"embeddable":true,"href":"https:\/\/www.hoymercedes.com.ar\/principal\/wp-json\/wp\/v2\/comments?post=11008"}],"version-history":[{"count":0,"href":"https:\/\/www.hoymercedes.com.ar\/principal\/wp-json\/wp\/v2\/posts\/11008\/revisions"}],"wp:attachment":[{"href":"https:\/\/www.hoymercedes.com.ar\/principal\/wp-json\/wp\/v2\/media?parent=11008"}],"wp:term":[{"taxonomy":"category","embeddable":true,"href":"https:\/\/www.hoymercedes.com.ar\/principal\/wp-json\/wp\/v2\/categories?post=11008"},{"taxonomy":"post_tag","embeddable":true,"href":"https:\/\/www.hoymercedes.com.ar\/principal\/wp-json\/wp\/v2\/tags?post=11008"}],"curies":[{"name":"wp","href":"https:\/\/api.w.org\/{rel}","templated":true}]}}