{"id":110126,"date":"2020-05-02T12:02:10","date_gmt":"2020-05-02T15:02:10","guid":{"rendered":"http:\/\/www.hoymercedes.com.ar\/principal\/?p=110126"},"modified":"2020-05-02T12:30:48","modified_gmt":"2020-05-02T15:30:48","slug":"peluquerias-podran-abrir-de-acuerdo-a-protocolo-especifico","status":"publish","type":"post","link":"https:\/\/www.hoymercedes.com.ar\/principal\/2020\/05\/02\/peluquerias-podran-abrir-de-acuerdo-a-protocolo-especifico\/","title":{"rendered":"Peluquer\u00edas podr\u00e1n abrir de acuerdo a protocolo espec\u00edfico"},"content":{"rendered":"\n<p>El Municipio de Mercedes oficializ\u00f3 un protocolo de apertura junto a los peluqueros y estilistas de la ciudad tal como lo hizo con otros rubros comerciales y profesionales. Deber\u00e1n atender \u00aba puertas cerradas\u00bb, con turnos, con tratamientos que no excedan las dos horas, no podr\u00e1n atender a personas con factores de riesgos, y deber\u00e1n hacerlo con tapabocas. La actividad deber\u00e1 estar registrada en el sitio web del Municipio. <\/p>\n\n\n\n<p>Las medidas espec\u00edficas para peluquer\u00edas y estilistas de Mercedes son: <\/p>\n\n\n\n<ul class=\"wp-block-list\"><li>La atenci\u00f3n ser\u00e1 bajo la modalidad \u201ca puertas cerradas\u201d, solo se podr\u00e1 asistir con turno acordado previamente a trav\u00e9s de distintos canales tales como mensajer\u00eda telef\u00f3nica, whatsapp y\/o cualquier otra red social. No se podr\u00e1 recepcionar personas que no tengan turno.<\/li><li>Deber\u00e1n organizarse los turnos seg\u00fan el personal y el espacio, de manera tal que no permnaezcan clientes en espera en el lugar.<\/li><li>No se podr\u00e1 otorgar turno a personas que sean factores de riesgo.<\/li><li>Solo se realizaran tratamientos cortos. No se permitir\u00e1n aquellos que excedan las dos horas de trabajo.<\/li><li>Los trabajos se realizaran con un peluquero y\/o estilista por metro cuadrado.<\/li><li>Tanto los trabajadores como los clientes deber\u00e1n utilizar tapabocas. Los trabajadores asimismo deber\u00e1n utilizar mascaras o gafas, guantes y poseer alcohol en todos los puestos de trabajo.<\/li><li>La asistencia de trabajadores ser\u00e1 rotativa, con d\u00edas y horarios diferidos.<\/li><li>Nomina con datos que permitan individualizar a los clientes. Nombre completo, D.N.I, direcci\u00f3n, tel\u00e9fono. El mismo deber\u00e1 ser subido a la plataforma protocoloscovid.mercedes.gob.ar diariamente.<\/li><li>Se evitaran los procedimientos no esenciales tales como lavado y secado de cabello.<\/li><li>Fiscalizaci\u00f3n: la llevara adelante la OMIC, mediante una verificaci\u00f3n semanal.<\/li><\/ul>\n\n\n\n<p>El Registro municipal de actividades COVID19 estar\u00e1 disponible en la web www.mercedes.gob.ar una vez aprobado cada Protocolo de actuaci\u00f3n seg\u00fan la actividad que corresponda, donde deber\u00e1n registrarse los titulares y cargar la documentaci\u00f3n que corresponda. El protocolo municipal ser\u00e1 suscripto con car\u00e1cter de declaraci\u00f3n jurada en la plataforma web mencionada. En caso de corresponder, deber\u00e1n tramitar el Certificado \u00danico de Circulaci\u00f3n disponible en <a href=\"https:\/\/www.argentina.gob.ar\/coronavirus\/aislamiento\/exceptuados.\" target=\"_blank\" rel=\"noreferrer noopener\">https:\/\/www.argentina.gob.ar\/coronavirus\/aislamiento\/exceptuados.<\/a><\/p>\n\n\n\n<p><\/p>\n","protected":false},"excerpt":{"rendered":"<p>El Municipio de Mercedes oficializ\u00f3 un protocolo de apertura junto a los peluqueros y estilistas de la ciudad tal como &#8230; <a title=\"Peluquer\u00edas podr\u00e1n abrir de acuerdo a protocolo espec\u00edfico\" class=\"read-more\" href=\"https:\/\/www.hoymercedes.com.ar\/principal\/2020\/05\/02\/peluquerias-podran-abrir-de-acuerdo-a-protocolo-especifico\/\" aria-label=\"Leer m\u00e1s sobre Peluquer\u00edas podr\u00e1n abrir de acuerdo a protocolo espec\u00edfico\">Leer m\u00e1s<\/a><\/p>\n","protected":false},"author":1,"featured_media":66205,"comment_status":"closed","ping_status":"open","sticky":false,"template":"","format":"standard","meta":{"_monsterinsights_skip_tracking":false,"_monsterinsights_sitenote_active":false,"_monsterinsights_sitenote_note":"","_monsterinsights_sitenote_category":0,"jetpack_post_was_ever_published":false,"_jetpack_newsletter_access":"","_jetpack_dont_email_post_to_subs":false,"_jetpack_newsletter_tier_id":0,"_jetpack_memberships_contains_paywalled_content":false,"_jetpack_memberships_contains_paid_content":false,"footnotes":"","jetpack_publicize_message":"","jetpack_publicize_feature_enabled":true,"jetpack_social_post_already_shared":true,"jetpack_social_options":{"image_generator_settings":{"template":"highway","default_image_id":0,"font":"","enabled":false},"version":2},"_wpas_customize_per_network":false},"categories":[8],"tags":[16550,16532,16551],"class_list":["post-110126","post","type-post","status-publish","format-standard","has-post-thumbnail","hentry","category-sociedad","tag-aislamiento-social-preventivo-y-obligatorio","tag-peluquerias","tag-protocolo-socio-sanitario","generate-columns","tablet-grid-50","mobile-grid-100","grid-parent","grid-50"],"jetpack_publicize_connections":[],"jetpack_featured_media_url":"https:\/\/www.hoymercedes.com.ar\/principal\/wp-content\/uploads\/2017\/08\/21-Miguez-Peluquer\u00eda-01.jpg","wps_subtitle":"En el marco del aislamiento","jetpack_sharing_enabled":true,"_links":{"self":[{"href":"https:\/\/www.hoymercedes.com.ar\/principal\/wp-json\/wp\/v2\/posts\/110126","targetHints":{"allow":["GET"]}}],"collection":[{"href":"https:\/\/www.hoymercedes.com.ar\/principal\/wp-json\/wp\/v2\/posts"}],"about":[{"href":"https:\/\/www.hoymercedes.com.ar\/principal\/wp-json\/wp\/v2\/types\/post"}],"author":[{"embeddable":true,"href":"https:\/\/www.hoymercedes.com.ar\/principal\/wp-json\/wp\/v2\/users\/1"}],"replies":[{"embeddable":true,"href":"https:\/\/www.hoymercedes.com.ar\/principal\/wp-json\/wp\/v2\/comments?post=110126"}],"version-history":[{"count":0,"href":"https:\/\/www.hoymercedes.com.ar\/principal\/wp-json\/wp\/v2\/posts\/110126\/revisions"}],"wp:featuredmedia":[{"embeddable":true,"href":"https:\/\/www.hoymercedes.com.ar\/principal\/wp-json\/wp\/v2\/media\/66205"}],"wp:attachment":[{"href":"https:\/\/www.hoymercedes.com.ar\/principal\/wp-json\/wp\/v2\/media?parent=110126"}],"wp:term":[{"taxonomy":"category","embeddable":true,"href":"https:\/\/www.hoymercedes.com.ar\/principal\/wp-json\/wp\/v2\/categories?post=110126"},{"taxonomy":"post_tag","embeddable":true,"href":"https:\/\/www.hoymercedes.com.ar\/principal\/wp-json\/wp\/v2\/tags?post=110126"}],"curies":[{"name":"wp","href":"https:\/\/api.w.org\/{rel}","templated":true}]}}