{"id":110153,"date":"2020-05-02T21:51:46","date_gmt":"2020-05-03T00:51:46","guid":{"rendered":"http:\/\/www.hoymercedes.com.ar\/principal\/?p=110153"},"modified":"2020-05-02T21:59:44","modified_gmt":"2020-05-03T00:59:44","slug":"coronavirus-solo-un-caso-en-estudio-hay-en-mercedes","status":"publish","type":"post","link":"https:\/\/www.hoymercedes.com.ar\/principal\/2020\/05\/02\/coronavirus-solo-un-caso-en-estudio-hay-en-mercedes\/","title":{"rendered":"Coronavirus: Solo un caso en estudio hay en Mercedes"},"content":{"rendered":"\n<p>En el d\u00eda de la fecha se confirmaron los an\u00e1lisis de los pacientes que estaban en estudio. Todos dieron negativo. No obstante, en las \u00faltimas horas de la tarde el Hospital Blas L. Dubarry recibi\u00f3 una paciente con s\u00edntomas compatibe a COVID-19, cuyo PCR est\u00e1 en estudio. <\/p>\n\n\n\n<p>Asimismo, la Cl\u00ednica Nueva Cruz Azul confirm\u00f3 que no tiene casos en estudio, ya que entre ayer y hoy llegaron los resultados negativos de los pacientes que los esperaban. Inclusive lleg\u00f3 el negativo de PCR Covid-19 del hombre de 84 a\u00f1os que falleci\u00f3 en la madrugada del lunes. <\/p>\n\n\n\n<p>Por otra parte, se confirm\u00f3 que veinte vecinos y vecinas en seguimiento por la secretar\u00eda de salud por haber regresado de viaje al exterior o ser familiar del viajante y son 304 altas de vecinos y vecinas en seguimiento que pasan a aislamiento general.<\/p>\n\n\n\n<p>Adem\u00e1s, son 25 causas iniciadas en el d\u00eda a vecinos y vecinas por violar el aislamiento sin motivo. En total, van 430 causas generadas desde inicio de cuarentena a vecinas y vecinos por haber violado el aislamiento sin motivos.<\/p>\n\n\n\n<p><strong>Informe Nacional<\/strong><\/p>\n\n\n\n<p>Hoy fueron confirmados 149 nuevos casos de COVID-19. Con estos registros, suman 4.681 positivos en el pa\u00eds. Del total de esos casos, 917 (19,6%) son importados, 2.012 (43%) son contactos estrechos de casos confirmados, 1267 (27,1%) son casos de circulaci\u00f3n comunitaria y el resto se encuentra en investigaci\u00f3n epidemiol\u00f3gica.<\/p>\n\n\n\n<p>Por la ma\u00f1ana confirmaron cuatro nuevas muertes. Tres hombres, dos de 86 y 33 a\u00f1os, residentes en la provincia de Chaco; otro de 88 a\u00f1os, residente en la Ciudad de Buenos Aires (CABA); y una mujer de 57 a\u00f1os, residente en la provincia de Buenos Aires. Por la noche confirmaron ocho nuevas muertes. Son cinco mujeres, una de 93 a\u00f1os, residente en la provincia de Buenos Aires; tres de 83, 84 y 91 a\u00f1os, residentes en la Ciudad de Buenos Aires (CABA); y otra de 55 a\u00f1os, residente en la provincia de Chaco; y tres hombres, dos de 87 y 83 a\u00f1os, residentes en la Ciudad de Buenos Aires (CABA); y otro de 79 a\u00f1os, residente en la provincia de C\u00f3rdoba. Al momento la cantidad de personas fallecidas es 237.<\/p>\n","protected":false},"excerpt":{"rendered":"<p>En el d\u00eda de la fecha se confirmaron los an\u00e1lisis de los pacientes que estaban en estudio. Todos dieron negativo. &#8230; <a title=\"Coronavirus: Solo un caso en estudio hay en Mercedes\" class=\"read-more\" href=\"https:\/\/www.hoymercedes.com.ar\/principal\/2020\/05\/02\/coronavirus-solo-un-caso-en-estudio-hay-en-mercedes\/\" aria-label=\"Leer m\u00e1s sobre Coronavirus: Solo un caso en estudio hay en Mercedes\">Leer m\u00e1s<\/a><\/p>\n","protected":false},"author":1,"featured_media":110155,"comment_status":"closed","ping_status":"open","sticky":false,"template":"","format":"standard","meta":{"_monsterinsights_skip_tracking":false,"_monsterinsights_sitenote_active":false,"_monsterinsights_sitenote_note":"","_monsterinsights_sitenote_category":0,"jetpack_post_was_ever_published":false,"_jetpack_newsletter_access":"","_jetpack_dont_email_post_to_subs":false,"_jetpack_newsletter_tier_id":0,"_jetpack_memberships_contains_paywalled_content":false,"_jetpack_memberships_contains_paid_content":false,"footnotes":"","jetpack_publicize_message":"","jetpack_publicize_feature_enabled":true,"jetpack_social_post_already_shared":true,"jetpack_social_options":{"image_generator_settings":{"template":"highway","default_image_id":0,"font":"","enabled":false},"version":2},"_wpas_customize_per_network":false},"categories":[9791],"tags":[16517,16448,16175,16313,16553],"class_list":["post-110153","post","type-post","status-publish","format-standard","has-post-thumbnail","hentry","category-salud","tag-casos-en-estudio","tag-clinica-nueva-cruz-azul","tag-coronavirus","tag-covid-19","tag-hospial-blas-l-dubarry","generate-columns","tablet-grid-50","mobile-grid-100","grid-parent","grid-50"],"jetpack_publicize_connections":[],"jetpack_featured_media_url":"https:\/\/www.hoymercedes.com.ar\/principal\/wp-content\/uploads\/2020\/05\/WhatsApp-Image-2020-05-02-at-21.27.21.jpeg","wps_subtitle":"Cierre del d\u00eda","jetpack_sharing_enabled":true,"_links":{"self":[{"href":"https:\/\/www.hoymercedes.com.ar\/principal\/wp-json\/wp\/v2\/posts\/110153","targetHints":{"allow":["GET"]}}],"collection":[{"href":"https:\/\/www.hoymercedes.com.ar\/principal\/wp-json\/wp\/v2\/posts"}],"about":[{"href":"https:\/\/www.hoymercedes.com.ar\/principal\/wp-json\/wp\/v2\/types\/post"}],"author":[{"embeddable":true,"href":"https:\/\/www.hoymercedes.com.ar\/principal\/wp-json\/wp\/v2\/users\/1"}],"replies":[{"embeddable":true,"href":"https:\/\/www.hoymercedes.com.ar\/principal\/wp-json\/wp\/v2\/comments?post=110153"}],"version-history":[{"count":0,"href":"https:\/\/www.hoymercedes.com.ar\/principal\/wp-json\/wp\/v2\/posts\/110153\/revisions"}],"wp:featuredmedia":[{"embeddable":true,"href":"https:\/\/www.hoymercedes.com.ar\/principal\/wp-json\/wp\/v2\/media\/110155"}],"wp:attachment":[{"href":"https:\/\/www.hoymercedes.com.ar\/principal\/wp-json\/wp\/v2\/media?parent=110153"}],"wp:term":[{"taxonomy":"category","embeddable":true,"href":"https:\/\/www.hoymercedes.com.ar\/principal\/wp-json\/wp\/v2\/categories?post=110153"},{"taxonomy":"post_tag","embeddable":true,"href":"https:\/\/www.hoymercedes.com.ar\/principal\/wp-json\/wp\/v2\/tags?post=110153"}],"curies":[{"name":"wp","href":"https:\/\/api.w.org\/{rel}","templated":true}]}}