{"id":110160,"date":"2020-05-03T09:30:00","date_gmt":"2020-05-03T12:30:00","guid":{"rendered":"http:\/\/www.hoymercedes.com.ar\/principal\/?p=110160"},"modified":"2020-05-02T22:13:26","modified_gmt":"2020-05-03T01:13:26","slug":"habilitan-actividades-en-el-marco-del-aislamiento","status":"publish","type":"post","link":"https:\/\/www.hoymercedes.com.ar\/principal\/2020\/05\/03\/habilitan-actividades-en-el-marco-del-aislamiento\/","title":{"rendered":"Habilitan actividades en el marco del aislamiento"},"content":{"rendered":"\n<p>Luego de las reuniones mantenidas entre el jefe comunal Juan Ustarroz, representantes de la C\u00e1mara Econ\u00f3mica Mercedina y referentes de actividades comerciales locales este s\u00e1bado se concret\u00f3 el acto administrativo que autoriza la apertura de algunas actividades comerciales con distintos protocolos, horario y d\u00edas espec\u00edficos de atenci\u00f3n.<\/p>\n\n\n\n<p>\u201cEl decreto fue elaborado luego de un arduo trabajo de reuniones con todos los sectores. Se elev\u00f3 para su aprobaci\u00f3n ante el gobernador de la provincia de Buenos Aires y ayer (por el viernes) fuimos notificados de la resoluci\u00f3n que habilita las actividades, de acuerdo a lo propuesto por este municipio. Claramente apelamos a la responsabilidad de los consumidores y de los comerciantes, profesionales e industriales para cumplir los protocolos establecidos. Los cuales \u2013adem\u00e1s- vamos a controlar\u201d detall\u00f3 el intendente.<\/p>\n\n\n\n<p>Por su parte Ariel Pietrucha, en nombre de los socios de la C\u00e1mara Econ\u00f3mica Mercedina, expres\u00f3 la \u201csatisfacci\u00f3n porque a partir del lunes 4 de mayo, actividades comerciales, inmobiliarias, profesionales y servicios de construcci\u00f3n podr\u00e1n retomar sus tareas. Lo hemos trabajado en sinton\u00eda con la Municipalidad en diferentes reuniones desde que comenz\u00f3 el aislamiento obligatorio. Hemos presentando propuestas, alternativas, y protocolos para los diferentes sectores. Estamos de acuerdo con los protocolos dispuestos. Es un buen acuerdo para comenzar la administraci\u00f3n de actividades y poner en marcha el sector productivo que est\u00e1 atravesando una dif\u00edcil situaci\u00f3n. Les pedimos a todas las personas que trabajen bajo estos protocolos que lo hagan con responsabilidad\u201d sostuvo.<\/p>\n\n\n\n<p><strong>Apertura controlada<\/strong><br>Entre las actividades autorizadas est\u00e1n los <a href=\"https:\/\/www.hoymercedes.com.ar\/principal\/2020\/05\/02\/nuevo-protocolo-para-el-funcionamiento-de-comercios-en-mercedes\/\" target=\"_blank\" rel=\"noreferrer noopener\">comercios<\/a>, el cobro de servicios y reparto a domicilio, las obras privadas, oficios y rubros conexos, los profesionales independientes para concurrir a sus oficinas particulares, las <a href=\"https:\/\/www.hoymercedes.com.ar\/principal\/2020\/05\/02\/peluquerias-podran-abrir-de-acuerdo-a-protocolo-especifico\/\" target=\"_blank\" rel=\"noreferrer noopener\">peluquer\u00edas <\/a>y las inmobiliarias, \u00fanicamente para personas no bancarizadas.<\/p>\n\n\n\n<p>Cada una tiene su protocolo correspondiente, el que debe ser cumplido junto con el protocolo municipal de trabajo seguro, caso contrario se revocar\u00e1 la autorizaci\u00f3n y se aplicar\u00e1n las sanciones correspondientes.<\/p>\n\n\n\n<p>Vale destacar que esta autorizaci\u00f3n en nada modifica el sistema de delivery que se promulg\u00f3 el pasado lunes.<\/p>\n\n\n\n<p>A ese sistema ya en marcha, ahora se le agrega el cobro de cuotas. Para esos casos los comercios de venta de productos electrodom\u00e9sticos deber\u00e1n convocar a sus clientes con un sistema de turnos por d\u00eda y terminaci\u00f3n de DNI, similar al sistema que est\u00e1n aplicando las entidades bancarias, llevando un registro diario de los clientes que concurren al establecimiento con ese fin.<\/p>\n","protected":false},"excerpt":{"rendered":"<p>Luego de las reuniones mantenidas entre el jefe comunal Juan Ustarroz, representantes de la C\u00e1mara Econ\u00f3mica Mercedina y referentes de &#8230; <a title=\"Habilitan actividades en el marco del aislamiento\" class=\"read-more\" href=\"https:\/\/www.hoymercedes.com.ar\/principal\/2020\/05\/03\/habilitan-actividades-en-el-marco-del-aislamiento\/\" aria-label=\"Leer m\u00e1s sobre Habilitan actividades en el marco del aislamiento\">Leer m\u00e1s<\/a><\/p>\n","protected":false},"author":1,"featured_media":109390,"comment_status":"closed","ping_status":"open","sticky":false,"template":"","format":"standard","meta":{"_monsterinsights_skip_tracking":false,"_monsterinsights_sitenote_active":false,"_monsterinsights_sitenote_note":"","_monsterinsights_sitenote_category":0,"jetpack_post_was_ever_published":false,"_jetpack_newsletter_access":"","_jetpack_dont_email_post_to_subs":false,"_jetpack_newsletter_tier_id":0,"_jetpack_memberships_contains_paywalled_content":false,"_jetpack_memberships_contains_paid_content":false,"footnotes":"","jetpack_publicize_message":"","jetpack_publicize_feature_enabled":true,"jetpack_social_post_already_shared":true,"jetpack_social_options":{"image_generator_settings":{"template":"highway","default_image_id":0,"font":"","enabled":false},"version":2},"_wpas_customize_per_network":false},"categories":[30],"tags":[682,244,16554,424],"class_list":["post-110160","post","type-post","status-publish","format-standard","has-post-thumbnail","hentry","category-municipio","tag-cem","tag-municipio-2","tag-protocolos","tag-ustarroz","generate-columns","tablet-grid-50","mobile-grid-100","grid-parent","grid-50"],"jetpack_publicize_connections":[],"jetpack_featured_media_url":"https:\/\/www.hoymercedes.com.ar\/principal\/wp-content\/uploads\/2020\/04\/2020-CEM-propuesta-flexible-2.jpg","wps_subtitle":"Autorizaci\u00f3n municipal","jetpack_sharing_enabled":true,"_links":{"self":[{"href":"https:\/\/www.hoymercedes.com.ar\/principal\/wp-json\/wp\/v2\/posts\/110160","targetHints":{"allow":["GET"]}}],"collection":[{"href":"https:\/\/www.hoymercedes.com.ar\/principal\/wp-json\/wp\/v2\/posts"}],"about":[{"href":"https:\/\/www.hoymercedes.com.ar\/principal\/wp-json\/wp\/v2\/types\/post"}],"author":[{"embeddable":true,"href":"https:\/\/www.hoymercedes.com.ar\/principal\/wp-json\/wp\/v2\/users\/1"}],"replies":[{"embeddable":true,"href":"https:\/\/www.hoymercedes.com.ar\/principal\/wp-json\/wp\/v2\/comments?post=110160"}],"version-history":[{"count":0,"href":"https:\/\/www.hoymercedes.com.ar\/principal\/wp-json\/wp\/v2\/posts\/110160\/revisions"}],"wp:featuredmedia":[{"embeddable":true,"href":"https:\/\/www.hoymercedes.com.ar\/principal\/wp-json\/wp\/v2\/media\/109390"}],"wp:attachment":[{"href":"https:\/\/www.hoymercedes.com.ar\/principal\/wp-json\/wp\/v2\/media?parent=110160"}],"wp:term":[{"taxonomy":"category","embeddable":true,"href":"https:\/\/www.hoymercedes.com.ar\/principal\/wp-json\/wp\/v2\/categories?post=110160"},{"taxonomy":"post_tag","embeddable":true,"href":"https:\/\/www.hoymercedes.com.ar\/principal\/wp-json\/wp\/v2\/tags?post=110160"}],"curies":[{"name":"wp","href":"https:\/\/api.w.org\/{rel}","templated":true}]}}