{"id":110173,"date":"2020-05-03T13:54:30","date_gmt":"2020-05-03T16:54:30","guid":{"rendered":"http:\/\/www.hoymercedes.com.ar\/principal\/?p=110173"},"modified":"2020-05-03T17:45:21","modified_gmt":"2020-05-03T20:45:21","slug":"repartieron-guiso-solidario-en-distintos-puntos-de-la-ciudad","status":"publish","type":"post","link":"https:\/\/www.hoymercedes.com.ar\/principal\/2020\/05\/03\/repartieron-guiso-solidario-en-distintos-puntos-de-la-ciudad\/","title":{"rendered":"Repartieron guiso solidario en distintos puntos de la ciudad"},"content":{"rendered":"\n<p>All Boy Solidario llev\u00f3 adelante la entrega de guiso en diferentes barrios de Mercedes. Entregaron m\u00e1s de 2700 raciones en cinco puntos de la ciudad. <\/p>\n\n\n\n<p>El equipo de voluntarios de All Boys Solidario que integran entre otros Malena del Giudice, Evang\u00e9lina Landaburu, Soledad Sirvan, Lorena Amaya, Julian Rojas, Guillermo Repetto, Ernesto P\u00e9rez,Daniela Brea, Luciana Cossi y Omar \u00abPelusa\u00bb Gonz\u00e1lez, trabajaron arduamente junto a familias de distintos barrios para entregar guiso de lentejas el pasado 1\u00b0 de mayo. <\/p>\n\n\n\n<p>\u00abDividimos a la ciudad colocando ollas en 5 puntos fuertes. En el Barrio San Mart\u00edn ayud\u00f3 la familia Lucero, en el Barrio Lopardo lo hizo Lorena Amaya, en el Barrio La Franja, estuvo la familia de Mar\u00eda Jos\u00e9 Gonz\u00e1lez. Tambi\u00e9n preparamos el guiso en El Honguito del Barrio Blandengue y en la Comunidad Cenacolo ( ex Cotolengo)\u00bb, cont\u00f3 Gonz\u00e1lez. <\/p>\n\n\n\n<p>\u00abEn tres m\u00f3viles con ollas de guiso recorrimos los barrios y le llevamos viandas al personal de seguridad que est\u00e1 en los p\u00f3rticos de ingreso a la ciudad\u00bb, agreg\u00f3. <\/p>\n\n\n\n<p>Adem\u00e1s entregaron leche, caramelos y un total de 2700 viandas distribuidas entre Mercedes y Buenos Aires desde el estadio de All Boys<\/p>\n\n\n\n<p>\u00abGracias, mil veces gracias a la comunidad de Mercedes por su solidaridad.<br>A Gendarmeria Nacional, a la Escuela Juan A Romero por el apoyo de siempre, a C\u00e1ritas Arquidioscesana. La sorpresa agradable fue que el Ministro del Interior Wado De Pedro, Juan Cabandi\u00e9 y el Dip. Santiago Revora detuvieran su marcha para probar el guiso de lentejas de las manos de Malena Del Giudice\u00bb, agreg\u00f3 Gonzalez al t\u00e9rmino de una jornada solidaria.<\/p>\n","protected":false},"excerpt":{"rendered":"<p>All Boy Solidario llev\u00f3 adelante la entrega de guiso en diferentes barrios de Mercedes. Entregaron m\u00e1s de 2700 raciones en &#8230; <a title=\"Repartieron guiso solidario en distintos puntos de la ciudad\" class=\"read-more\" href=\"https:\/\/www.hoymercedes.com.ar\/principal\/2020\/05\/03\/repartieron-guiso-solidario-en-distintos-puntos-de-la-ciudad\/\" aria-label=\"Leer m\u00e1s sobre Repartieron guiso solidario en distintos puntos de la ciudad\">Leer m\u00e1s<\/a><\/p>\n","protected":false},"author":1,"featured_media":110174,"comment_status":"closed","ping_status":"open","sticky":false,"template":"","format":"standard","meta":{"_monsterinsights_skip_tracking":false,"_monsterinsights_sitenote_active":false,"_monsterinsights_sitenote_note":"","_monsterinsights_sitenote_category":0,"jetpack_post_was_ever_published":false,"_jetpack_newsletter_access":"","_jetpack_dont_email_post_to_subs":false,"_jetpack_newsletter_tier_id":0,"_jetpack_memberships_contains_paywalled_content":false,"_jetpack_memberships_contains_paid_content":false,"footnotes":"","jetpack_publicize_message":"","jetpack_publicize_feature_enabled":true,"jetpack_social_post_already_shared":true,"jetpack_social_options":{"image_generator_settings":{"template":"highway","default_image_id":0,"font":"","enabled":false},"version":2},"_wpas_customize_per_network":false},"categories":[8],"tags":[10506,16557,3361],"class_list":["post-110173","post","type-post","status-publish","format-standard","has-post-thumbnail","hentry","category-sociedad","tag-all-boys-solidario","tag-guiso-de-lentejas","tag-solidaridad","generate-columns","tablet-grid-50","mobile-grid-100","grid-parent","grid-50"],"jetpack_publicize_connections":[],"jetpack_featured_media_url":"https:\/\/www.hoymercedes.com.ar\/principal\/wp-content\/uploads\/2020\/05\/03-guiso-all-boys.jpg","wps_subtitle":"Desde All Boys Solidario","jetpack_sharing_enabled":true,"_links":{"self":[{"href":"https:\/\/www.hoymercedes.com.ar\/principal\/wp-json\/wp\/v2\/posts\/110173","targetHints":{"allow":["GET"]}}],"collection":[{"href":"https:\/\/www.hoymercedes.com.ar\/principal\/wp-json\/wp\/v2\/posts"}],"about":[{"href":"https:\/\/www.hoymercedes.com.ar\/principal\/wp-json\/wp\/v2\/types\/post"}],"author":[{"embeddable":true,"href":"https:\/\/www.hoymercedes.com.ar\/principal\/wp-json\/wp\/v2\/users\/1"}],"replies":[{"embeddable":true,"href":"https:\/\/www.hoymercedes.com.ar\/principal\/wp-json\/wp\/v2\/comments?post=110173"}],"version-history":[{"count":0,"href":"https:\/\/www.hoymercedes.com.ar\/principal\/wp-json\/wp\/v2\/posts\/110173\/revisions"}],"wp:featuredmedia":[{"embeddable":true,"href":"https:\/\/www.hoymercedes.com.ar\/principal\/wp-json\/wp\/v2\/media\/110174"}],"wp:attachment":[{"href":"https:\/\/www.hoymercedes.com.ar\/principal\/wp-json\/wp\/v2\/media?parent=110173"}],"wp:term":[{"taxonomy":"category","embeddable":true,"href":"https:\/\/www.hoymercedes.com.ar\/principal\/wp-json\/wp\/v2\/categories?post=110173"},{"taxonomy":"post_tag","embeddable":true,"href":"https:\/\/www.hoymercedes.com.ar\/principal\/wp-json\/wp\/v2\/tags?post=110173"}],"curies":[{"name":"wp","href":"https:\/\/api.w.org\/{rel}","templated":true}]}}