{"id":110179,"date":"2020-05-03T15:07:05","date_gmt":"2020-05-03T18:07:05","guid":{"rendered":"http:\/\/www.hoymercedes.com.ar\/principal\/?p=110179"},"modified":"2020-05-03T15:08:36","modified_gmt":"2020-05-03T18:08:36","slug":"coronavirus-en-lujan-se-confirman-mas-casos-positivos","status":"publish","type":"post","link":"https:\/\/www.hoymercedes.com.ar\/principal\/2020\/05\/03\/coronavirus-en-lujan-se-confirman-mas-casos-positivos\/","title":{"rendered":"Coronavirus: En Luj\u00e1n se confirman m\u00e1s casos positivos y una muerte"},"content":{"rendered":"\n<p>Falleci\u00f3 una mujer catalogada como sospechosa y se confirmaron tres nuevos casos positivos. La mujer que muri\u00f3 ten\u00eda 84 a\u00f1os y estaba internada a la espera de los resultados de los estudios. Sus resultados llegaron al d\u00eda siguiente de su fallecimiento. <\/p>\n\n\n\n<p>La Secretar\u00eda de Salud del Municipio de Luj\u00e1n inform\u00f3 que este s\u00e1bado tres personas dieron positivo para coronavirus. Se trata de un hombre de 75 a\u00f1os que se encuentra bajo la supervisi\u00f3n de un efector de salud privado del Partido de Luj\u00e1n y de una mujer de 22 a\u00f1os y un ni\u00f1o de 2 a\u00f1os que cumplen con aislamiento domiciliario.<\/p>\n\n\n\n<p>A su vez, las autoridades sanitarias comunicaron que falleci\u00f3 una paciente de 84 a\u00f1os, catalogada como caso sospechoso de coronavirus, que se encontraba internada en un efector de salud privado del distrito. Al respecto, mencionaron que \u201cse siguieron los protocolos en materia sanitaria y de disposici\u00f3n final del cuerpo\u201d.<\/p>\n\n\n\n<p>Ademas, este s\u00e1bado se configuraron cinco nuevos casos sospechosos de coronavirus. De ellos, dos est\u00e1n con aislamiento domiciliario, dos se encuentran internados en el Hospital Nuestra Se\u00f1ora de Luj\u00e1n y uno aislado en un efector de salud privado de la ciudad.<\/p>\n\n\n\n<p>\u201cLos cinco nuevos casos sospechosos son asistidos seg\u00fan el protocolo de Covid-19 y, tal como indica el mismo, se les realizaron los estudios m\u00e9dicos pertinentes en coordinaci\u00f3n con la Regi\u00f3n Sanitaria 7\u201d, explicaron.<\/p>\n\n\n\n<p>Hasta el momento, el Partido de Luj\u00e1n registra 20 casos positivos (de los cuales 3 fallecieron, 4 fueron dados de alta y 13 se encuentran en tratamiento), 175 casos descartados y 11 casos en estudio para coronavirus. Adem\u00e1s, falleci\u00f3 una mujer oriunda de otro municipio.<\/p>\n\n\n\n<p>Fuente: Luj\u00e1n Hoy<\/p>\n","protected":false},"excerpt":{"rendered":"<p>Falleci\u00f3 una mujer catalogada como sospechosa y se confirmaron tres nuevos casos positivos. La mujer que muri\u00f3 ten\u00eda 84 a\u00f1os &#8230; <a title=\"Coronavirus: En Luj\u00e1n se confirman m\u00e1s casos positivos y una muerte\" class=\"read-more\" href=\"https:\/\/www.hoymercedes.com.ar\/principal\/2020\/05\/03\/coronavirus-en-lujan-se-confirman-mas-casos-positivos\/\" aria-label=\"Leer m\u00e1s sobre Coronavirus: En Luj\u00e1n se confirman m\u00e1s casos positivos y una muerte\">Leer m\u00e1s<\/a><\/p>\n","protected":false},"author":1,"featured_media":109552,"comment_status":"closed","ping_status":"open","sticky":false,"template":"","format":"standard","meta":{"_monsterinsights_skip_tracking":false,"_monsterinsights_sitenote_active":false,"_monsterinsights_sitenote_note":"","_monsterinsights_sitenote_category":0,"jetpack_post_was_ever_published":false,"_jetpack_newsletter_access":"","_jetpack_dont_email_post_to_subs":false,"_jetpack_newsletter_tier_id":0,"_jetpack_memberships_contains_paywalled_content":false,"_jetpack_memberships_contains_paid_content":false,"footnotes":"","jetpack_publicize_message":"","jetpack_publicize_feature_enabled":true,"jetpack_social_post_already_shared":true,"jetpack_social_options":{"image_generator_settings":{"template":"highway","default_image_id":0,"font":"","enabled":false},"version":2},"_wpas_customize_per_network":false},"categories":[201],"tags":[16428,16175,16313,12084,86,1057],"class_list":["post-110179","post","type-post","status-publish","format-standard","has-post-thumbnail","hentry","category-lujan-2","tag-casos-positivos","tag-coronavirus","tag-covid-19","tag-fallecimientos","tag-lujan","tag-regional","generate-columns","tablet-grid-50","mobile-grid-100","grid-parent","grid-50"],"jetpack_publicize_connections":[],"jetpack_featured_media_url":"https:\/\/www.hoymercedes.com.ar\/principal\/wp-content\/uploads\/2020\/04\/17-coronavirus.jpg","wps_subtitle":"Informaci\u00f3n regional","jetpack_sharing_enabled":true,"_links":{"self":[{"href":"https:\/\/www.hoymercedes.com.ar\/principal\/wp-json\/wp\/v2\/posts\/110179","targetHints":{"allow":["GET"]}}],"collection":[{"href":"https:\/\/www.hoymercedes.com.ar\/principal\/wp-json\/wp\/v2\/posts"}],"about":[{"href":"https:\/\/www.hoymercedes.com.ar\/principal\/wp-json\/wp\/v2\/types\/post"}],"author":[{"embeddable":true,"href":"https:\/\/www.hoymercedes.com.ar\/principal\/wp-json\/wp\/v2\/users\/1"}],"replies":[{"embeddable":true,"href":"https:\/\/www.hoymercedes.com.ar\/principal\/wp-json\/wp\/v2\/comments?post=110179"}],"version-history":[{"count":0,"href":"https:\/\/www.hoymercedes.com.ar\/principal\/wp-json\/wp\/v2\/posts\/110179\/revisions"}],"wp:featuredmedia":[{"embeddable":true,"href":"https:\/\/www.hoymercedes.com.ar\/principal\/wp-json\/wp\/v2\/media\/109552"}],"wp:attachment":[{"href":"https:\/\/www.hoymercedes.com.ar\/principal\/wp-json\/wp\/v2\/media?parent=110179"}],"wp:term":[{"taxonomy":"category","embeddable":true,"href":"https:\/\/www.hoymercedes.com.ar\/principal\/wp-json\/wp\/v2\/categories?post=110179"},{"taxonomy":"post_tag","embeddable":true,"href":"https:\/\/www.hoymercedes.com.ar\/principal\/wp-json\/wp\/v2\/tags?post=110179"}],"curies":[{"name":"wp","href":"https:\/\/api.w.org\/{rel}","templated":true}]}}