{"id":110201,"date":"2020-05-03T19:59:00","date_gmt":"2020-05-03T22:59:00","guid":{"rendered":"http:\/\/www.hoymercedes.com.ar\/principal\/?p=110201"},"modified":"2020-05-03T22:14:44","modified_gmt":"2020-05-04T01:14:44","slug":"inmobiliarias-podran-abrir-dias-y-horarios-restringuidos","status":"publish","type":"post","link":"https:\/\/www.hoymercedes.com.ar\/principal\/2020\/05\/03\/inmobiliarias-podran-abrir-dias-y-horarios-restringuidos\/","title":{"rendered":"Inmobiliarias podr\u00e1n abrir d\u00edas y horarios restringuidos"},"content":{"rendered":"\n<p>En el marco de las autorizaciones que implement\u00f3 el Municipio de Mercedes en el marco de una \u00abcuarentena controlada\u00bb, las inmobiliarias de la ciudad podr\u00e1n trabajar dos d\u00edas a la semana entre el 5 y el 15 del mes entre las 10 y las 13 horas. Previamente deber\u00e1n inscribirse en el municipio y notificarlo en el Colegio de Martilleros y Corredores P\u00fablicos. <\/p>\n\n\n\n<p> Las inmobiliarias entonces, ser\u00e1n exceptuadas en el cumplimiento del aislamiento social, preventivo y obligatorio aunque deber\u00e1n cumplimentar con un protocolo de funcionamiento: <\/p>\n\n\n\n<ul class=\"wp-block-list\"><li>Las inmobiliarias ser\u00e1n atendidas por martilleros y Corredores P\u00fablicos Matriculados, acreditando dicha situaci\u00f3n mediante la credencial correspondiente.<\/li><li>Las \u00fanicas actividades permitidas ser\u00e1n el cobro y pago de alquileres de personas no bancarizadas. Las personas bancarizadas deber\u00e1n cumplir con el Decreto N\u00b0 320\/20 de Presidencia de la Naci\u00f3n.<\/li><li>Se atender\u00e1 dos d\u00edas en la semana (deber\u00e1n ser determinados por el Colegio de Martilleros), en el horario de 10:00 a 13:00 hs, del 5 al 15 de cada mes.<\/li><li>Se deber\u00e1 redactar una n\u00f3mina diaria con datos que permitan individualizar los locadores o locatarios incluidos, la misma debe contener los siguientes datos: nombre completo, D.N.I, domicilio real y n\u00famero de tel\u00e9fono. La misma deber\u00e1 ser cargada en la plataforma protocoloscovid.mercedes.gob.ar<\/li><li>En el caso de los grupos de riesgo, el Martillero o Corredor Publico, designar\u00e1 a una persona que se encargar\u00e1 de abonar o cobrar la suma pactada, en el domicilio del locador o locatario, cumpliendo los recaudos de ley. Debe ser dentro de los horarios y d\u00edas habilitados.<\/li><li>Fiscalizaci\u00f3n: El CMCP del Departamento Judicial Mercedes, confeccionar\u00e1 una n\u00f3mina de Martilleros y Corredores P\u00fablicos habilitados en el ejercicio profesional que se acoger\u00e1n al presente protocolo. La actividad ser\u00e1 controlado por el municipio en conjunto con el Colegio.<\/li><\/ul>\n\n\n\n<p>Tal como lo tienen que hacer las actividades que podr\u00e1n trabajar a partir del 4 de mayo, loas inmobiliarias deber\u00e1n cumplir los t\u00e9rminos generales determinados por la Naci\u00f3n y el Municipio. <\/p>\n\n\n\n<p>Entre ellos: Estar en el registro municipal de actividades COVID19 que estar\u00e1 disponible en la web www.mercedes.gob.ar una vez aprobado cada Protocolo de actuaci\u00f3n seg\u00fan la actividad que corresponda, donde deber\u00e1n registrarse los titulares y cargar la documentaci\u00f3n que corresponda y cumplir con el protocolo municipal para empresas, comercios y trabajadores que se adjunta al presente, que ser\u00e1 suscripto con car\u00e1cter de declaraci\u00f3n jurada en la plataforma web mencionada en el punto anterior. Adem\u00e1s, en caso de corresponder, deber\u00e1n tramitar el Certificado \u00danico de Circulaci\u00f3n disponible en https:\/\/www.argentina.gob.ar\/coronavirus\/aislamiento\/exceptuados.<\/p>\n","protected":false},"excerpt":{"rendered":"<p>En el marco de las autorizaciones que implement\u00f3 el Municipio de Mercedes en el marco de una \u00abcuarentena controlada\u00bb, las &#8230; <a title=\"Inmobiliarias podr\u00e1n abrir d\u00edas y horarios restringuidos\" class=\"read-more\" href=\"https:\/\/www.hoymercedes.com.ar\/principal\/2020\/05\/03\/inmobiliarias-podran-abrir-dias-y-horarios-restringuidos\/\" aria-label=\"Leer m\u00e1s sobre Inmobiliarias podr\u00e1n abrir d\u00edas y horarios restringuidos\">Leer m\u00e1s<\/a><\/p>\n","protected":false},"author":1,"featured_media":110202,"comment_status":"closed","ping_status":"open","sticky":false,"template":"","format":"standard","meta":{"_monsterinsights_skip_tracking":false,"_monsterinsights_sitenote_active":false,"_monsterinsights_sitenote_note":"","_monsterinsights_sitenote_category":0,"jetpack_post_was_ever_published":false,"_jetpack_newsletter_access":"","_jetpack_dont_email_post_to_subs":false,"_jetpack_newsletter_tier_id":0,"_jetpack_memberships_contains_paywalled_content":false,"_jetpack_memberships_contains_paid_content":false,"footnotes":"","jetpack_publicize_message":"","jetpack_publicize_feature_enabled":true,"jetpack_social_post_already_shared":true,"jetpack_social_options":{"image_generator_settings":{"template":"highway","default_image_id":0,"font":"","enabled":false},"version":2},"_wpas_customize_per_network":false},"categories":[30],"tags":[16351,16559,15052,244],"class_list":["post-110201","post","type-post","status-publish","format-standard","has-post-thumbnail","hentry","category-municipio","tag-aislamiento-obligatorio","tag-cuarentena-administrada","tag-inmobiliarias","tag-municipio-2","generate-columns","tablet-grid-50","mobile-grid-100","grid-parent","grid-50"],"jetpack_publicize_connections":[],"jetpack_featured_media_url":"https:\/\/www.hoymercedes.com.ar\/principal\/wp-content\/uploads\/2020\/05\/03-martilleros.jpg","wps_subtitle":"En el ASPO","jetpack_sharing_enabled":true,"_links":{"self":[{"href":"https:\/\/www.hoymercedes.com.ar\/principal\/wp-json\/wp\/v2\/posts\/110201","targetHints":{"allow":["GET"]}}],"collection":[{"href":"https:\/\/www.hoymercedes.com.ar\/principal\/wp-json\/wp\/v2\/posts"}],"about":[{"href":"https:\/\/www.hoymercedes.com.ar\/principal\/wp-json\/wp\/v2\/types\/post"}],"author":[{"embeddable":true,"href":"https:\/\/www.hoymercedes.com.ar\/principal\/wp-json\/wp\/v2\/users\/1"}],"replies":[{"embeddable":true,"href":"https:\/\/www.hoymercedes.com.ar\/principal\/wp-json\/wp\/v2\/comments?post=110201"}],"version-history":[{"count":0,"href":"https:\/\/www.hoymercedes.com.ar\/principal\/wp-json\/wp\/v2\/posts\/110201\/revisions"}],"wp:featuredmedia":[{"embeddable":true,"href":"https:\/\/www.hoymercedes.com.ar\/principal\/wp-json\/wp\/v2\/media\/110202"}],"wp:attachment":[{"href":"https:\/\/www.hoymercedes.com.ar\/principal\/wp-json\/wp\/v2\/media?parent=110201"}],"wp:term":[{"taxonomy":"category","embeddable":true,"href":"https:\/\/www.hoymercedes.com.ar\/principal\/wp-json\/wp\/v2\/categories?post=110201"},{"taxonomy":"post_tag","embeddable":true,"href":"https:\/\/www.hoymercedes.com.ar\/principal\/wp-json\/wp\/v2\/tags?post=110201"}],"curies":[{"name":"wp","href":"https:\/\/api.w.org\/{rel}","templated":true}]}}