{"id":110228,"date":"2020-05-04T14:48:11","date_gmt":"2020-05-04T17:48:11","guid":{"rendered":"http:\/\/www.hoymercedes.com.ar\/principal\/?p=110228"},"modified":"2020-05-04T22:08:16","modified_gmt":"2020-05-05T01:08:16","slug":"carta-del-papa-francisco-a-mon-scheinig","status":"publish","type":"post","link":"https:\/\/www.hoymercedes.com.ar\/principal\/2020\/05\/04\/carta-del-papa-francisco-a-mon-scheinig\/","title":{"rendered":"Carta del Papa Francisco a Mon. Scheinig"},"content":{"rendered":"\n<p>El papa Francisco envi\u00f3 una carta al arzobispo de Mercedes-Luj\u00e1n, Jorge Eduardo Scheinig, en el marco de la preparaci\u00f3n para la celebraci\u00f3n del D\u00eda de la Virgen Nuestra Se\u00f1ora de Luj\u00e1n. La carta fue le\u00edda en la misa del domingo pasado en la Bas\u00edlica Nuestra Se\u00f1ora de Luj\u00e1n.<\/p>\n\n\n\n<p>En la misiva, con fecha 28 de abril, el sumo pont\u00edfice expres\u00f3: \u201cSe acerca el 8 de mayo\u2026 y mi coraz\u00f3n \u2018viaja\u2019 a Luj\u00e1n\u201d. Adem\u00e1s, asegur\u00f3 su presencia \u201ccomo peregrino espiritual y \u2018virtual\u2019\u201d.<\/p>\n\n\n\n<p>\u201cLa mirar\u00e9 una vez m\u00e1s y, tambi\u00e9n una vez m\u00e1s, me dejar\u00e9 mirar por Ella. Esa mirada de madre que te renueva, te cuida, te da fuerzas\u201d, afirm\u00f3 Francisco. \u201cY no estar\u00e9 solo sino junto al santo pueblo fiel de Dios que la quiere tanto, pueblo fiel y pecador como yo\u201d.<\/p>\n\n\n\n<p>\u201cLe cambiaremos el manto todos juntos, le diremos nuestras preocupaciones y nuestras alegr\u00edas. Le pedir\u00e9 que nos cuide y -porque soy pecador- le pedir\u00e9 que nos d\u00e9 la gracia de pedir siempre perd\u00f3n, de no cansarnos de pedir perd\u00f3n\u2026 porque sabemos que Su Hijo no se cansa de perdonar\u201d, asegur\u00f3 el ex cardenal Jorge Bergoglio.<\/p>\n\n\n\n<p>\u201cY le har\u00e9 la promesa de portarme mejor \u2018rob\u00e1ndole\u2019 la palabra a ese gran sacerdote de mi anterior di\u00f3cesis: \u2018Esta tarde, Se\u00f1ora, la promesa es sincera. Por las dudas, no olvides dejar la llave afuera\u2019. Y me volver\u00e9 a casa con la seguridad de una gracia regalada\u201d, concluy\u00f3.<\/p>\n\n\n\n<figure class=\"wp-block-image size-large\"><img loading=\"lazy\" decoding=\"async\" width=\"610\" height=\"853\" data-attachment-id=\"110229\" data-permalink=\"https:\/\/www.hoymercedes.com.ar\/principal\/2020\/05\/04\/carta-del-papa-francisco-a-mon-scheinig\/04-papa-carta\/#main\" data-orig-file=\"https:\/\/www.hoymercedes.com.ar\/principal\/wp-content\/uploads\/2020\/05\/04-papa-carta.jpg\" data-orig-size=\"610,853\" data-comments-opened=\"0\" data-image-meta=\"{&quot;aperture&quot;:&quot;0&quot;,&quot;credit&quot;:&quot;&quot;,&quot;camera&quot;:&quot;&quot;,&quot;caption&quot;:&quot;&quot;,&quot;created_timestamp&quot;:&quot;0&quot;,&quot;copyright&quot;:&quot;&quot;,&quot;focal_length&quot;:&quot;0&quot;,&quot;iso&quot;:&quot;0&quot;,&quot;shutter_speed&quot;:&quot;0&quot;,&quot;title&quot;:&quot;&quot;,&quot;orientation&quot;:&quot;0&quot;}\" data-image-title=\"04-papa-carta\" data-image-description=\"\" data-image-caption=\"\" data-large-file=\"https:\/\/www.hoymercedes.com.ar\/principal\/wp-content\/uploads\/2020\/05\/04-papa-carta.jpg\" src=\"https:\/\/www.hoymercedes.com.ar\/principal\/wp-content\/uploads\/2020\/05\/04-papa-carta.jpg\" alt=\"\" class=\"wp-image-110229\"\/><\/figure>\n","protected":false},"excerpt":{"rendered":"<p>El papa Francisco envi\u00f3 una carta al arzobispo de Mercedes-Luj\u00e1n, Jorge Eduardo Scheinig, en el marco de la preparaci\u00f3n para &#8230; <a title=\"Carta del Papa Francisco a Mon. Scheinig\" class=\"read-more\" href=\"https:\/\/www.hoymercedes.com.ar\/principal\/2020\/05\/04\/carta-del-papa-francisco-a-mon-scheinig\/\" aria-label=\"Leer m\u00e1s sobre Carta del Papa Francisco a Mon. Scheinig\">Leer m\u00e1s<\/a><\/p>\n","protected":false},"author":1,"featured_media":92224,"comment_status":"closed","ping_status":"open","sticky":false,"template":"","format":"standard","meta":{"_monsterinsights_skip_tracking":false,"_monsterinsights_sitenote_active":false,"_monsterinsights_sitenote_note":"","_monsterinsights_sitenote_category":0,"jetpack_post_was_ever_published":false,"_jetpack_newsletter_access":"","_jetpack_dont_email_post_to_subs":false,"_jetpack_newsletter_tier_id":0,"_jetpack_memberships_contains_paywalled_content":false,"_jetpack_memberships_contains_paid_content":false,"footnotes":"","jetpack_publicize_message":"","jetpack_publicize_feature_enabled":true,"jetpack_social_post_already_shared":true,"jetpack_social_options":{"image_generator_settings":{"template":"highway","default_image_id":0,"font":"","enabled":false},"version":2},"_wpas_customize_per_network":false},"categories":[8],"tags":[9762,3293],"class_list":["post-110228","post","type-post","status-publish","format-standard","has-post-thumbnail","hentry","category-sociedad","tag-arzobispado","tag-papa-francisco","generate-columns","tablet-grid-50","mobile-grid-100","grid-parent","grid-50"],"jetpack_publicize_connections":[],"jetpack_featured_media_url":"https:\/\/www.hoymercedes.com.ar\/principal\/wp-content\/uploads\/2019\/04\/30-carcel-papa-3.jpg","wps_subtitle":"Ante el 8 de mayo","jetpack_sharing_enabled":true,"_links":{"self":[{"href":"https:\/\/www.hoymercedes.com.ar\/principal\/wp-json\/wp\/v2\/posts\/110228","targetHints":{"allow":["GET"]}}],"collection":[{"href":"https:\/\/www.hoymercedes.com.ar\/principal\/wp-json\/wp\/v2\/posts"}],"about":[{"href":"https:\/\/www.hoymercedes.com.ar\/principal\/wp-json\/wp\/v2\/types\/post"}],"author":[{"embeddable":true,"href":"https:\/\/www.hoymercedes.com.ar\/principal\/wp-json\/wp\/v2\/users\/1"}],"replies":[{"embeddable":true,"href":"https:\/\/www.hoymercedes.com.ar\/principal\/wp-json\/wp\/v2\/comments?post=110228"}],"version-history":[{"count":0,"href":"https:\/\/www.hoymercedes.com.ar\/principal\/wp-json\/wp\/v2\/posts\/110228\/revisions"}],"wp:featuredmedia":[{"embeddable":true,"href":"https:\/\/www.hoymercedes.com.ar\/principal\/wp-json\/wp\/v2\/media\/92224"}],"wp:attachment":[{"href":"https:\/\/www.hoymercedes.com.ar\/principal\/wp-json\/wp\/v2\/media?parent=110228"}],"wp:term":[{"taxonomy":"category","embeddable":true,"href":"https:\/\/www.hoymercedes.com.ar\/principal\/wp-json\/wp\/v2\/categories?post=110228"},{"taxonomy":"post_tag","embeddable":true,"href":"https:\/\/www.hoymercedes.com.ar\/principal\/wp-json\/wp\/v2\/tags?post=110228"}],"curies":[{"name":"wp","href":"https:\/\/api.w.org\/{rel}","templated":true}]}}