{"id":110231,"date":"2020-05-04T18:35:00","date_gmt":"2020-05-04T21:35:00","guid":{"rendered":"http:\/\/www.hoymercedes.com.ar\/principal\/?p=110231"},"modified":"2020-05-04T22:06:55","modified_gmt":"2020-05-05T01:06:55","slug":"acompanamiento-asistencia-y-orientacion-en-salud-mental","status":"publish","type":"post","link":"https:\/\/www.hoymercedes.com.ar\/principal\/2020\/05\/04\/acompanamiento-asistencia-y-orientacion-en-salud-mental\/","title":{"rendered":"Acompa\u00f1amiento, asistencia y orientaci\u00f3n en Salud mental"},"content":{"rendered":"\n<p>El Municipio de Mercedes contin\u00faa articulando mediante un trabajo incesante y coordinado las diferentes herramientas de contenci\u00f3n para los vecinos. Es as\u00ed como se vienen instrumentando medios de comunicaci\u00f3n constante para brindar acompa\u00f1amiento, asistencia y orientaci\u00f3n en salud mental. Los medios de comunicaci\u00f3n abarcan desde redes sociales hasta la atenci\u00f3n personalizada a cargo de profesionales del Centro de D\u00eda de Salud Mental y Consumo Problem\u00e1tico Municipal, el DIAT mercedes y el \u00e1rea de Salud Mental.<\/p>\n\n\n\n<p>\u201cEste es un momento que demanda de una coordinaci\u00f3n y organizaci\u00f3n del sistema sanitario en todos sus niveles de car\u00e1cter excepcional, para contener las necesidades de nuestro pueblo, agradecemos el compromiso de todos por el aporte que cada uno est\u00e1 haciendo desde sus lugares de responsabilidad para poder afrontar el mismo\u201d se\u00f1alaron desde el DIAT mercedes y el Centro de Dia de Salud Mental y Consumo Problem\u00e1tico Municipal.<\/p>\n\n\n\n<p>Asimismo, apuntaron \u00abes una l\u00ednea de contenci\u00f3n para aquellas personas que, producto de la cuarentena o de la interrupci\u00f3n de sus tratamientos de salud, necesitan de un acompa\u00f1amiento y\/o atenci\u00f3n en Salud Mental, donde a trav\u00e9s de nuestras l\u00edneas de comunicaci\u00f3n brindamos acompa\u00f1amiento, asistencia y orientaci\u00f3n\u00bb.<\/p>\n\n\n\n<p>El tel\u00e9fono de guardia es el 15582319 y el tel\u00e9fono fijo el 430355 (lunes a viernes de 10 a 14 horas). En Instagram @centrodedia @diatmercedes En Facebook \u00abDiatMercedes\u00bb o \u00abCentro de Dia de SM y CP\u00bb. Mail:\u00a0<a rel=\"noreferrer noopener\" target=\"_blank\" href=\"mailto:diatmercedes@gmail.com\">diatmercedes@gmail.com<\/a>\u00a0o\u00a0<a rel=\"noreferrer noopener\" target=\"_blank\" href=\"mailto:centrodedia@mercedes.gob.ar\">centrodedia@mercedes.gob.ar<\/a><\/p>\n\n\n\n<p>Fuente: Prensa Municipal<\/p>\n\n\n\n<div class=\"wp-block-image\"><figure class=\"aligncenter size-large\"><img loading=\"lazy\" decoding=\"async\" width=\"768\" height=\"960\" data-attachment-id=\"110235\" data-permalink=\"https:\/\/www.hoymercedes.com.ar\/principal\/ac_copy_768x960\/\" data-orig-file=\"https:\/\/www.hoymercedes.com.ar\/principal\/wp-content\/uploads\/2020\/05\/ac_copy_768x960.jpeg\" data-orig-size=\"768,960\" data-comments-opened=\"0\" data-image-meta=\"{&quot;aperture&quot;:&quot;0&quot;,&quot;credit&quot;:&quot;&quot;,&quot;camera&quot;:&quot;&quot;,&quot;caption&quot;:&quot;&quot;,&quot;created_timestamp&quot;:&quot;0&quot;,&quot;copyright&quot;:&quot;&quot;,&quot;focal_length&quot;:&quot;0&quot;,&quot;iso&quot;:&quot;0&quot;,&quot;shutter_speed&quot;:&quot;0&quot;,&quot;title&quot;:&quot;&quot;,&quot;orientation&quot;:&quot;0&quot;}\" data-image-title=\"ac_copy_768x960\" data-image-description=\"\" data-image-caption=\"\" data-large-file=\"https:\/\/www.hoymercedes.com.ar\/principal\/wp-content\/uploads\/2020\/05\/ac_copy_768x960.jpeg\" src=\"https:\/\/www.hoymercedes.com.ar\/principal\/wp-content\/uploads\/2020\/05\/ac_copy_768x960.jpeg\" alt=\"\" class=\"wp-image-110235\"\/><\/figure><\/div>\n","protected":false},"excerpt":{"rendered":"<p>El Municipio de Mercedes contin\u00faa articulando mediante un trabajo incesante y coordinado las diferentes herramientas de contenci\u00f3n para los vecinos. &#8230; <a title=\"Acompa\u00f1amiento, asistencia y orientaci\u00f3n en Salud mental\" class=\"read-more\" href=\"https:\/\/www.hoymercedes.com.ar\/principal\/2020\/05\/04\/acompanamiento-asistencia-y-orientacion-en-salud-mental\/\" aria-label=\"Leer m\u00e1s sobre Acompa\u00f1amiento, asistencia y orientaci\u00f3n en Salud mental\">Leer m\u00e1s<\/a><\/p>\n","protected":false},"author":1,"featured_media":110235,"comment_status":"closed","ping_status":"open","sticky":false,"template":"","format":"standard","meta":{"_monsterinsights_skip_tracking":false,"_monsterinsights_sitenote_active":false,"_monsterinsights_sitenote_note":"","_monsterinsights_sitenote_category":0,"jetpack_post_was_ever_published":false,"_jetpack_newsletter_access":"","_jetpack_dont_email_post_to_subs":false,"_jetpack_newsletter_tier_id":0,"_jetpack_memberships_contains_paywalled_content":false,"_jetpack_memberships_contains_paid_content":false,"footnotes":"","jetpack_publicize_message":"","jetpack_publicize_feature_enabled":true,"jetpack_social_post_already_shared":true,"jetpack_social_options":{"image_generator_settings":{"template":"highway","default_image_id":0,"font":"","enabled":false},"version":2},"_wpas_customize_per_network":false},"categories":[30],"tags":[244,5896],"class_list":["post-110231","post","type-post","status-publish","format-standard","has-post-thumbnail","hentry","category-municipio","tag-municipio-2","tag-salud-mental","generate-columns","tablet-grid-50","mobile-grid-100","grid-parent","grid-50"],"jetpack_publicize_connections":[],"jetpack_featured_media_url":"https:\/\/www.hoymercedes.com.ar\/principal\/wp-content\/uploads\/2020\/05\/ac_copy_768x960.jpeg","wps_subtitle":"","jetpack_sharing_enabled":true,"_links":{"self":[{"href":"https:\/\/www.hoymercedes.com.ar\/principal\/wp-json\/wp\/v2\/posts\/110231","targetHints":{"allow":["GET"]}}],"collection":[{"href":"https:\/\/www.hoymercedes.com.ar\/principal\/wp-json\/wp\/v2\/posts"}],"about":[{"href":"https:\/\/www.hoymercedes.com.ar\/principal\/wp-json\/wp\/v2\/types\/post"}],"author":[{"embeddable":true,"href":"https:\/\/www.hoymercedes.com.ar\/principal\/wp-json\/wp\/v2\/users\/1"}],"replies":[{"embeddable":true,"href":"https:\/\/www.hoymercedes.com.ar\/principal\/wp-json\/wp\/v2\/comments?post=110231"}],"version-history":[{"count":0,"href":"https:\/\/www.hoymercedes.com.ar\/principal\/wp-json\/wp\/v2\/posts\/110231\/revisions"}],"wp:featuredmedia":[{"embeddable":true,"href":"https:\/\/www.hoymercedes.com.ar\/principal\/wp-json\/wp\/v2\/media\/110235"}],"wp:attachment":[{"href":"https:\/\/www.hoymercedes.com.ar\/principal\/wp-json\/wp\/v2\/media?parent=110231"}],"wp:term":[{"taxonomy":"category","embeddable":true,"href":"https:\/\/www.hoymercedes.com.ar\/principal\/wp-json\/wp\/v2\/categories?post=110231"},{"taxonomy":"post_tag","embeddable":true,"href":"https:\/\/www.hoymercedes.com.ar\/principal\/wp-json\/wp\/v2\/tags?post=110231"}],"curies":[{"name":"wp","href":"https:\/\/api.w.org\/{rel}","templated":true}]}}