{"id":110233,"date":"2020-05-04T20:49:46","date_gmt":"2020-05-04T23:49:46","guid":{"rendered":"http:\/\/www.hoymercedes.com.ar\/principal\/?p=110233"},"modified":"2020-05-04T22:06:33","modified_gmt":"2020-05-05T01:06:33","slug":"consejos-recomendaciones-para-usar-el-tapabocas","status":"publish","type":"post","link":"https:\/\/www.hoymercedes.com.ar\/principal\/2020\/05\/04\/consejos-recomendaciones-para-usar-el-tapabocas\/","title":{"rendered":"Consejos: recomendaciones para usar el tapabocas"},"content":{"rendered":"\n<p>La cuarentena declarada debido a la pandemia del COVID-19 estableci\u00f3 en nuestro pa\u00eds el aislamiento social, preventivo y obligatorio. Pero con el transcurso de la misma, se fueron realizando flexibilizaciones que acarrearon, adem\u00e1s, el uso de ciertas medidas de seguridad sanitaria, como es el caso del tapaboca. Esta herramienta de prevenci\u00f3n suscit\u00f3 diferentes interrogantes y consultas, no s\u00f3lo para el implemento en adultos sino tambi\u00e9n en ni\u00f1os. Por ejemplo, en el caso imperioso -enfermedad o vacunaci\u00f3n- de tener que sacar un ni\u00f1o a la calle \u00bfqu\u00e9 se debe hacer?<\/p>\n\n\n\n<p>Por este motivo, el Javier Davove, m\u00e9dico generalista, qui\u00e9n est\u00e1 trabajando activamente contra la pandemia en el CAPS Agote, da algunas especificaciones de cu\u00e1ndo y a qu\u00e9 edad es correcto el uso del tapabocas en ni\u00f1os \u201cnosotros recomendamos que hasta los 2 a\u00f1os no se use barbijo o tapabocas, por un lado porque no permiten comunicarse con fluidez con su cuidador, y por otro lado, la movilidad -hasta los 2 a\u00f1os- no es precisa por lo que les ser\u00eda dificultoso sacarse el tapabocas en caso de estar ahog\u00e1ndose\u201d y agreg\u00f3 \u201csumado a la particularidad de que tienen las v\u00edas respiratorias m\u00e1s chicas, si a eso le a\u00f1adimos un barbijo, se les hace m\u00e1s dificultoso poder respirar\u201d.<\/p>\n\n\n\n<p>Y asegur\u00f3 que \u201cno es probable que los beb\u00e9s mayores o los ni\u00f1os peque\u00f1os mantengan la mascarilla puesta y probablemente intenten quitarla, as\u00ed como tocar su cara a\u00fan m\u00e1s\u201d.<\/p>\n\n\n\n<p>Por otro lado, el Dr. Davove apunt\u00f3 \u201clos ni\u00f1os no van a buscar el virus, sino que les llega, por ese motivo,&nbsp;<strong>es muy importante que sus padres implementen las medidas de seguridad e higiene correspondientes&nbsp;<\/strong>(lavarse las manos, distanciamiento social) para que sus hijos no se terminen contagiando\u201d y agreg\u00f3 \u201cen este contexto todo suma, si quieren lavarles los juguetes o pasarle alcohol en gel en caso de que no puedan lavarlos, lo pueden hacer. Y en el caso inevitable de tener que salir, ya sea con un chango un huevito, taparle la superficie forma que \u00e9l tenga la potestad de respirar tranquilo sin necesidad de taparle la boca\u201d.<\/p>\n\n\n\n<p>Es importante tener presente que<strong>&nbsp;el mejor resguardo es el aislamiento preventivo<\/strong>, es decir, quedarse en casa.<\/p>\n\n\n\n<p>QU\u00c9 PASA CON LOS MAYORES DE 2 A\u00d1OS<\/p>\n\n\n\n<p>\u201cDebemos ense\u00f1arles y explicarles a los ni\u00f1os m\u00e1s grandes, el motivo y la importancia del uso de la m\u00e1scara, destacando el lavado de las manos y el evitar tocarse la boca y los ojos. La principal raz\u00f3n para colocar a un ni\u00f1o una m\u00e1scara es para evitar infectar a otros\u201d, expres\u00f3 el profesional.<\/p>\n\n\n\n<p>Al finalizar, el Dr. Davove afirm\u00f3 \u201cesta es una situaci\u00f3n que debemos enfrentarla en conjunto y el mayor cuidado que podemos tener es a trav\u00e9s del aislamiento para no darle la posibilidad al virus de contagiar\u201d.\u00a0<\/p>\n\n\n\n<p>Fuente: Prensa Municipal<\/p>\n\n\n\n<div class=\"wp-block-image\"><figure class=\"aligncenter size-large\"><img loading=\"lazy\" decoding=\"async\" width=\"800\" height=\"799\" data-attachment-id=\"110236\" data-permalink=\"https:\/\/www.hoymercedes.com.ar\/principal\/photo_2020-04-29_10-43-32_copy_800x799\/\" data-orig-file=\"https:\/\/www.hoymercedes.com.ar\/principal\/wp-content\/uploads\/2020\/05\/photo_2020-04-29_10-43-32_copy_800x799.jpg\" data-orig-size=\"800,799\" data-comments-opened=\"0\" data-image-meta=\"{&quot;aperture&quot;:&quot;0&quot;,&quot;credit&quot;:&quot;&quot;,&quot;camera&quot;:&quot;&quot;,&quot;caption&quot;:&quot;&quot;,&quot;created_timestamp&quot;:&quot;0&quot;,&quot;copyright&quot;:&quot;&quot;,&quot;focal_length&quot;:&quot;0&quot;,&quot;iso&quot;:&quot;0&quot;,&quot;shutter_speed&quot;:&quot;0&quot;,&quot;title&quot;:&quot;&quot;,&quot;orientation&quot;:&quot;0&quot;}\" data-image-title=\"photo_2020-04-29_10-43-32_copy_800x799\" data-image-description=\"\" data-image-caption=\"\" data-large-file=\"https:\/\/www.hoymercedes.com.ar\/principal\/wp-content\/uploads\/2020\/05\/photo_2020-04-29_10-43-32_copy_800x799.jpg\" src=\"https:\/\/www.hoymercedes.com.ar\/principal\/wp-content\/uploads\/2020\/05\/photo_2020-04-29_10-43-32_copy_800x799.jpg\" alt=\"\" class=\"wp-image-110236\"\/><\/figure><\/div>\n","protected":false},"excerpt":{"rendered":"<p>La cuarentena declarada debido a la pandemia del COVID-19 estableci\u00f3 en nuestro pa\u00eds el aislamiento social, preventivo y obligatorio. Pero &#8230; <a title=\"Consejos: recomendaciones para usar el tapabocas\" class=\"read-more\" href=\"https:\/\/www.hoymercedes.com.ar\/principal\/2020\/05\/04\/consejos-recomendaciones-para-usar-el-tapabocas\/\" aria-label=\"Leer m\u00e1s sobre Consejos: recomendaciones para usar el tapabocas\">Leer m\u00e1s<\/a><\/p>\n","protected":false},"author":1,"featured_media":110236,"comment_status":"closed","ping_status":"open","sticky":false,"template":"","format":"standard","meta":{"_monsterinsights_skip_tracking":false,"_monsterinsights_sitenote_active":false,"_monsterinsights_sitenote_note":"","_monsterinsights_sitenote_category":0,"jetpack_post_was_ever_published":false,"_jetpack_newsletter_access":"","_jetpack_dont_email_post_to_subs":false,"_jetpack_newsletter_tier_id":0,"_jetpack_memberships_contains_paywalled_content":false,"_jetpack_memberships_contains_paid_content":false,"footnotes":"","jetpack_publicize_message":"","jetpack_publicize_feature_enabled":true,"jetpack_social_post_already_shared":true,"jetpack_social_options":{"image_generator_settings":{"template":"highway","default_image_id":0,"font":"","enabled":false},"version":2},"_wpas_customize_per_network":false},"categories":[30],"tags":[13476,244,16495],"class_list":["post-110233","post","type-post","status-publish","format-standard","has-post-thumbnail","hentry","category-municipio","tag-consejos","tag-municipio-2","tag-tapabocas","generate-columns","tablet-grid-50","mobile-grid-100","grid-parent","grid-50"],"jetpack_publicize_connections":[],"jetpack_featured_media_url":"https:\/\/www.hoymercedes.com.ar\/principal\/wp-content\/uploads\/2020\/05\/photo_2020-04-29_10-43-32_copy_800x799.jpg","wps_subtitle":"","jetpack_sharing_enabled":true,"_links":{"self":[{"href":"https:\/\/www.hoymercedes.com.ar\/principal\/wp-json\/wp\/v2\/posts\/110233","targetHints":{"allow":["GET"]}}],"collection":[{"href":"https:\/\/www.hoymercedes.com.ar\/principal\/wp-json\/wp\/v2\/posts"}],"about":[{"href":"https:\/\/www.hoymercedes.com.ar\/principal\/wp-json\/wp\/v2\/types\/post"}],"author":[{"embeddable":true,"href":"https:\/\/www.hoymercedes.com.ar\/principal\/wp-json\/wp\/v2\/users\/1"}],"replies":[{"embeddable":true,"href":"https:\/\/www.hoymercedes.com.ar\/principal\/wp-json\/wp\/v2\/comments?post=110233"}],"version-history":[{"count":0,"href":"https:\/\/www.hoymercedes.com.ar\/principal\/wp-json\/wp\/v2\/posts\/110233\/revisions"}],"wp:featuredmedia":[{"embeddable":true,"href":"https:\/\/www.hoymercedes.com.ar\/principal\/wp-json\/wp\/v2\/media\/110236"}],"wp:attachment":[{"href":"https:\/\/www.hoymercedes.com.ar\/principal\/wp-json\/wp\/v2\/media?parent=110233"}],"wp:term":[{"taxonomy":"category","embeddable":true,"href":"https:\/\/www.hoymercedes.com.ar\/principal\/wp-json\/wp\/v2\/categories?post=110233"},{"taxonomy":"post_tag","embeddable":true,"href":"https:\/\/www.hoymercedes.com.ar\/principal\/wp-json\/wp\/v2\/tags?post=110233"}],"curies":[{"name":"wp","href":"https:\/\/api.w.org\/{rel}","templated":true}]}}