{"id":110242,"date":"2020-05-04T21:27:46","date_gmt":"2020-05-05T00:27:46","guid":{"rendered":"http:\/\/www.hoymercedes.com.ar\/principal\/?p=110242"},"modified":"2020-05-04T22:05:16","modified_gmt":"2020-05-05T01:05:16","slug":"chavez-se-esta-trabajando-para-que-este-dia-miercoles-haya-una-sesion-extraordinaria","status":"publish","type":"post","link":"https:\/\/www.hoymercedes.com.ar\/principal\/2020\/05\/04\/chavez-se-esta-trabajando-para-que-este-dia-miercoles-haya-una-sesion-extraordinaria\/","title":{"rendered":"Chav\u00e9z \u201cse est\u00e1 trabajando para que este d\u00eda mi\u00e9rcoles haya una sesi\u00f3n extraordinaria\u201d"},"content":{"rendered":"\n<p>Luego de un periodo de inactividad debido a la declaraci\u00f3n de la pandemia del COVID-19, se confirm\u00f3 para este mi\u00e9rcoles 6 de mayo, la realizaci\u00f3n de una sesi\u00f3n extraordinaria en el Concejo Deliberante local. El pedido de la misma fue efectuado por el bloque Juntos por el Cambio el viernes \u00faltimo.<\/p>\n\n\n\n<p>Ante esta sesi\u00f3n extraordinaria, la concejal Aldana Ch\u00e1vez, referente del Movimiento Evita, qui\u00e9n se encuentra dentro del espacio Frente de Todos, se\u00f1al\u00f3 \u201cse est\u00e1 trabajando para que este d\u00eda mi\u00e9rcoles haya una sesi\u00f3n extraordinaria\u201d y apunt\u00f3 \u201cno ven\u00edamos sesionando por cuestiones de cuidado luego de lo que fue la declaraci\u00f3n de la cuarentena\u201d.<\/p>\n\n\n\n<p>\u201cSe viene evaluando la posibilidad de tratar diferentes temas y estamos trabajando para el desarrollo de esta sesi\u00f3n extraordinaria que se realizar\u00e1 en los pr\u00f3ximos d\u00edas\u201d expres\u00f3 Ch\u00e1vez y agreg\u00f3 \u201csiempre estamos a disposici\u00f3n, pero teniendo en cuenta los cuidados necesarios en esta pandemia\u201d.<\/p>\n\n\n\n<p>Asimismo, la concejal afirm\u00f3 \u201cla funci\u00f3n que estamos llevando adelante hoy como concejales, desde el Frente de Todos, si bien no es mediante de una sesi\u00f3n, es a trav\u00e9s de diferentes acciones y tareas para los que m\u00e1s lo necesitan\u201d y en este sentido a\u00f1adi\u00f3 \u201ccomo as\u00ed tambi\u00e9n ayudando a las diferentes \u00e1reas del municipio que todos los d\u00edas est\u00e1n trabajando para brindar una mano a las familias de nuestra ciudad\u201d.<\/p>\n\n\n\n<p>Conjuntamente, Ch\u00e1vez subray\u00f3 \u201cla labor de ayudar a los vecinos de forma activa siento que es primordial, aunque claro, si el requerimiento es el de sesionar, all\u00ed estaremos\u201d &nbsp;<\/p>\n","protected":false},"excerpt":{"rendered":"<p>Luego de un periodo de inactividad debido a la declaraci\u00f3n de la pandemia del COVID-19, se confirm\u00f3 para este mi\u00e9rcoles &#8230; <a title=\"Chav\u00e9z \u201cse est\u00e1 trabajando para que este d\u00eda mi\u00e9rcoles haya una sesi\u00f3n extraordinaria\u201d\" class=\"read-more\" href=\"https:\/\/www.hoymercedes.com.ar\/principal\/2020\/05\/04\/chavez-se-esta-trabajando-para-que-este-dia-miercoles-haya-una-sesion-extraordinaria\/\" aria-label=\"Leer m\u00e1s sobre Chav\u00e9z \u201cse est\u00e1 trabajando para que este d\u00eda mi\u00e9rcoles haya una sesi\u00f3n extraordinaria\u201d\">Leer m\u00e1s<\/a><\/p>\n","protected":false},"author":1,"featured_media":110243,"comment_status":"closed","ping_status":"open","sticky":false,"template":"","format":"standard","meta":{"_monsterinsights_skip_tracking":false,"_monsterinsights_sitenote_active":false,"_monsterinsights_sitenote_note":"","_monsterinsights_sitenote_category":0,"jetpack_post_was_ever_published":false,"_jetpack_newsletter_access":"","_jetpack_dont_email_post_to_subs":false,"_jetpack_newsletter_tier_id":0,"_jetpack_memberships_contains_paywalled_content":false,"_jetpack_memberships_contains_paid_content":false,"footnotes":"","jetpack_publicize_message":"","jetpack_publicize_feature_enabled":true,"jetpack_social_post_already_shared":true,"jetpack_social_options":{"image_generator_settings":{"template":"highway","default_image_id":0,"font":"","enabled":false},"version":2},"_wpas_customize_per_network":false},"categories":[5],"tags":[11715,236,15,9095],"class_list":["post-110242","post","type-post","status-publish","format-standard","has-post-thumbnail","hentry","category-politica","tag-aldana-chavez","tag-concejo-deliberante","tag-hcd","tag-sesion","generate-columns","tablet-grid-50","mobile-grid-100","grid-parent","grid-50"],"jetpack_publicize_connections":[],"jetpack_featured_media_url":"https:\/\/www.hoymercedes.com.ar\/principal\/wp-content\/uploads\/2020\/05\/AldanaChavez-Concejal.jpg","wps_subtitle":"Labor legislativa","jetpack_sharing_enabled":true,"_links":{"self":[{"href":"https:\/\/www.hoymercedes.com.ar\/principal\/wp-json\/wp\/v2\/posts\/110242","targetHints":{"allow":["GET"]}}],"collection":[{"href":"https:\/\/www.hoymercedes.com.ar\/principal\/wp-json\/wp\/v2\/posts"}],"about":[{"href":"https:\/\/www.hoymercedes.com.ar\/principal\/wp-json\/wp\/v2\/types\/post"}],"author":[{"embeddable":true,"href":"https:\/\/www.hoymercedes.com.ar\/principal\/wp-json\/wp\/v2\/users\/1"}],"replies":[{"embeddable":true,"href":"https:\/\/www.hoymercedes.com.ar\/principal\/wp-json\/wp\/v2\/comments?post=110242"}],"version-history":[{"count":0,"href":"https:\/\/www.hoymercedes.com.ar\/principal\/wp-json\/wp\/v2\/posts\/110242\/revisions"}],"wp:featuredmedia":[{"embeddable":true,"href":"https:\/\/www.hoymercedes.com.ar\/principal\/wp-json\/wp\/v2\/media\/110243"}],"wp:attachment":[{"href":"https:\/\/www.hoymercedes.com.ar\/principal\/wp-json\/wp\/v2\/media?parent=110242"}],"wp:term":[{"taxonomy":"category","embeddable":true,"href":"https:\/\/www.hoymercedes.com.ar\/principal\/wp-json\/wp\/v2\/categories?post=110242"},{"taxonomy":"post_tag","embeddable":true,"href":"https:\/\/www.hoymercedes.com.ar\/principal\/wp-json\/wp\/v2\/tags?post=110242"}],"curies":[{"name":"wp","href":"https:\/\/api.w.org\/{rel}","templated":true}]}}