{"id":110313,"date":"2020-05-06T15:54:17","date_gmt":"2020-05-06T18:54:17","guid":{"rendered":"http:\/\/www.hoymercedes.com.ar\/principal\/?p=110313"},"modified":"2020-05-06T16:22:48","modified_gmt":"2020-05-06T19:22:48","slug":"francisco-viola-se-quedo-con-la-primera-fecha-del-ajedrez-virtual","status":"publish","type":"post","link":"https:\/\/www.hoymercedes.com.ar\/principal\/2020\/05\/06\/francisco-viola-se-quedo-con-la-primera-fecha-del-ajedrez-virtual\/","title":{"rendered":"Francisco Viola se qued\u00f3 con la primera fecha del ajedrez virtual"},"content":{"rendered":"\n<p>A trav\u00e9s de la Universidad de Lomas de Zamora se est\u00e1 realizando un torneo de ajedrez virtual y en la primera jornada del torneo el mercedino Francisco Viola result\u00f3 ser el ganador de un torneo que tiene 25 participantes, ganando 6 de las 7 partidas disputadas, sumando un total de 25 puntos.<\/p>\n\n\n\n<figure class=\"wp-block-image size-large\"><img loading=\"lazy\" decoding=\"async\" width=\"2048\" height=\"1155\" data-attachment-id=\"110320\" data-permalink=\"https:\/\/www.hoymercedes.com.ar\/principal\/2020\/05\/06\/francisco-viola-se-quedo-con-la-primera-fecha-del-ajedrez-virtual\/francisco-viola-2\/#main\" data-orig-file=\"https:\/\/www.hoymercedes.com.ar\/principal\/wp-content\/uploads\/2020\/05\/Francisco-Viola.jpg\" data-orig-size=\"2048,1155\" data-comments-opened=\"0\" data-image-meta=\"{&quot;aperture&quot;:&quot;0&quot;,&quot;credit&quot;:&quot;&quot;,&quot;camera&quot;:&quot;&quot;,&quot;caption&quot;:&quot;&quot;,&quot;created_timestamp&quot;:&quot;0&quot;,&quot;copyright&quot;:&quot;&quot;,&quot;focal_length&quot;:&quot;0&quot;,&quot;iso&quot;:&quot;0&quot;,&quot;shutter_speed&quot;:&quot;0&quot;,&quot;title&quot;:&quot;&quot;,&quot;orientation&quot;:&quot;0&quot;}\" data-image-title=\"Francisco-Viola\" data-image-description=\"\" data-image-caption=\"\" data-large-file=\"https:\/\/www.hoymercedes.com.ar\/principal\/wp-content\/uploads\/2020\/05\/Francisco-Viola.jpg\" src=\"https:\/\/www.hoymercedes.com.ar\/principal\/wp-content\/uploads\/2020\/05\/Francisco-Viola.jpg\" alt=\"\" class=\"wp-image-110320\"\/><\/figure>\n\n\n\n<p>El ajedrez virtual es una modalidad que se viene experimentando hace un tiempo y en \u00e9poca de cuarentena es bueno aprovechar todo tipo de plataforma para que pueda continuar en disputa el deporte ciencia.<\/p>\n\n\n\n<p>Este torneo es para estudiantes y profesores y se disputa en d\u00edas s\u00e1bados. El 2 de mayo fue la primera fecha y est\u00e1 previsto realizar m\u00e1s jornadas hasta finales del venidero mes de junio, siempre los s\u00e1bados.<\/p>\n","protected":false},"excerpt":{"rendered":"<p>A trav\u00e9s de la Universidad de Lomas de Zamora se est\u00e1 realizando un torneo de ajedrez virtual y en la &#8230; <a title=\"Francisco Viola se qued\u00f3 con la primera fecha del ajedrez virtual\" class=\"read-more\" href=\"https:\/\/www.hoymercedes.com.ar\/principal\/2020\/05\/06\/francisco-viola-se-quedo-con-la-primera-fecha-del-ajedrez-virtual\/\" aria-label=\"Leer m\u00e1s sobre Francisco Viola se qued\u00f3 con la primera fecha del ajedrez virtual\">Leer m\u00e1s<\/a><\/p>\n","protected":false},"author":1,"featured_media":110320,"comment_status":"closed","ping_status":"open","sticky":false,"template":"","format":"standard","meta":{"_monsterinsights_skip_tracking":false,"_monsterinsights_sitenote_active":false,"_monsterinsights_sitenote_note":"","_monsterinsights_sitenote_category":0,"jetpack_post_was_ever_published":false,"_jetpack_newsletter_access":"","_jetpack_dont_email_post_to_subs":false,"_jetpack_newsletter_tier_id":0,"_jetpack_memberships_contains_paywalled_content":false,"_jetpack_memberships_contains_paid_content":false,"footnotes":"","jetpack_publicize_message":"","jetpack_publicize_feature_enabled":true,"jetpack_social_post_already_shared":true,"jetpack_social_options":{"image_generator_settings":{"template":"highway","default_image_id":0,"font":"","enabled":false},"version":2},"_wpas_customize_per_network":false},"categories":[21],"tags":[9871,204,15550],"class_list":["post-110313","post","type-post","status-publish","format-standard","has-post-thumbnail","hentry","category-deportes","tag-ajedrez","tag-deportes-2","tag-francisco-viola","generate-columns","tablet-grid-50","mobile-grid-100","grid-parent","grid-50"],"jetpack_publicize_connections":[],"jetpack_featured_media_url":"https:\/\/www.hoymercedes.com.ar\/principal\/wp-content\/uploads\/2020\/05\/Francisco-Viola.jpg","wps_subtitle":"Ajedrez","jetpack_sharing_enabled":true,"_links":{"self":[{"href":"https:\/\/www.hoymercedes.com.ar\/principal\/wp-json\/wp\/v2\/posts\/110313","targetHints":{"allow":["GET"]}}],"collection":[{"href":"https:\/\/www.hoymercedes.com.ar\/principal\/wp-json\/wp\/v2\/posts"}],"about":[{"href":"https:\/\/www.hoymercedes.com.ar\/principal\/wp-json\/wp\/v2\/types\/post"}],"author":[{"embeddable":true,"href":"https:\/\/www.hoymercedes.com.ar\/principal\/wp-json\/wp\/v2\/users\/1"}],"replies":[{"embeddable":true,"href":"https:\/\/www.hoymercedes.com.ar\/principal\/wp-json\/wp\/v2\/comments?post=110313"}],"version-history":[{"count":0,"href":"https:\/\/www.hoymercedes.com.ar\/principal\/wp-json\/wp\/v2\/posts\/110313\/revisions"}],"wp:featuredmedia":[{"embeddable":true,"href":"https:\/\/www.hoymercedes.com.ar\/principal\/wp-json\/wp\/v2\/media\/110320"}],"wp:attachment":[{"href":"https:\/\/www.hoymercedes.com.ar\/principal\/wp-json\/wp\/v2\/media?parent=110313"}],"wp:term":[{"taxonomy":"category","embeddable":true,"href":"https:\/\/www.hoymercedes.com.ar\/principal\/wp-json\/wp\/v2\/categories?post=110313"},{"taxonomy":"post_tag","embeddable":true,"href":"https:\/\/www.hoymercedes.com.ar\/principal\/wp-json\/wp\/v2\/tags?post=110313"}],"curies":[{"name":"wp","href":"https:\/\/api.w.org\/{rel}","templated":true}]}}