{"id":110319,"date":"2020-05-06T16:56:00","date_gmt":"2020-05-06T19:56:00","guid":{"rendered":"http:\/\/www.hoymercedes.com.ar\/principal\/?p=110319"},"modified":"2020-05-06T16:21:06","modified_gmt":"2020-05-06T19:21:06","slug":"jubilados-docentes-bonaerenses-preocupados-por-el-ips-y-una-posible-fusion-con-anses","status":"publish","type":"post","link":"https:\/\/www.hoymercedes.com.ar\/principal\/2020\/05\/06\/jubilados-docentes-bonaerenses-preocupados-por-el-ips-y-una-posible-fusion-con-anses\/","title":{"rendered":"Jubilados docentes bonaerenses preocupados por el IPS y un convenio con ANSES"},"content":{"rendered":"\n<p>Bajo el lema \u00abEl IPS no se toca\u00bb, los docentes de la provincia, especialmente los jubilados, expresan su preocupaci\u00f3n tras la publicaci\u00f3n del <a rel=\"noreferrer noopener\" href=\"https:\/\/normas.gba.gob.ar\/documentos\/xa9JDZt3.pdf\" target=\"_blank\">Decreto Provincial 261\/2020<\/a> que establece un \u00abconvenio bilateral de financiamiento\u00bb entre ANSES y la provincia de Buenos Aires que se suscribi\u00f3 a mediados de abril en el marco del estado de emergencia por el coronavirus. <\/p>\n\n\n\n<p>\u00abNos preocupa las consecuencias que pudieran existir con respecto a nuestro Instituto de la Previsi\u00f3n Social. Desde la FEB nos vimos obligados a pelear por nuestro IPS en 2004, en 2008 y nuevamente en 2015 y 2016. Nos opusimos a la ley de reparaci\u00f3n hist\u00f3rica en tanto esta ley avanzaba en la armonizaci\u00f3n de las Cajas Jubilatorias Provinciales con ANSES\u00bb, expresan desde la UEB Mercedes. <\/p>\n\n\n\n<p>\u00abNos opusimos a cualquier cambio que pudieran realizar sobre nuestra ley jubilatoria. Nuestra jubilaci\u00f3n no es de privilegio ya que nosotros realizamos un aporte de 16%\u00bb agregan y comparten las palabras de la titular de la FEB. <\/p>\n\n\n\n<p>Por su parte, la jubilada docente, ex dirigente de la UEB Mercedes, Carmen Gioscio, destac\u00f3 que el IPS deber\u00e1 mantener su independencia y no adherirse al ANSES, ya que se perder\u00e1n distintos beneficios que tienen los jubilados de IPS, incluyendo la posibilidad de jubilarse promediando los cincuenta a\u00f1os. Adem\u00e1s, marc\u00f3 que las decisiones deben tomarse con los representantes de los jubilados del IPS y no de manera unilateral. <\/p>\n\n\n\n<p>Por su parte, Nora Biaggio, referente de Tribuna Docente dentro de SUTEBA, la l\u00ednea opositora a la dirigencia actual, Jubilada Docente tambi\u00e9n, expres\u00f3: \u00abLa Asociaci\u00f3n por la Defensa del Sistema Previsional Bonaerense denuncia en enero del 2020, que Vidal mont\u00f3, de la mano de la Ley de Reparaci\u00f3n Hist\u00f3rica del macrismo -votada por el peronismo-, una serie de anomal\u00edas y da\u00f1os patrimoniales consistentes en la \u201capropiaci\u00f3n de la totalidad de los recursos del IPS por parte del Estado provincial a trav\u00e9s del ingreso de esos fondos en la cuenta Obligaciones del Tesoro, dependientes del Ministerio de Econom\u00eda\u201d. Denuncian que \u201cTodos los recursos se concentraron en Tesorer\u00eda General y no ingresaron al IPS, en los presupuestos 2018 y 2019, incluyendo la eliminaci\u00f3n total de las letras previsionales de Tesorer\u00eda, que rend\u00edan intereses por m\u00e1s de 14 mil millones de pesos, alcanzando al cierre del ejercicio 2016, a trav\u00e9s de maniobras ilegales de las autoridades del IPS, como de Contadur\u00eda de la Provincia\u201d, recuerda Baggio y cita las publicaciones provinciales sobre el tema.<\/p>\n\n\n\n<p>\u00abAnte el brutal d\u00e9ficit producido no por disminuci\u00f3n de trabajadores ni de aportes, sino por el manejo delictuoso de los fondos, van preparando el terreno para liquidar la caja provincial y justificar el pase a ANSES, como establece la Ley de Solidaridad Previsional, cuyo nuevo paso de robo a las jubilaciones est\u00e1 pautado para junio. Pasar las cajas provinciales a la ANSES significa que se quedan de un plumazo con los aportes, mientras anulan todas las conquistas jubilatorias, aumentando la edad y llevando los haberes paulatinamente a la m\u00ednima a trav\u00e9s de los ajustes por decreto, desvinculando la jubilaci\u00f3n de toda movilidad ligada al porcentaje del sueldo y a los aumentos a los activos\u00bb, agrega la dirigente de izquierda. <\/p>\n\n\n\n<p>\u00abPara enmascarar este derrotero Kicillof y Sant\u00edn presentaron un \u201cPlan de reestructuraci\u00f3n del IPS\u201d. Consiste en suspender las jubilaciones de oficio, promover que los docentes, estatales y los aportantes al IPS \u201cdilaten\u201d por 5 a\u00f1os sus tr\u00e1mites jubilatorios, cuando est\u00e1n retrasando los tr\u00e1mites desde el propio IPS, incluso antes de la cuarentena. Plantean pasar a planta temporaria \u00a1temporaria! de la administraci\u00f3n provincial a los 50.000 estatales contratados como monotributistas que aportan a la ANSES, con lo que tendr\u00edan esos aportes en el IPS, m\u00e1s los 20.000 nuevos docentes. Kicillof y su gobierno aceptan, legalizan y cargan sobre los trabajadores el d\u00e9ficit del IPS. Siguen metiendo la mano en los fondos jubilatorios, us\u00e1ndolos para manejos del Tesoro, mientras abonan el terreno para llevar a\u00a0 la armonizaci\u00f3n con ANSES. Hoy se plantea organizar el reclamo por la defensa incondicional del IPS, de la edad jubilatoria y de la movilidad, contra la liquidaci\u00f3n de esta y de las dem\u00e1s cajas provinciales. En defensa de los reg\u00edmenes especiales, como el docente, por el cual se aporta el 16% del sueldo. Por la apertura de las cuentas del IPS, la investigaci\u00f3n del destino de sus fondos y su recuperaci\u00f3n. Por la direcci\u00f3n y control en manos de trabajadores y jubilados\u00bb, resalta la docente jubilada de Tribuna Docente.<\/p>\n","protected":false},"excerpt":{"rendered":"<p>Bajo el lema \u00abEl IPS no se toca\u00bb, los docentes de la provincia, especialmente los jubilados, expresan su preocupaci\u00f3n tras &#8230; <a title=\"Jubilados docentes bonaerenses preocupados por el IPS y un convenio con ANSES\" class=\"read-more\" href=\"https:\/\/www.hoymercedes.com.ar\/principal\/2020\/05\/06\/jubilados-docentes-bonaerenses-preocupados-por-el-ips-y-una-posible-fusion-con-anses\/\" aria-label=\"Leer m\u00e1s sobre Jubilados docentes bonaerenses preocupados por el IPS y un convenio con ANSES\">Leer m\u00e1s<\/a><\/p>\n","protected":false},"author":1,"featured_media":110325,"comment_status":"closed","ping_status":"open","sticky":false,"template":"","format":"standard","meta":{"_monsterinsights_skip_tracking":false,"_monsterinsights_sitenote_active":false,"_monsterinsights_sitenote_note":"","_monsterinsights_sitenote_category":0,"jetpack_post_was_ever_published":false,"_jetpack_newsletter_access":"","_jetpack_dont_email_post_to_subs":false,"_jetpack_newsletter_tier_id":0,"_jetpack_memberships_contains_paywalled_content":false,"_jetpack_memberships_contains_paid_content":false,"footnotes":"","jetpack_publicize_message":"","jetpack_publicize_feature_enabled":true,"jetpack_social_post_already_shared":true,"jetpack_social_options":{"image_generator_settings":{"template":"highway","default_image_id":0,"font":"","enabled":false},"version":2},"_wpas_customize_per_network":false},"categories":[10563],"tags":[4,484,8799,7007,7944],"class_list":["post-110319","post","type-post","status-publish","format-standard","has-post-thumbnail","hentry","category-gremios-sindicatos","tag-anses","tag-docentes","tag-gremios","tag-ips","tag-jubilados","generate-columns","tablet-grid-50","mobile-grid-100","grid-parent","grid-50"],"jetpack_publicize_connections":[],"jetpack_featured_media_url":"https:\/\/www.hoymercedes.com.ar\/principal\/wp-content\/uploads\/2020\/05\/06-docentes-bonaeres.jpeg","wps_subtitle":"Caja previsional provincia","jetpack_sharing_enabled":true,"_links":{"self":[{"href":"https:\/\/www.hoymercedes.com.ar\/principal\/wp-json\/wp\/v2\/posts\/110319","targetHints":{"allow":["GET"]}}],"collection":[{"href":"https:\/\/www.hoymercedes.com.ar\/principal\/wp-json\/wp\/v2\/posts"}],"about":[{"href":"https:\/\/www.hoymercedes.com.ar\/principal\/wp-json\/wp\/v2\/types\/post"}],"author":[{"embeddable":true,"href":"https:\/\/www.hoymercedes.com.ar\/principal\/wp-json\/wp\/v2\/users\/1"}],"replies":[{"embeddable":true,"href":"https:\/\/www.hoymercedes.com.ar\/principal\/wp-json\/wp\/v2\/comments?post=110319"}],"version-history":[{"count":0,"href":"https:\/\/www.hoymercedes.com.ar\/principal\/wp-json\/wp\/v2\/posts\/110319\/revisions"}],"wp:featuredmedia":[{"embeddable":true,"href":"https:\/\/www.hoymercedes.com.ar\/principal\/wp-json\/wp\/v2\/media\/110325"}],"wp:attachment":[{"href":"https:\/\/www.hoymercedes.com.ar\/principal\/wp-json\/wp\/v2\/media?parent=110319"}],"wp:term":[{"taxonomy":"category","embeddable":true,"href":"https:\/\/www.hoymercedes.com.ar\/principal\/wp-json\/wp\/v2\/categories?post=110319"},{"taxonomy":"post_tag","embeddable":true,"href":"https:\/\/www.hoymercedes.com.ar\/principal\/wp-json\/wp\/v2\/tags?post=110319"}],"curies":[{"name":"wp","href":"https:\/\/api.w.org\/{rel}","templated":true}]}}