{"id":11034,"date":"2012-02-17T17:53:40","date_gmt":"2012-02-17T17:53:40","guid":{"rendered":"http:\/\/www.hoymercedes.com.ar\/principal\/?p=11034"},"modified":"2012-02-17T17:53:40","modified_gmt":"2012-02-17T17:53:40","slug":"juventud-peronista-prepara-las-i-jornada-reflexion-juvenil-ciudadana-mercedes-2012","status":"publish","type":"post","link":"https:\/\/www.hoymercedes.com.ar\/principal\/2012\/02\/17\/juventud-peronista-prepara-las-i-jornada-reflexion-juvenil-ciudadana-mercedes-2012\/","title":{"rendered":"Juventud peronista prepara las \u00abI Jornada Reflexi\u00f3n Juvenil Ciudadana, Mercedes 2012\u00bb"},"content":{"rendered":"<p>La Juventud Peronista de la Agrupaci\u00f3n \u201c17 de Octubre\u201d, que tiene como m\u00e1ximo l\u00edder al intendente Carlos Selva, ya tiene confirmado para el segundo s\u00e1bado de marzo una jornada de reflexi\u00f3n y debate, tomando como punto de partida \u201c\u00bfqu\u00e9 ciudad queremos?\u201d.<\/p>\n<p>Esta jornada, dirigida puntualmente a los j\u00f3venes, tiene como finalidad canalizar ideas, inquietudes y vivencias que puedan ser tomadas por el Poder Ejecutivo como uno de los ejes para llevar adelante la gesti\u00f3n municipal en los pr\u00f3ximos a\u00f1os de mandato. \u201cSe realizar\u00e1 una jornada de trabajo en donde se convoca a los J\u00d3VENES para que debatan en torno a la ciudad que quieren. La misma se organizar\u00e1 con la formaci\u00f3n de Comisiones que traten diversas \u00e1reas del municipio y con distintos temas en cada una de ellas\u201d\u2026 La convocatoria se dirige espec\u00edficamente a los j\u00f3venes, pero \u201cpara la formaci\u00f3n de las Comisiones se contar\u00e1 con personas que se desenvuelven en dichas \u00e1reas en su vida cotidiana, para tener un punto de vista m\u00e1s que aporte a las inquietudes que puedan llegar a surgir\u2026\u201d afirman desde las huestes selvistas.<\/p>\n<p>Desde la Juventud Peronista aclaran, adem\u00e1s, que \u201csi bien la organizaci\u00f3n de la jornada tiene car\u00e1cter partidario, la participaci\u00f3n es abierta a todos los j\u00f3venes de Mercedes que tengan ganas de participar\u201d.<\/p>\n<p>La jornada se extender\u00eda desde las diez de la ma\u00f1ana hasta primeras horas de la tarde. Del cierre participar\u00e1n los funcionarios y el Intendente municipal, que ser\u00e1n quienes reciban de manera directa las inquietudes que hayan surgido de cada una de las comisiones. \u201cEs una forma de aportar una visi\u00f3n de la juventud sobre las \u00e1reas de la gesti\u00f3n de gobierno\u201d, aseguran.<\/p>\n<p>Este importante momento de reflexi\u00f3n se llevar\u00e1 adelante, seguramente, en la sede del Instituto Mart\u00edn Rodr\u00edguez, algo que se estar\u00eda confirmando en los pr\u00f3ximos d\u00edas.<\/p>\n<p><span style=\"color: #888888;\">Fuente: J\u00f3venes 17 Octubre<\/span><\/p>\n","protected":false},"excerpt":{"rendered":"<p>La Juventud Peronista de la Agrupaci\u00f3n \u201c17 de Octubre\u201d, que tiene como m\u00e1ximo l\u00edder al intendente Carlos Selva, ya tiene &#8230; <a title=\"Juventud peronista prepara las \u00abI Jornada Reflexi\u00f3n Juvenil Ciudadana, Mercedes 2012\u00bb\" class=\"read-more\" href=\"https:\/\/www.hoymercedes.com.ar\/principal\/2012\/02\/17\/juventud-peronista-prepara-las-i-jornada-reflexion-juvenil-ciudadana-mercedes-2012\/\" aria-label=\"Leer m\u00e1s sobre Juventud peronista prepara las \u00abI Jornada Reflexi\u00f3n Juvenil Ciudadana, Mercedes 2012\u00bb\">Leer m\u00e1s<\/a><\/p>\n","protected":false},"author":1,"featured_media":0,"comment_status":"open","ping_status":"open","sticky":false,"template":"","format":"standard","meta":{"_monsterinsights_skip_tracking":false,"_monsterinsights_sitenote_active":false,"_monsterinsights_sitenote_note":"","_monsterinsights_sitenote_category":0,"jetpack_post_was_ever_published":false,"_jetpack_newsletter_access":"","_jetpack_dont_email_post_to_subs":false,"_jetpack_newsletter_tier_id":0,"_jetpack_memberships_contains_paywalled_content":false,"_jetpack_memberships_contains_paid_content":false,"footnotes":"","jetpack_publicize_message":"","jetpack_publicize_feature_enabled":true,"jetpack_social_post_already_shared":false,"jetpack_social_options":{"image_generator_settings":{"template":"highway","default_image_id":0,"font":"","enabled":false},"version":2},"_wpas_customize_per_network":false},"categories":[5],"tags":[1887,1134,10],"class_list":["post-11034","post","type-post","status-publish","format-standard","hentry","category-politica","tag-jornadas-reflexion-ciuddana","tag-juventud-peronista","tag-mercedes","generate-columns","tablet-grid-50","mobile-grid-100","grid-parent","grid-50"],"jetpack_publicize_connections":[],"jetpack_featured_media_url":"","wps_subtitle":"","jetpack_sharing_enabled":true,"_links":{"self":[{"href":"https:\/\/www.hoymercedes.com.ar\/principal\/wp-json\/wp\/v2\/posts\/11034","targetHints":{"allow":["GET"]}}],"collection":[{"href":"https:\/\/www.hoymercedes.com.ar\/principal\/wp-json\/wp\/v2\/posts"}],"about":[{"href":"https:\/\/www.hoymercedes.com.ar\/principal\/wp-json\/wp\/v2\/types\/post"}],"author":[{"embeddable":true,"href":"https:\/\/www.hoymercedes.com.ar\/principal\/wp-json\/wp\/v2\/users\/1"}],"replies":[{"embeddable":true,"href":"https:\/\/www.hoymercedes.com.ar\/principal\/wp-json\/wp\/v2\/comments?post=11034"}],"version-history":[{"count":0,"href":"https:\/\/www.hoymercedes.com.ar\/principal\/wp-json\/wp\/v2\/posts\/11034\/revisions"}],"wp:attachment":[{"href":"https:\/\/www.hoymercedes.com.ar\/principal\/wp-json\/wp\/v2\/media?parent=11034"}],"wp:term":[{"taxonomy":"category","embeddable":true,"href":"https:\/\/www.hoymercedes.com.ar\/principal\/wp-json\/wp\/v2\/categories?post=11034"},{"taxonomy":"post_tag","embeddable":true,"href":"https:\/\/www.hoymercedes.com.ar\/principal\/wp-json\/wp\/v2\/tags?post=11034"}],"curies":[{"name":"wp","href":"https:\/\/api.w.org\/{rel}","templated":true}]}}