{"id":110417,"date":"2020-05-08T16:32:49","date_gmt":"2020-05-08T19:32:49","guid":{"rendered":"http:\/\/www.hoymercedes.com.ar\/principal\/?p=110417"},"modified":"2020-05-08T16:43:56","modified_gmt":"2020-05-08T19:43:56","slug":"varios-proyectos-para-una-proxima-sesion-del-hcd","status":"publish","type":"post","link":"https:\/\/www.hoymercedes.com.ar\/principal\/2020\/05\/08\/varios-proyectos-para-una-proxima-sesion-del-hcd\/","title":{"rendered":"Varios proyectos para una pr\u00f3xima sesi\u00f3n del HCD"},"content":{"rendered":"\n<p>El bloque de Juntos por el Cambio dieron a conocer cinco proyectos para ser presentados ante la secretar\u00eda del Concejo Deliberante con el fin de ser tratados en una pr\u00f3xima sesi\u00f3n que a\u00fan no tiene fecha. Algunos de los proyectos fueron presentados formalmente y anticipados verbalmente para cumplimentarse lo antes posible. <\/p>\n\n\n\n<p>Entre la propuestas presentadas, el bloque Juntos por el Cambio present\u00f3 una propuesta para ser tratada durante la venidera sesi\u00f3n, la idea de instalar en las esquinas del casco urbano \u00abbolsones de arpillera pl\u00e1stica reutilizables para el dep\u00f3sito exclusivos de hojas recolectas por el servicio de barrido y\/o vecinos\u00bb, entre los meses de marzo y agosto. Adem\u00e1s, proponen que esas hojas se utilicen \u00abpara relleno o para la elaboraci\u00f3n de compost destin\u00e1ndolo al vivero municipal, a huerta org\u00e1nica y\/o al programa o uso que el Ejecutivo determine conveniente destinar\u00bb.<\/p>\n\n\n\n<p>Otro de los proyectos informados p\u00fablicamente, es una resoluci\u00f3n que le propone al Ejecutivo, evaluar \u00abla bonificaci\u00f3n del 100% y por 180 d\u00edas corridos a partir de la aplicaci\u00f3n de la medida, de los intereses, recargos y multas previstas en la norma fiscal e impositiva vigente, por el pago fuera de termino de los tributos municipales comprendidos en los t\u00edtulos consignados en la Ordenanza Fiscal e Impositiva\u00bb y que analice \u00absuspender el inicio y prosecuci\u00f3n de juicios de apremios y\/o ejecutivos por falta de pago de tributos municipales, por 180 d\u00edas, y que sean prorrogados los plazos consignados mientras se extienda la pandemia\u00bb.<\/p>\n\n\n\n<p>Asimismo, y en el marco de la cuarentena, solicitaron al Ejecutivo que se solicite autorizaci\u00f3n a la provincia para que los vecinos de Mercedes puedan ejercitar y esparcirse \u00abdurante una hora diaria, en el horario comprendido entre las 10 a 15 hs., guardando las normas y recomendaciones de cuidado sanitario, impuestas por la situaci\u00f3n sanitaria que nos encontramos atravesando. Int\u00e9rpretese, uso de barbijo, distanciamiento social, uso de sanitizante (soluci\u00f3n de alcohol y agua), uso de alcohol en gel y la higiene de manos frecuente y especialmente al momento del regreso a casa. Teniendo un cronograma semanal de acuerdo a las terminaciones de los DNI, como regulador de la misma\u00bb.<\/p>\n\n\n\n<p><\/p>\n","protected":false},"excerpt":{"rendered":"<p>El bloque de Juntos por el Cambio dieron a conocer cinco proyectos para ser presentados ante la secretar\u00eda del Concejo &#8230; <a title=\"Varios proyectos para una pr\u00f3xima sesi\u00f3n del HCD\" class=\"read-more\" href=\"https:\/\/www.hoymercedes.com.ar\/principal\/2020\/05\/08\/varios-proyectos-para-una-proxima-sesion-del-hcd\/\" aria-label=\"Leer m\u00e1s sobre Varios proyectos para una pr\u00f3xima sesi\u00f3n del HCD\">Leer m\u00e1s<\/a><\/p>\n","protected":false},"author":1,"featured_media":108859,"comment_status":"closed","ping_status":"open","sticky":false,"template":"","format":"standard","meta":{"_monsterinsights_skip_tracking":false,"_monsterinsights_sitenote_active":false,"_monsterinsights_sitenote_note":"","_monsterinsights_sitenote_category":0,"jetpack_post_was_ever_published":false,"_jetpack_newsletter_access":"","_jetpack_dont_email_post_to_subs":false,"_jetpack_newsletter_tier_id":0,"_jetpack_memberships_contains_paywalled_content":false,"_jetpack_memberships_contains_paid_content":false,"footnotes":"","jetpack_publicize_message":"","jetpack_publicize_feature_enabled":true,"jetpack_social_post_already_shared":true,"jetpack_social_options":{"image_generator_settings":{"template":"highway","default_image_id":0,"font":"","enabled":false},"version":2},"_wpas_customize_per_network":false},"categories":[5],"tags":[8993,15,15365,5319],"class_list":["post-110417","post","type-post","status-publish","format-standard","has-post-thumbnail","hentry","category-politica","tag-concejales","tag-hcd","tag-juntos-por-el-cambio","tag-politica-2","generate-columns","tablet-grid-50","mobile-grid-100","grid-parent","grid-50"],"jetpack_publicize_connections":[],"jetpack_featured_media_url":"https:\/\/www.hoymercedes.com.ar\/principal\/wp-content\/uploads\/2020\/04\/02-bloque-juntos-x-cambio.jpg","wps_subtitle":"Para trabajar en el recinto","jetpack_sharing_enabled":true,"_links":{"self":[{"href":"https:\/\/www.hoymercedes.com.ar\/principal\/wp-json\/wp\/v2\/posts\/110417","targetHints":{"allow":["GET"]}}],"collection":[{"href":"https:\/\/www.hoymercedes.com.ar\/principal\/wp-json\/wp\/v2\/posts"}],"about":[{"href":"https:\/\/www.hoymercedes.com.ar\/principal\/wp-json\/wp\/v2\/types\/post"}],"author":[{"embeddable":true,"href":"https:\/\/www.hoymercedes.com.ar\/principal\/wp-json\/wp\/v2\/users\/1"}],"replies":[{"embeddable":true,"href":"https:\/\/www.hoymercedes.com.ar\/principal\/wp-json\/wp\/v2\/comments?post=110417"}],"version-history":[{"count":0,"href":"https:\/\/www.hoymercedes.com.ar\/principal\/wp-json\/wp\/v2\/posts\/110417\/revisions"}],"wp:featuredmedia":[{"embeddable":true,"href":"https:\/\/www.hoymercedes.com.ar\/principal\/wp-json\/wp\/v2\/media\/108859"}],"wp:attachment":[{"href":"https:\/\/www.hoymercedes.com.ar\/principal\/wp-json\/wp\/v2\/media?parent=110417"}],"wp:term":[{"taxonomy":"category","embeddable":true,"href":"https:\/\/www.hoymercedes.com.ar\/principal\/wp-json\/wp\/v2\/categories?post=110417"},{"taxonomy":"post_tag","embeddable":true,"href":"https:\/\/www.hoymercedes.com.ar\/principal\/wp-json\/wp\/v2\/tags?post=110417"}],"curies":[{"name":"wp","href":"https:\/\/api.w.org\/{rel}","templated":true}]}}