{"id":110449,"date":"2020-05-09T14:30:44","date_gmt":"2020-05-09T17:30:44","guid":{"rendered":"http:\/\/www.hoymercedes.com.ar\/principal\/?p=110449"},"modified":"2020-05-10T20:13:59","modified_gmt":"2020-05-10T23:13:59","slug":"docentes-en-defensa-de-nuestra-salud-y-las-condiciones-laborales","status":"publish","type":"post","link":"https:\/\/www.hoymercedes.com.ar\/principal\/2020\/05\/09\/docentes-en-defensa-de-nuestra-salud-y-las-condiciones-laborales\/","title":{"rendered":"Docentes en defensa de nuestra salud y las condiciones laborales\u00bb"},"content":{"rendered":"\n<p>A trav\u00e9s de una comunicaci\u00f3n enviada a los medios de comunicaci\u00f3n de la ciudad, Tribuna Docente Mercedes, dentro del Partido Obrero Mercedes expresa su postura y opini\u00f3n ante la situaci\u00f3n laboral actual en el \u00e1mbito educativo. Resaltan las carencias tecnol\u00f3gicas, la sobrecarga laboral de los docentes en horario extendido y utilizando sus propios medios y la falta de cargos: <\/p>\n\n\n\n<p>\u00abDesde el inicio de la pandemia, nuestras actividades docentes se vieron acrecentadas enormemente. Los docentes venimos realizando un curso acelerado en tecnolog\u00eda, aprendiendo sobre plataformas, aplicaciones, programas \u00a0etc. <br>Nuestra tarea pedag\u00f3gica-did\u00e1ctica ahora se ve atravesada por la urgente necesidad de conocimientos tecnol\u00f3gicos y condiciones laborales, que en muchos casos no se cumplen.<br>Dada la situaci\u00f3n excepcional de la pandemia ahora se hace visible para toda la comunidad educativa las carencias tecnol\u00f3gicas tanto para los docentes como para los estudiantes y sus familias las condiciones en que muchos trabajadores deben trabajar. <br>A todo lo antes mencionado se le suma una serie de tareas \u00a0administrativas que es una sobrecarga sobre el trabajo docente, esto porque, como venimos denunciando desde hace a\u00f1os, faltan en las escuelas: preceptores, directivos, equipo de orientaci\u00f3n, EMATP, etc. Y son los docentes quienes venimos tapando esos baches. <br>\u00bfAcaso estamos \u00a0frente a una \u00a0situaci\u00f3n normal de ense\u00f1anza-aprendizaje? \u00a0\u00a1De ninguna manera! La Pandemia vino a trastocar todas las relaciones establecidas en la sociedad y la escuela no escapa a ello. <br>No puede exigirse los tiempos acotados de presentaci\u00f3n de tareas administrativas como si no pasara nada. <br>Los tiempos que marcan desde la Direcci\u00f3n de Educaci\u00f3n, \u00a0someten a una presi\u00f3n \u00a0a la comunidad docente, lo que se \u00a0busca es esconder a trav\u00e9s de \u00e9ste apresuramiento \u00a0los d\u00e9ficits de la estructura educativa: falta de insumos, poca conectividad de los estudiantes, precarizaci\u00f3n de laboral, polifuncionalidad, etc.<br>A medida que pasan los d\u00edas, las consecuencias de \u00e9sta nueva forma de trabajo se empiezan a notar, ya hay compa\u00f1eros que presentan problemas de salud relacionados con el ritmo laboral que estamos llevando, con las largas horas frente a la pantalla, corrigiendo, planificando, en clases virtuales, etc. <br>De hecho hay extensi\u00f3n de la jornada laboral, ya que atendemos desde nuestro celular a toda hora, sin respeto de la franja horaria laboral.<br>Es por esto que reclamamos:<br>* Basta de presiones sobre nuestro trabajo.<br>* Inmediata cobertura de los miles de cargos vacantes en la provincia, con compa\u00f1eros que est\u00e1n sin horas (preceptores, EMATP, Gabinetes, etc)<br>* \u00a0Suspensi\u00f3n de todo tipo de mesas y ex\u00e1menes, que se retomen al retorno a las escuelas.<\/p>\n","protected":false},"excerpt":{"rendered":"<p>A trav\u00e9s de una comunicaci\u00f3n enviada a los medios de comunicaci\u00f3n de la ciudad, Tribuna Docente Mercedes, dentro del Partido &#8230; <a title=\"Docentes en defensa de nuestra salud y las condiciones laborales\u00bb\" class=\"read-more\" href=\"https:\/\/www.hoymercedes.com.ar\/principal\/2020\/05\/09\/docentes-en-defensa-de-nuestra-salud-y-las-condiciones-laborales\/\" aria-label=\"Leer m\u00e1s sobre Docentes en defensa de nuestra salud y las condiciones laborales\u00bb\">Leer m\u00e1s<\/a><\/p>\n","protected":false},"author":1,"featured_media":62659,"comment_status":"closed","ping_status":"open","sticky":false,"template":"","format":"standard","meta":{"_monsterinsights_skip_tracking":false,"_monsterinsights_sitenote_active":false,"_monsterinsights_sitenote_note":"","_monsterinsights_sitenote_category":0,"jetpack_post_was_ever_published":false,"_jetpack_newsletter_access":"","_jetpack_dont_email_post_to_subs":false,"_jetpack_newsletter_tier_id":0,"_jetpack_memberships_contains_paywalled_content":false,"_jetpack_memberships_contains_paid_content":false,"footnotes":"","jetpack_publicize_message":"","jetpack_publicize_feature_enabled":true,"jetpack_social_post_already_shared":true,"jetpack_social_options":{"image_generator_settings":{"template":"highway","default_image_id":0,"font":"","enabled":false},"version":2},"_wpas_customize_per_network":false},"categories":[10563],"tags":[47,1045,5319,1443,4783],"class_list":["post-110449","post","type-post","status-publish","format-standard","has-post-thumbnail","hentry","category-gremios-sindicatos","tag-educacion-2","tag-partido-obrero","tag-politica-2","tag-sindicatos","tag-tribuna-docente","generate-columns","tablet-grid-50","mobile-grid-100","grid-parent","grid-50"],"jetpack_publicize_connections":[],"jetpack_featured_media_url":"https:\/\/www.hoymercedes.com.ar\/principal\/wp-content\/uploads\/2017\/05\/12-tribuna-docente.jpg","wps_subtitle":"Tribuna Docente","jetpack_sharing_enabled":true,"_links":{"self":[{"href":"https:\/\/www.hoymercedes.com.ar\/principal\/wp-json\/wp\/v2\/posts\/110449","targetHints":{"allow":["GET"]}}],"collection":[{"href":"https:\/\/www.hoymercedes.com.ar\/principal\/wp-json\/wp\/v2\/posts"}],"about":[{"href":"https:\/\/www.hoymercedes.com.ar\/principal\/wp-json\/wp\/v2\/types\/post"}],"author":[{"embeddable":true,"href":"https:\/\/www.hoymercedes.com.ar\/principal\/wp-json\/wp\/v2\/users\/1"}],"replies":[{"embeddable":true,"href":"https:\/\/www.hoymercedes.com.ar\/principal\/wp-json\/wp\/v2\/comments?post=110449"}],"version-history":[{"count":0,"href":"https:\/\/www.hoymercedes.com.ar\/principal\/wp-json\/wp\/v2\/posts\/110449\/revisions"}],"wp:featuredmedia":[{"embeddable":true,"href":"https:\/\/www.hoymercedes.com.ar\/principal\/wp-json\/wp\/v2\/media\/62659"}],"wp:attachment":[{"href":"https:\/\/www.hoymercedes.com.ar\/principal\/wp-json\/wp\/v2\/media?parent=110449"}],"wp:term":[{"taxonomy":"category","embeddable":true,"href":"https:\/\/www.hoymercedes.com.ar\/principal\/wp-json\/wp\/v2\/categories?post=110449"},{"taxonomy":"post_tag","embeddable":true,"href":"https:\/\/www.hoymercedes.com.ar\/principal\/wp-json\/wp\/v2\/tags?post=110449"}],"curies":[{"name":"wp","href":"https:\/\/api.w.org\/{rel}","templated":true}]}}