{"id":110461,"date":"2020-05-09T20:16:14","date_gmt":"2020-05-09T23:16:14","guid":{"rendered":"http:\/\/www.hoymercedes.com.ar\/principal\/?p=110461"},"modified":"2020-05-10T20:12:31","modified_gmt":"2020-05-10T23:12:31","slug":"balance-positivo-para-los-comerciantes-que-reabrieron-la-atencion-al-publico-cara-a-cara","status":"publish","type":"post","link":"https:\/\/www.hoymercedes.com.ar\/principal\/2020\/05\/09\/balance-positivo-para-los-comerciantes-que-reabrieron-la-atencion-al-publico-cara-a-cara\/","title":{"rendered":"Balance positivo para los comerciantes que reabrieron la atenci\u00f3n al p\u00fablico \u201ccara a cara\u201d"},"content":{"rendered":"\n<p>En el marco de una cuarentena controlada, y teniendo en cuenta que Mercedes est\u00e1 en la \u201cfase 4\u201d*, pero a pocos kil\u00f3metros de la regi\u00f3n AMBA*, esta semana, el Municipio autoriz\u00f3 la apertura de comercios de rubros no esenciales en d\u00edas y horarios especiales. Desde el lunes pudieron hacerlo durante la semana, s\u00f3lo de tarde, y luego se confirm\u00f3 la posibilidad de abrir el s\u00e1bado en un horario determinado seg\u00fan el rubro.<\/p>\n\n\n\n<figure class=\"wp-block-image size-large\"><img loading=\"lazy\" decoding=\"async\" width=\"800\" height=\"533\" data-attachment-id=\"110463\" data-permalink=\"https:\/\/www.hoymercedes.com.ar\/principal\/2020\/05\/09\/balance-positivo-para-los-comerciantes-que-reabrieron-la-atencion-al-publico-cara-a-cara\/09-comercios-2\/#main\" data-orig-file=\"https:\/\/www.hoymercedes.com.ar\/principal\/wp-content\/uploads\/2020\/05\/09-comercios-2.jpg\" data-orig-size=\"800,533\" data-comments-opened=\"0\" data-image-meta=\"{&quot;aperture&quot;:&quot;0&quot;,&quot;credit&quot;:&quot;&quot;,&quot;camera&quot;:&quot;&quot;,&quot;caption&quot;:&quot;&quot;,&quot;created_timestamp&quot;:&quot;0&quot;,&quot;copyright&quot;:&quot;&quot;,&quot;focal_length&quot;:&quot;0&quot;,&quot;iso&quot;:&quot;0&quot;,&quot;shutter_speed&quot;:&quot;0&quot;,&quot;title&quot;:&quot;&quot;,&quot;orientation&quot;:&quot;0&quot;}\" data-image-title=\"09-comercios-2\" data-image-description=\"\" data-image-caption=\"\" data-large-file=\"https:\/\/www.hoymercedes.com.ar\/principal\/wp-content\/uploads\/2020\/05\/09-comercios-2.jpg\" src=\"https:\/\/www.hoymercedes.com.ar\/principal\/wp-content\/uploads\/2020\/05\/09-comercios-2.jpg\" alt=\"\" class=\"wp-image-110463\"\/><\/figure>\n\n\n\n<p>Con protocolos especiales, entonces, los negocios de venta de indumentaria, calzados, art\u00edculos deportivos, bazares, jugueter\u00edas, electrodom\u00e9sticos, etc. pudieron abrir sus puertas y atender al p\u00fablico despu\u00e9s de cuarenta y cinco d\u00edas. Un par de semanas atr\u00e1s, hab\u00edan comenzado a vender por internet y tel\u00e9fono y a entregar a domicilio los productos, pero \u201cno es lo mismo\u201d.<\/p>\n\n\n\n<p>La posibilidad de abrir las puertas y volver a vender \u201ccara a cara\u201d para muchos comerciantes fue un gran alivio y para los clientes tambi\u00e9n que aprovecharon los d\u00edas de apertura para ir a comprar ropa, zapatillas, juguetes, y alg\u00fan que otro electrodom\u00e9stico. Gente esperando afuera, haciendo cola para ser atendidos y con tapaboca pudo verse durante la semana de 15 a 18 horas.<\/p>\n\n\n\n<p>Por protocolo municipal, la atenci\u00f3n ten\u00eda que ser r\u00e1pida, ingresando una o dos personas por vez al comercio, limpi\u00e1ndose las manos con alcohol en gel al ingreso, con pocas posibilidades de probarse la ropa en el comercio y brindando los datos personales al salir del comercio. Muy buena respuesta por parte de los clientes. Muy buen balance por parte de los comerciantes. &nbsp;<\/p>\n\n\n\n<p>\u201cEn nuestro caso, que abrimos martes y viernes por la tarde, nos vino muy bien porque vino mucha gente. Fue muy buena la repercusi\u00f3n. La gente se toma muy bien las medidas de prevenci\u00f3n\u201d, dijo Nadia Peinado de Puntos Cardinales a lo que agreg\u00f3 \u201csoy partidaria de que no hay que abrir todos los d\u00edas, pero s\u00ed est\u00e1 bien que sea de tarde. Si vamos bien, creo que nos dejar\u00e1n abrir unos d\u00edas m\u00e1s de tarde\u201d.<\/p>\n\n\n\n<p>Por su parte, Adri\u00e1n Marenco de Peperina expres\u00f3 su alegr\u00eda con la apertura permitida a los comercios. \u201cEs muy bueno el balance de esta semana. La gente, en l\u00edneas generales, muy respetuosa, muy educada. Nosotros tenemos mucha carteler\u00eda, respetamos todos los protocolos. Entre los comerciantes tambi\u00e9n nos cuidamos y no nos salimos de estas reglas, porque desde el Municipio fueron muy claros y si hacemos las cosas mal, ponen marcha atr\u00e1s y es lo \u00faltimo que queremos. La idea nuestra, como socio de la C\u00e1mara, es poder tener m\u00e1s reuniones y generar m\u00e1s d\u00edas y horarios de apertura, para que los clientes puedan venir con m\u00e1s tiempo\u201d.<\/p>\n\n\n\n<figure class=\"wp-block-image size-large\"><img loading=\"lazy\" decoding=\"async\" width=\"800\" height=\"533\" data-attachment-id=\"110463\" data-permalink=\"https:\/\/www.hoymercedes.com.ar\/principal\/2020\/05\/09\/balance-positivo-para-los-comerciantes-que-reabrieron-la-atencion-al-publico-cara-a-cara\/09-comercios-2\/#main\" data-orig-file=\"https:\/\/www.hoymercedes.com.ar\/principal\/wp-content\/uploads\/2020\/05\/09-comercios-2.jpg\" data-orig-size=\"800,533\" data-comments-opened=\"0\" data-image-meta=\"{&quot;aperture&quot;:&quot;0&quot;,&quot;credit&quot;:&quot;&quot;,&quot;camera&quot;:&quot;&quot;,&quot;caption&quot;:&quot;&quot;,&quot;created_timestamp&quot;:&quot;0&quot;,&quot;copyright&quot;:&quot;&quot;,&quot;focal_length&quot;:&quot;0&quot;,&quot;iso&quot;:&quot;0&quot;,&quot;shutter_speed&quot;:&quot;0&quot;,&quot;title&quot;:&quot;&quot;,&quot;orientation&quot;:&quot;0&quot;}\" data-image-title=\"09-comercios-2\" data-image-description=\"\" data-image-caption=\"\" data-large-file=\"https:\/\/www.hoymercedes.com.ar\/principal\/wp-content\/uploads\/2020\/05\/09-comercios-2.jpg\" src=\"https:\/\/www.hoymercedes.com.ar\/principal\/wp-content\/uploads\/2020\/05\/09-comercios-2.jpg\" alt=\"\" class=\"wp-image-110463\"\/><\/figure>\n\n\n\n<p>En las \u00faltimas horas de la tarde del viernes se confirm\u00f3 que los negocios pod\u00edan abrir el s\u00e1bado a la ma\u00f1ana. El movimiento en ese horario no fue el esperado por los comercios y algunos de ellos propusieron que ser\u00eda mejor que la apertura de comercios sea de tarde tambi\u00e9n para los d\u00edas s\u00e1bados, ya que vieron que los clientes empezaron a aparecer despu\u00e9s de las 11. \u201cSe vio gente que iban a los negocios a cambiar ropa de los m\u00e1s chicos, pero en general poca gente el s\u00e1bado a la ma\u00f1ana. Parecer\u00eda que los clientes se acostumbraron a despertarse tarde. No hubo nadie el s\u00e1bado a la ma\u00f1ana\u201d, comentaron Nadia y Adri\u00e1n entre risas.<\/p>\n\n\n\n<p>Tambi\u00e9n pudo verse largas colas de vecinos en los negocios de electrodom\u00e9sticos que est\u00e1n habilitados para atender al p\u00fablico s\u00f3lo los d\u00edas lunes y mi\u00e9rcoles de 15 a 18 horas. Estas colas principalmente fueron para cancelar deudas. El horario acotado complic\u00f3 a vecinos y comercios, pero fueron varios los que entendieron que pod\u00edan comprar a trav\u00e9s de internet y hacerse presente s\u00f3lo a retirar la mercader\u00eda.<\/p>\n\n\n\n<p>En los protocolos establecidos por el Municipio, se les pide a los comerciantes que hagan un relevamiento de datos de sus clientes. El objetivo es que si aparece alg\u00fan caso positivo en la ciudad, podes rastrear los posibles contactos que tuvo en caso de haber asistido a alg\u00fan comercio. En l\u00edneas generales, los clientes entienden esta necesidad y brindan la informaci\u00f3n sin mayores inconvenientes. Obviamente, preguntan los motivos, pero acceden. Otros, no lo entienden y se retiran o dudan a la hora de brindar ese tipo de informaci\u00f3n que el comerciante s\u00f3lo entregar\u00e1 en caso de que aparezca alg\u00fan caso positivo y pueda haber estado en su negocio.<\/p>\n\n\n\n<p><em>Por Clarisa Altieri para Hoy Mercedes<\/em><\/p>\n\n\n\n<p>*NdR: La fase 4 implica una reapertura progresiva del aislamiento obligatorio decretado por el gobierno nacional el 20 de marzo pasado.\u00a0 Esta fase se da principalmente por tener un tiempo de \u201cduplicaci\u00f3n de los casos\u201d de m\u00e1s de 25 d\u00edas, que en el caso de Mercedes al tener un solo caso positivo que fue dado de alta a finales de marzo, supera esos d\u00edas. Adem\u00e1s la fase 4 permite una movilidad de la poblaci\u00f3n de hasta el 75%. <br>Cabe destacar que en la fase 3 est\u00e1 la regi\u00f3n AMBA, esta incluye la Ciudad de Buenos Aires y Gran Buenos Aires hasta Luj\u00e1n como parte del tercer cord\u00f3n del conurbano que tiene confirmado 22 casos de COVID-19.<\/p>\n\n\n\n<p><\/p>\n","protected":false},"excerpt":{"rendered":"<p>En el marco de una cuarentena controlada, y teniendo en cuenta que Mercedes est\u00e1 en la \u201cfase 4\u201d*, pero a &#8230; <a title=\"Balance positivo para los comerciantes que reabrieron la atenci\u00f3n al p\u00fablico \u201ccara a cara\u201d\" class=\"read-more\" href=\"https:\/\/www.hoymercedes.com.ar\/principal\/2020\/05\/09\/balance-positivo-para-los-comerciantes-que-reabrieron-la-atencion-al-publico-cara-a-cara\/\" aria-label=\"Leer m\u00e1s sobre Balance positivo para los comerciantes que reabrieron la atenci\u00f3n al p\u00fablico \u201ccara a cara\u201d\">Leer m\u00e1s<\/a><\/p>\n","protected":false},"author":1,"featured_media":110462,"comment_status":"closed","ping_status":"open","sticky":false,"template":"","format":"standard","meta":{"_monsterinsights_skip_tracking":false,"_monsterinsights_sitenote_active":false,"_monsterinsights_sitenote_note":"","_monsterinsights_sitenote_category":0,"jetpack_post_was_ever_published":false,"_jetpack_newsletter_access":"","_jetpack_dont_email_post_to_subs":false,"_jetpack_newsletter_tier_id":0,"_jetpack_memberships_contains_paywalled_content":false,"_jetpack_memberships_contains_paid_content":false,"footnotes":"","jetpack_publicize_message":"","jetpack_publicize_feature_enabled":true,"jetpack_social_post_already_shared":true,"jetpack_social_options":{"image_generator_settings":{"template":"highway","default_image_id":0,"font":"","enabled":false},"version":2},"_wpas_customize_per_network":false},"categories":[8],"tags":[16351,13069,8786,11364],"class_list":["post-110461","post","type-post","status-publish","format-standard","has-post-thumbnail","hentry","category-sociedad","tag-aislamiento-obligatorio","tag-comercios","tag-economia","tag-reapertura","generate-columns","tablet-grid-50","mobile-grid-100","grid-parent","grid-50"],"jetpack_publicize_connections":[],"jetpack_featured_media_url":"https:\/\/www.hoymercedes.com.ar\/principal\/wp-content\/uploads\/2020\/05\/09-comercios-1.jpg","wps_subtitle":"Tres d\u00edas de la semana","jetpack_sharing_enabled":true,"_links":{"self":[{"href":"https:\/\/www.hoymercedes.com.ar\/principal\/wp-json\/wp\/v2\/posts\/110461","targetHints":{"allow":["GET"]}}],"collection":[{"href":"https:\/\/www.hoymercedes.com.ar\/principal\/wp-json\/wp\/v2\/posts"}],"about":[{"href":"https:\/\/www.hoymercedes.com.ar\/principal\/wp-json\/wp\/v2\/types\/post"}],"author":[{"embeddable":true,"href":"https:\/\/www.hoymercedes.com.ar\/principal\/wp-json\/wp\/v2\/users\/1"}],"replies":[{"embeddable":true,"href":"https:\/\/www.hoymercedes.com.ar\/principal\/wp-json\/wp\/v2\/comments?post=110461"}],"version-history":[{"count":0,"href":"https:\/\/www.hoymercedes.com.ar\/principal\/wp-json\/wp\/v2\/posts\/110461\/revisions"}],"wp:featuredmedia":[{"embeddable":true,"href":"https:\/\/www.hoymercedes.com.ar\/principal\/wp-json\/wp\/v2\/media\/110462"}],"wp:attachment":[{"href":"https:\/\/www.hoymercedes.com.ar\/principal\/wp-json\/wp\/v2\/media?parent=110461"}],"wp:term":[{"taxonomy":"category","embeddable":true,"href":"https:\/\/www.hoymercedes.com.ar\/principal\/wp-json\/wp\/v2\/categories?post=110461"},{"taxonomy":"post_tag","embeddable":true,"href":"https:\/\/www.hoymercedes.com.ar\/principal\/wp-json\/wp\/v2\/tags?post=110461"}],"curies":[{"name":"wp","href":"https:\/\/api.w.org\/{rel}","templated":true}]}}