{"id":110465,"date":"2020-05-09T18:19:00","date_gmt":"2020-05-09T21:19:00","guid":{"rendered":"http:\/\/www.hoymercedes.com.ar\/principal\/?p=110465"},"modified":"2020-05-10T20:12:56","modified_gmt":"2020-05-10T23:12:56","slug":"jovenes-aprehendidos-por-el-robo-de-una-moto","status":"publish","type":"post","link":"https:\/\/www.hoymercedes.com.ar\/principal\/2020\/05\/09\/jovenes-aprehendidos-por-el-robo-de-una-moto\/","title":{"rendered":"J\u00f3venes aprehendidos por el robo de una moto"},"content":{"rendered":"\n<p>En las primeras horas del jueves \u00faltimo, tras un llamado al 911 personal del Comando Patrulla Luj\u00e1n se acerc\u00f3 a una direcci\u00f3n de la misma localidad donde se hab\u00eda observado a dos sujetos llevando \u201cde tiro\u201d un motoveh\u00edculo de color negro. <\/p>\n\n\n\n<p>Tras una recorrida por la zona, y con los datos f\u00edsicos y de vestimenta aportados, identificaron a los sospechosos que al observar la presencia policial, arrojaron el rodado e intentaron darse a la fuga. <\/p>\n\n\n\n<p>De inmediato fueron reducidos e identificados dando intervenci\u00f3n a Unidad Funcional de Instrucci\u00f3n N\u00ba 9 Descentralizada Luj\u00e1n del Departamento Judicial Mercedes, a cargo de la Dra. Mariana Su\u00e1rez.<\/p>\n\n\n\n<p>Por el delito de \u201cRobo calificado de veh\u00edculo dejado en la v\u00eda p\u00fablica y por la participaci\u00f3n de un menor en calidad de coautor\u201d un sujeto de 18 a\u00f1os compareci\u00f3 ante la fiscal a cargo en el marco de la audiencia de declaraci\u00f3n en los t\u00e9rminos del art. 308 del C\u00f3digo Procesal Penal el mismo jueves.<\/p>\n\n\n\n<p>Vale destacar que el propietario del motoveh\u00edculo se hizo presente en la Comisar\u00eda y reconoci\u00f3 el rodado.<\/p>\n\n\n\n<p>En tanto, por el menor, se dio intervenci\u00f3n a la Unidad Funcional de Instrucci\u00f3n y Juicio N\u00b0 8, de Menores.<\/p>\n\n\n\n<p><strong><em>Un detenido por robo agravado<\/em><\/strong><\/p>\n\n\n\n<p>Por un hecho de robo ocurrido en octubre del a\u00f1o pasado, un sujeto de 28 a\u00f1os ten\u00eda un pedido de captura en su haber. Esta semana, la Polic\u00eda de la localidad de Luj\u00e1n logr\u00f3 individualizarlo y proceder a su detenci\u00f3n.<\/p>\n\n\n\n<p>El hecho investigado, estaba a cargo de la Unidad Funcional de Instrucci\u00f3n N.\u00ba 9 y en la jornada de este s\u00e1bado, el imputado compareci\u00f3 ante la fiscal a cargo \u2013 dra. Mariana Su\u00e1rez &#8211; en el marco de la audiencia de declaraci\u00f3n en los t\u00e9rminos del art. 308 del C\u00f3digo Procesal Penal por el delito de \u201cRobo simple agravado por la participaci\u00f3n de un menor de 18 a\u00f1os de edad\u201d.<\/p>\n\n\n\n<p>Seg\u00fan se pudo constatar, el 19 de octubre de 2019 en horas de la madrugada, un vecino de la localidad de Luj\u00e1n se encontraba en el frente de su vivienda cuando pasaron por el lugar dos sujetos caminando.<\/p>\n\n\n\n<p>Uno de ellos, el ahora detenido, utiliz\u00f3 un ardid para tener conversaci\u00f3n y al acercarse lo tom\u00f3 violentamente de su brazo para ingresar violentamente a la propiedad. All\u00ed la v\u00edctima fue agredida f\u00edsicamente mientras sustra\u00edan varias pertenencias. La v\u00edctima logr\u00f3 escapar y los autores del hecho se dieron a la fuga.<\/p>\n","protected":false},"excerpt":{"rendered":"<p>En las primeras horas del jueves \u00faltimo, tras un llamado al 911 personal del Comando Patrulla Luj\u00e1n se acerc\u00f3 a &#8230; <a title=\"J\u00f3venes aprehendidos por el robo de una moto\" class=\"read-more\" href=\"https:\/\/www.hoymercedes.com.ar\/principal\/2020\/05\/09\/jovenes-aprehendidos-por-el-robo-de-una-moto\/\" aria-label=\"Leer m\u00e1s sobre J\u00f3venes aprehendidos por el robo de una moto\">Leer m\u00e1s<\/a><\/p>\n","protected":false},"author":1,"featured_media":110466,"comment_status":"closed","ping_status":"open","sticky":false,"template":"","format":"standard","meta":{"_monsterinsights_skip_tracking":false,"_monsterinsights_sitenote_active":false,"_monsterinsights_sitenote_note":"","_monsterinsights_sitenote_category":0,"jetpack_post_was_ever_published":false,"_jetpack_newsletter_access":"","_jetpack_dont_email_post_to_subs":false,"_jetpack_newsletter_tier_id":0,"_jetpack_memberships_contains_paywalled_content":false,"_jetpack_memberships_contains_paid_content":false,"footnotes":"","jetpack_publicize_message":"","jetpack_publicize_feature_enabled":true,"jetpack_social_post_already_shared":true,"jetpack_social_options":{"image_generator_settings":{"template":"highway","default_image_id":0,"font":"","enabled":false},"version":2},"_wpas_customize_per_network":false},"categories":[85],"tags":[215,86,96],"class_list":["post-110465","post","type-post","status-publish","format-standard","has-post-thumbnail","hentry","category-policial","tag-detenciones","tag-lujan","tag-policial-2","generate-columns","tablet-grid-50","mobile-grid-100","grid-parent","grid-50"],"jetpack_publicize_connections":[],"jetpack_featured_media_url":"https:\/\/www.hoymercedes.com.ar\/principal\/wp-content\/uploads\/2020\/05\/09-policial-lujanrobo-moto-aprehensi\u00f3n-696x403-1.jpeg","wps_subtitle":"Informaci\u00f3n regional","jetpack_sharing_enabled":true,"_links":{"self":[{"href":"https:\/\/www.hoymercedes.com.ar\/principal\/wp-json\/wp\/v2\/posts\/110465","targetHints":{"allow":["GET"]}}],"collection":[{"href":"https:\/\/www.hoymercedes.com.ar\/principal\/wp-json\/wp\/v2\/posts"}],"about":[{"href":"https:\/\/www.hoymercedes.com.ar\/principal\/wp-json\/wp\/v2\/types\/post"}],"author":[{"embeddable":true,"href":"https:\/\/www.hoymercedes.com.ar\/principal\/wp-json\/wp\/v2\/users\/1"}],"replies":[{"embeddable":true,"href":"https:\/\/www.hoymercedes.com.ar\/principal\/wp-json\/wp\/v2\/comments?post=110465"}],"version-history":[{"count":0,"href":"https:\/\/www.hoymercedes.com.ar\/principal\/wp-json\/wp\/v2\/posts\/110465\/revisions"}],"wp:featuredmedia":[{"embeddable":true,"href":"https:\/\/www.hoymercedes.com.ar\/principal\/wp-json\/wp\/v2\/media\/110466"}],"wp:attachment":[{"href":"https:\/\/www.hoymercedes.com.ar\/principal\/wp-json\/wp\/v2\/media?parent=110465"}],"wp:term":[{"taxonomy":"category","embeddable":true,"href":"https:\/\/www.hoymercedes.com.ar\/principal\/wp-json\/wp\/v2\/categories?post=110465"},{"taxonomy":"post_tag","embeddable":true,"href":"https:\/\/www.hoymercedes.com.ar\/principal\/wp-json\/wp\/v2\/tags?post=110465"}],"curies":[{"name":"wp","href":"https:\/\/api.w.org\/{rel}","templated":true}]}}